{"id":57076,"date":"2020-02-21T09:33:08","date_gmt":"2020-02-21T12:33:08","guid":{"rendered":"https:\/\/catolicanet.net\/wp-cnet\/?p=57076"},"modified":"2020-02-21T09:33:08","modified_gmt":"2020-02-21T12:33:08","slug":"cnbb-planeja-acompanhamento-a-jovens-economistas","status":"publish","type":"post","link":"https:\/\/catolicanet.net\/wp-cnet\/cnbb-planeja-acompanhamento-a-jovens-economistas\/","title":{"rendered":"CNBB planeja acompanhamento a jovens economistas"},"content":{"rendered":"<p style=\"text-align: justify;\">A Confer\u00eancia Nacional dos Bispos do Brasil (CNBB) planeja acompanhar os jovens que v\u00e3o participar do encontro \u201cA Economia de Francisco\u201d, a ser realizado entre os dias 26 e 28 de mar\u00e7o, em Assis, na It\u00e1lia. Durante a reuni\u00e3o do Conselho Episcopal Pastoral (Consep), nesta semana, em Bras\u00edlia (DF), foram partilhadas iniciativas de acompanhamento dos jovens brasileiros que estar\u00e3o no evento a fim de que, ap\u00f3s o retorno, seja dada continuidade nas reflex\u00f5es em \u00e2mbito nacional, al\u00e9m de por em pr\u00e1ticas as indica\u00e7\u00f5es inspiradas no convite do Papa Francisco para \u201crealmar\u201d a economia.<\/p>\n<p style=\"text-align: justify;\">\u201cO modelo econ\u00f4mico vigente est\u00e1 falido. Por isso estamos em comunh\u00e3o com o Papa Francisco no encontro \u2018A Economia de Francisco\u2019, um caminho a ser percorrido nesse primeiro semestre de 2020, porque precisamos encontrar novos caminhos para sonhar o sonho social: ningu\u00e9m do lado de fora. E \u00e9 uma vergonha a Igreja constatar que na sociedade brasileira s\u00e3o muitos os exclu\u00eddos\u201d, afirmou o arcebispo de Belo Horizonte (MG) e presidente da CNBB, dom Walmor Oliveira de Azevedo, em <a href=\"https:\/\/youtu.be\/Qn2yILobArw\">v\u00eddeo com balan\u00e7o das atividades da reuni\u00e3o<\/a> que ocorreu nos dias 18 e 19 de fevereiro, na sede da CNBB.<\/p>\n<p><a href=\"https:\/\/flic.kr\/p\/2iv8DXU\"><img loading=\"lazy\" decoding=\"async\" src=\"https:\/\/live.staticflickr.com\/65535\/49556429478_bec99bd8a7_c.jpg\" alt=\"IMG_8418\" width=\"800\" height=\"449\" \/><\/a><\/p>\n<p style=\"text-align: justify;\">O bispo auxiliar do Rio de Janeiro (RJ) e secret\u00e1rio-geral da CNBB, dom Joel Portella Amado, informa que a Confer\u00eancia faz o acompanhamento das mobiliza\u00e7\u00f5es em v\u00e1rias partes do Brasil e recolher\u00e1 aquilo que for resultado do encontro em Assis: \u201cAtrav\u00e9s das Comiss\u00f5es Episcopais Pastorais de Juventude e de A\u00e7\u00e3o Sociotransformadora, na volta, n\u00f3s vamos ent\u00e3o reunir e come\u00e7ar a conversar para chegar a mais jovens, n\u00e3o deixar, como o pr\u00f3prio sonho do Papa Francisco, que isso se encerre somente no encontro\u201d.<\/p>\n<p style=\"text-align: justify;\">Dom Joel mostrou-se impressionado com os relatos de diversas regi\u00f5es do Brasil quanto ao interesse dos jovens pelo evento sobre economia e o sobre educa\u00e7\u00e3o, que ser\u00e1 em maio: \u201cos jovens foram direto aos organismos que est\u00e3o preparando esses eventos, se inscreveram, estabeleceram contato nas redes sociais, isso \u00e9 um tesouro, \u00e9 uma riqueza\u201d.<\/p>\n<h3 style=\"text-align: justify;\">Articula\u00e7\u00e3o das Comiss\u00f5es Episcopais<\/h3>\n<p style=\"text-align: justify;\">A Comiss\u00e3o Episcopal Pastoral para a Juventude da CNBB est\u00e1 fazendo, inicialmente, um mapeamento dos brasileiros que est\u00e3o inscritos no evento de jovens economistas e empreendedores. Junto com a Comiss\u00e3o Episcopal Pastoral para a A\u00e7\u00e3o Sociotransformadora, pretende favorecer os espa\u00e7os de partilha.<\/p>\n<p style=\"text-align: justify;\">\u201cN\u00f3s estamos em contato para que a gente possa depois reunir esses jovens e, junto com eles, partilharmos as experi\u00eancias e discutirmos formas de difundir as ideias que v\u00e3o estar sendo discutidas em Assis e tamb\u00e9m concretizar muitas ideias nas suas regi\u00f5es conforme seja poss\u00edvel acontecer\u201d, explica a assessora da Comiss\u00e3o para a Juventude, irm\u00e3 Val\u00e9ria Leal.<\/p>\n<p style=\"text-align: justify;\"><img decoding=\"async\" class=\"alignleft\" src=\"https:\/\/francescoeconomy.org\/wp-content\/uploads\/2019\/06\/Logo-EoF2020-tracciato-200x200.png\" \/>Na carta convite para o encontro, o Papa Francisco fala da necessidade de \u201ccorrigir modelos de crescimento incapazes de garantir o respeito ao meio ambiente, a abertura \u00e0 vida, a fam\u00edlia, a igualdade social, a dignidade dos trabalhadores e os direitos das gera\u00e7\u00f5es futuras\u201d.<\/p>\n<p style=\"text-align: justify;\">\n<h3 style=\"text-align: justify;\">Luzes para a 6\u00aa Semana Social Brasileira<\/h3>\n<p style=\"text-align: justify;\">Uma das aplica\u00e7\u00f5es pr\u00e1ticas dos encaminhamentos e sugest\u00f5es que v\u00e3o surgir do evento \u201cA Economia de Francisco\u201d \u00e9 a de dar luzes para a 6\u00aa Semana Social Brasileira, que ter\u00e1 como tema \u201cMutir\u00e3o pela Vida \u2013 por Terra, Teto e Trabalho\u201d e est\u00e1 prevista para ser realizada em 2022. A mobiliza\u00e7\u00e3o socio-eclesial ser\u00e1 aberta no pr\u00f3ximo m\u00eas de abril e deve ser alimentada com as reflex\u00f5es do evento de economistas com uma perspectiva nova, como comentou o bispo de Brejo (MA) e presidente da Comiss\u00e3o Episcopal Pastoral para A\u00e7\u00e3o Sociotransformadora da CNBB, dom Jos\u00e9 Valdeci Santos Mendes, em entrevista \u00e0 Rede Vida:<\/p>\n<blockquote><p>\u201c<em>\u00c9 uma perspectiva nova, \u00e9 muito importante isso, e a prova disso \u00e9 que o Papa Francisco est\u00e1 exatamente convidando pessoas novas, at\u00e9 35 anos, pessoas que tenham experi\u00eancias exitosas, que pensam numa economia diferente, onde leva em considera\u00e7\u00e3o a vida, a casa comum, a ecologia integral, o que \u00e9 muito importante para toda a humanidade. Ent\u00e3o eu acho que \u00e9 um sinal de esperan\u00e7a e n\u00f3s queremos tamb\u00e9m incorporar essas ideias que v\u00e3o vir, exatamente dentro dessa perspectiva da Semana Social Brasileira que n\u00f3s estamos preparando<\/em>\u201d.<\/p><\/blockquote>\n<h3 style=\"text-align: justify;\">Jovens ligados \u00e0 Amaz\u00f4nia<\/h3>\n<p style=\"text-align: justify;\">Um grupo de jovens da Amaz\u00f4nia tamb\u00e9m vai participar do encontro \u201cA Economia de Francisco\u201d. Reunidos pela Repam-Brasil, v\u00e3o acompanhados do coordenador de articula\u00e7\u00e3o da rede, Leon Patrick, que participou de roda de conversas na tarde de ontem sobre o encontro do Papa.<\/p>\n<p style=\"text-align: justify;\">Leon foi um dos expositores no Papo em Rede \u2013 di\u00e1logos que geram transforma\u00e7\u00e3o e resgatou o sentido etimol\u00f3gico do termo economia para ressaltar a necessidade de \u201ccuidar, gestar e governar a casa comum\u201d na perspectiva da promo\u00e7\u00e3o da vida para todos os membros da casa a que a origem grega do termo se refere.<\/p>\n<div class=\"wp-caption alignnone\" style=\"text-align: justify;\"><img loading=\"lazy\" decoding=\"async\" src=\"https:\/\/scontent.frao1-2.fna.fbcdn.net\/v\/t1.0-9\/87156324_865028733932156_6337322810452475904_n.jpg?_nc_cat=101&amp;_nc_sid=a61e81&amp;_nc_ohc=_1OVywgFz0kAX-9eaEU&amp;_nc_ht=scontent.frao1-2.fna&amp;oh=5314834889df0c31a6708e0a5853cf31&amp;oe=5EF93170\" alt=\"A imagem pode conter: 2 pessoas, pessoas sentadas, sapatos e mesa\" width=\"853\" height=\"568\" \/><\/p>\n<p class=\"wp-caption-text\"><em>Foto: REPAM-Brasil\/reprodu\u00e7\u00e3o Facebook<\/em><\/p>\n<\/div>\n<p style=\"text-align: justify;\">\u201cH\u00e1 que se voltar para o cuidado da casa, para os gestos de zelo, compromisso e aten\u00e7\u00e3o para com a casa comum. E nisso, s\u00e3o os pobres da terra, s\u00e3o as comunidades da Amaz\u00f4nia e de outras periferias do mundo que podem nos ensinar\u201d, afirmou Leon. As propostas do evento s\u00e3o, de acordo com Patrick, \u201cpassos para \u2018Realmar\u2019 a economia\u201d, como deseja o Papa Francisco. E colocar alma na economia, continua, \u201csignifica cuidar das rela\u00e7\u00f5es que estabelecemos nessa casa comum\u201d.<\/p>\n","protected":false},"excerpt":{"rendered":"<p>A Confer\u00eancia Nacional dos Bispos do Brasil (CNBB) planeja acompanhar os jovens que v\u00e3o participar do encontro \u201cA Economia de Francisco\u201d, a ser realizado entre os dias 26 e 28 de mar\u00e7o, em Assis, na It\u00e1lia. Durante a reuni\u00e3o do Conselho Episcopal Pastoral (Consep), nesta semana, em Bras\u00edlia (DF), foram partilhadas iniciativas de acompanhamento dos [&hellip;]<\/p>\n","protected":false},"author":1,"featured_media":57077,"comment_status":"open","ping_status":"closed","sticky":false,"template":"","format":"standard","meta":{"footnotes":""},"categories":[7],"tags":[],"class_list":["post-57076","post","type-post","status-publish","format-standard","has-post-thumbnail","hentry","category-cnbb"],"_links":{"self":[{"href":"https:\/\/catolicanet.net\/wp-cnet\/wp-json\/wp\/v2\/posts\/57076","targetHints":{"allow":["GET"]}}],"collection":[{"href":"https:\/\/catolicanet.net\/wp-cnet\/wp-json\/wp\/v2\/posts"}],"about":[{"href":"https:\/\/catolicanet.net\/wp-cnet\/wp-json\/wp\/v2\/types\/post"}],"author":[{"embeddable":true,"href":"https:\/\/catolicanet.net\/wp-cnet\/wp-json\/wp\/v2\/users\/1"}],"replies":[{"embeddable":true,"href":"https:\/\/catolicanet.net\/wp-cnet\/wp-json\/wp\/v2\/comments?post=57076"}],"version-history":[{"count":1,"href":"https:\/\/catolicanet.net\/wp-cnet\/wp-json\/wp\/v2\/posts\/57076\/revisions"}],"predecessor-version":[{"id":57078,"href":"https:\/\/catolicanet.net\/wp-cnet\/wp-json\/wp\/v2\/posts\/57076\/revisions\/57078"}],"wp:featuredmedia":[{"embeddable":true,"href":"https:\/\/catolicanet.net\/wp-cnet\/wp-json\/wp\/v2\/media\/57077"}],"wp:attachment":[{"href":"https:\/\/catolicanet.net\/wp-cnet\/wp-json\/wp\/v2\/media?parent=57076"}],"wp:term":[{"taxonomy":"category","embeddable":true,"href":"https:\/\/catolicanet.net\/wp-cnet\/wp-json\/wp\/v2\/categories?post=57076"},{"taxonomy":"post_tag","embeddable":true,"href":"https:\/\/catolicanet.net\/wp-cnet\/wp-json\/wp\/v2\/tags?post=57076"}],"curies":[{"name":"wp","href":"https:\/\/api.w.org\/{rel}","templated":true}]}}