{"id":5706,"date":"2015-04-07T12:10:57","date_gmt":"2015-04-07T15:10:57","guid":{"rendered":"http:\/\/catolicanet.net\/wp-cnet\/entre-a-cruz-e-a-esperanca\/"},"modified":"2017-04-07T13:25:02","modified_gmt":"2017-04-07T16:25:02","slug":"entre-a-cruz-e-a-esperanca","status":"publish","type":"post","link":"https:\/\/catolicanet.net\/wp-cnet\/entre-a-cruz-e-a-esperanca\/","title":{"rendered":"Entre a Cruz e a Esperan\u00e7a"},"content":{"rendered":"<p style=\"text-align: justify;\"><strong>Folhas de palmeiras, gritos de hosana \u2013 tal como no resto do mundo, o Domingo de Ramos marcou o in\u00edcio da Semana Santa para os cat\u00f3licos do Iraque.<\/strong><\/p>\n<p><img decoding=\"async\" src=\"http:\/\/catolicanet.com.br\/images\/stories\/geral\/crianca15.jpg\" border=\"0\" align=\"right\" \/>Em Malabrwan, uma pequena vila no norte do pa\u00eds, dezenas de crian\u00e7as se juntaram na par\u00f3quia crist\u00e3 cald\u00e9ia levando ramos de palmeiras e de oliveiras para comemorar a entrada de Jesus em Jerusal\u00e9m. Elas ouviram a leitura do Evangelho e cantaram hinos. Alegria e o cora\u00e7\u00e3o leve puderam ser percebidos em seus rostos. Mas n\u00e3o devemos nos enganar \u2013 muitas destas crian\u00e7as viveram (e vivem) tempos muito dif\u00edceis. Elas s\u00e3o refugiadas crist\u00e3s que tiveram de fugir de suas aldeias e cidades no \u00faltimo ver\u00e3o para escapar do terror imposto pela mil\u00edcia mu\u00e7ulmana do &#8220;Estado Isl\u00e2mico&#8221; (EI).<\/p>\n<p>&#8220;O EI \u00e9 um ex\u00e9rcito do dem\u00f4nio&#8221;, comentou o padre Dankbar Issa. &#8220;E os soldados do EI s\u00e3o filhos do dem\u00f4nio. N\u00e3o h\u00e1 outra explica\u00e7\u00e3o para as maldades que eles est\u00e3o fazendo contra o povo&#8221;. Este sacerdote \u00e9 um monge da ordem cald\u00e9ia antoniana. &#8220;Eu nasci e cresci em Mossul. E at\u00e9 junho do ano passado trabalhei l\u00e1 como monge no nosso mosteiro de S\u00e3o Jorge. Por\u00e9m, tal como milhares de outros, tive de fugir da cidade quando o EI a invadiu. Atualmente n\u00e3o h\u00e1 mais crist\u00e3os em Mossul. E o nosso mosteiro foi destru\u00eddo&#8221;.\u00a0 Isto o deixou muito triste. Por\u00e9m o padre Dankbar n\u00e3o quer que se pense que ele est\u00e1 amargurado. &#8220;N\u00f3s crist\u00e3os fomos batizados no sofrimento de Nosso Senhor. Assim, persegui\u00e7\u00e3o \u00e9 algo que devemos esperar. Daqui alguns dias iremos celebrar a P\u00e1scoa. N\u00f3s sabemos que a P\u00e1scoa ser\u00e1 vitoriosa. Ela nos d\u00e1 esperan\u00e7a, apesar de todas as dificuldades\u201d.<\/p>\n<p>E h\u00e1 muitas dificuldades. Dezenas de fam\u00edlias encontraram ref\u00fagio na par\u00f3quia. As pessoas receberam acomoda\u00e7\u00e3o onde havia espa\u00e7o. Algumas vivem agora em escolas. Em cada sala de aula tem uma fam\u00edlia crist\u00e3 vivendo. Em geral, s\u00e3o cinco ou mais pessoas por fam\u00edlia. O povo n\u00e3o est\u00e1 passando fome, afirma o padre Dankbar. Os refugiados tamb\u00e9m receberam roupas. &#8220;Mas eles n\u00e3o tem nenhuma perspectiva para o futuro. E as crian\u00e7as n\u00e3o tem escola. A sua regi\u00e3o natal foi ocupada pelo ex\u00e9rcito do dem\u00f4nio. N\u00e3o se pode prever o que vai acontecer. \u00c9 claro que esta \u00e9 uma grande preocupa\u00e7\u00e3o para eles&#8221;.<\/p>\n<p>Fadil, um jovem pai de fam\u00edlia, veio de Mossul. A cidade hoje \u00e9 a capital do califado do EI. &#8220;N\u00f3s crist\u00e3os devemos sofrer como Cristo sofreu. Isto \u00e9 o que a nossa f\u00e9 nos ensina. Mas tamb\u00e9m nos conforta&#8221;, ele diz. &#8220;A f\u00e9 \u00e9 a \u00fanica coisa que n\u00e3o nos foi tirada. N\u00f3s tivemos que abandonar tudo que t\u00ednhamos em Mossul. Por\u00e9m, Fadil n\u00e3o quer ir embora. &#8220;N\u00f3s n\u00e3o iremos embora do Iraque. Para onde n\u00f3s poder\u00edamos ir? Aqui \u00e9 o nosso lar. N\u00f3s somos daqui&#8221;.<\/p>\n<p>Mas nem todo mundo pensa assim. Por exemplo, a fam\u00edlia de Abdel, de cinco pessoas, origin\u00e1ria de Qaraqosh. Ela era a maior cidade crist\u00e3 do Iraque. Mas est\u00e1 dominada pelo EI desde o in\u00edcio de agosto passado. Abdel e sua fam\u00edlia querem ir embora do Iraque. Eles j\u00e1 ir\u00e3o comemorar a P\u00e1scoa na Jord\u00e2nia. &#8220;\u00c9 claro que n\u00e3o \u00e9 f\u00e1cil deixar nossa p\u00e1tria. Mas n\u00f3s n\u00e3o temos futuro aqui\u201d, diz Abdel.\u00a0 Sua esposa e seus tr\u00eas filhos concordam. &#8220;Desejamos ir para a Austr\u00e1lia e come\u00e7ar uma vida nova. J\u00e1 temos parentes l\u00e1. Assim, o novo come\u00e7o por l\u00e1 n\u00e3o vai ser muito dif\u00edcil\u201d.<\/p>\n<p>Mas n\u00e3o \u00e9 f\u00e1cil ir para a Austr\u00e1lia. Os que querem ir tem de se registrar como refugiados junto \u00e0s autoridades da ONU. Geralmente leva anos at\u00e9 que seja poss\u00edvel viajar para o Ocidente. J\u00e1 h\u00e1 fam\u00edlias crist\u00e3s que n\u00e3o tem mais dinheiro para continuar esperando na Jord\u00e2nia, Turquia, ou no L\u00edbano e que tem de retornar para suas cidades. Abdel sabe das dificuldades. &#8220;N\u00f3s temos dinheiro para aguardar por um tempo. Espero que seja suficiente\u201d.<\/p>\n<p>De fato, o trabalho da Igreja \u00e9 uma corrida contra o tempo. &#8220;Todos os dias fam\u00edlias crist\u00e3s est\u00e3o indo embora do Iraque&#8221;, disse o arcebispo Bashar Warda, l\u00edder da Igreja Cald\u00e9ia em Erbil. &#8220;N\u00f3s fazemos tudo que podemos para ajudar nosso povo&#8221;. Muita coisa aconteceu desde agosto passado, quando dezenas de milhares de pessoas desesperadas procuraram refugio em Erbil e em outras cidades do Curdist\u00e3o iraquiano. No come\u00e7o, as pessoas dormiam no ch\u00e3o e ao relento.<\/p>\n<p>&#8220;Evidentemente, n\u00e3o est\u00e1vamos preparados para uma situa\u00e7\u00e3o como esta&#8221;, disse o arcebispo. &#8220;Mas a situa\u00e7\u00e3o humanit\u00e1ria se estabilizou. Na fase atual estamos nos concentrando principalmente em duas coisas \u2013 escolas para as crian\u00e7as e acomoda\u00e7\u00e3o mais apropriada para hospedar as pessoas. Com o auxilio da Ajuda \u00e0 Igreja que Sofre (AIS) n\u00f3s pudemos organizar oito escolas provis\u00f3rias para as crian\u00e7as refugiadas. Esperamos ser poss\u00edvel estabelecer escolas para todas as crian\u00e7as a tempo de come\u00e7ar um novo ano letivo. Al\u00e9m disso, foi poss\u00edvel alugar centenas de apartamentos, tamb\u00e9m com o apoio da AIS. Isso est\u00e1 trazendo de volta a dignidade do povo&#8221;, afirmou o arcebispo.<\/p>\n<p>Ele acrescentou \u2013 &#8220;Desejo agradecer a todos os benfeitores por sua generosidade. Sem eles n\u00e3o haveria sido poss\u00edvel fazer tudo que estamos fazendo, pois a &#8220;Ajuda \u00e0 Igreja que Sofre&#8221; \u00e9 a nossa principal fonte de auxilio. Por favor, continuem a nos apoiar. E, em especial, pe\u00e7o que rezem pelos crist\u00e3os e por todos que sofrem no Iraque. Desejo a voc\u00eas todos e \u00e0s suas fam\u00edlias uma feliz P\u00e1scoa&#8221;!<\/p>\n<p style=\"text-align: justify;\">\u00a0<\/p>\n<p style=\"text-align: justify;\"><strong>Fonte:<\/strong> AIS &#8211; Ajuda a Igreja que Sofre<\/p>\n","protected":false},"excerpt":{"rendered":"<p>Folhas de palmeiras, gritos de hosana \u2013 tal como no resto do mundo, o Domingo de Ramos marcou o in\u00edcio da Semana Santa para os cat\u00f3licos do Iraque. Em Malabrwan, uma pequena vila no norte do pa\u00eds, dezenas de crian\u00e7as se juntaram na par\u00f3quia crist\u00e3 cald\u00e9ia levando ramos de palmeiras e de oliveiras para comemorar [&hellip;]<\/p>\n","protected":false},"author":1,"featured_media":0,"comment_status":"closed","ping_status":"closed","sticky":false,"template":"","format":"standard","meta":{"footnotes":""},"categories":[4],"tags":[],"class_list":["post-5706","post","type-post","status-publish","format-standard","hentry","category-cotidiano"],"_links":{"self":[{"href":"https:\/\/catolicanet.net\/wp-cnet\/wp-json\/wp\/v2\/posts\/5706","targetHints":{"allow":["GET"]}}],"collection":[{"href":"https:\/\/catolicanet.net\/wp-cnet\/wp-json\/wp\/v2\/posts"}],"about":[{"href":"https:\/\/catolicanet.net\/wp-cnet\/wp-json\/wp\/v2\/types\/post"}],"author":[{"embeddable":true,"href":"https:\/\/catolicanet.net\/wp-cnet\/wp-json\/wp\/v2\/users\/1"}],"replies":[{"embeddable":true,"href":"https:\/\/catolicanet.net\/wp-cnet\/wp-json\/wp\/v2\/comments?post=5706"}],"version-history":[{"count":1,"href":"https:\/\/catolicanet.net\/wp-cnet\/wp-json\/wp\/v2\/posts\/5706\/revisions"}],"predecessor-version":[{"id":10447,"href":"https:\/\/catolicanet.net\/wp-cnet\/wp-json\/wp\/v2\/posts\/5706\/revisions\/10447"}],"wp:attachment":[{"href":"https:\/\/catolicanet.net\/wp-cnet\/wp-json\/wp\/v2\/media?parent=5706"}],"wp:term":[{"taxonomy":"category","embeddable":true,"href":"https:\/\/catolicanet.net\/wp-cnet\/wp-json\/wp\/v2\/categories?post=5706"},{"taxonomy":"post_tag","embeddable":true,"href":"https:\/\/catolicanet.net\/wp-cnet\/wp-json\/wp\/v2\/tags?post=5706"}],"curies":[{"name":"wp","href":"https:\/\/api.w.org\/{rel}","templated":true}]}}