{"id":57056,"date":"2020-02-20T12:36:45","date_gmt":"2020-02-20T15:36:45","guid":{"rendered":"https:\/\/catolicanet.net\/wp-cnet\/?p=57056"},"modified":"2020-02-20T12:37:02","modified_gmt":"2020-02-20T15:37:02","slug":"ha-100-anos-faleceu-santa-jacinta-marto-pastorinha-vidente-de-fatima","status":"publish","type":"post","link":"https:\/\/catolicanet.net\/wp-cnet\/ha-100-anos-faleceu-santa-jacinta-marto-pastorinha-vidente-de-fatima\/","title":{"rendered":"H\u00e1 100 anos faleceu Santa Jacinta Marto, pastorinha vidente de F\u00e1tima"},"content":{"rendered":"<p style=\"text-align: justify;\">Em um dia como hoje, h\u00e1 100 anos, Santa Jacinta Marto, a mais nova dos tr\u00eas pastorinhos videntes de Nossa Senhora de F\u00e1tima, partiu para a Casa do Pai, aos 9 anos de idade.<\/p>\n<p style=\"text-align: justify;\">Ao lado de seu irm\u00e3o, S\u00e3o Francisco Marto, e de sua prima, Ir. L\u00facia de Jesus, Santa Jacinta Marto foi vidente das apari\u00e7\u00f5es de Nossa Senhora, na Cova da Iria, em 1917.<\/p>\n<p style=\"text-align: justify;\">Era a filha mais nova de Manuel Pedro Marto e de sua esposa Ol\u00edmpia de Jesus dos Santos.<\/p>\n<p style=\"text-align: justify;\">Desde muito nova, pastoreava o rebanho de seus pais, com Francisco e L\u00facia. Foi durante um desses pastoreios na Cova da Iria, que os tr\u00eas viram a apari\u00e7\u00e3o de uma Senhora \u201cmais brilhante que o sol\u201d, que lhes disse ser \u201cdo C\u00e9u\u201d e lhes pediu que ali voltassem \u201cseis meses seguidos, no dia 13 a esta mesma hora\u201d, indicando-lhes que, na apari\u00e7\u00e3o final, lhes revelaria quem era e o que queria. Na \u00faltima apari\u00e7\u00e3o, a Senhora viria a apresentar-se aos videntes como a Senhora do Ros\u00e1rio.<\/p>\n<p style=\"text-align: justify;\">A Virgem concedeu a Jacinta a vis\u00e3o dos sofrimentos do Sumo Pont\u00edfice. \u201cEu o vi em uma casa muito grande, ajoelhado, com o rosto entre as m\u00e3os, e chorava. Fora, havia muita gente; alguns atiravam pedras, outros diziam impreca\u00e7\u00f5es e palavr\u00f5es\u201d, contou ela. Por isso e outros feitos, as crian\u00e7as tinham presente o Santo Padre e ofereciam tr\u00eas Ave Maria por ele depois de cada Ros\u00e1rio.<\/p>\n<p style=\"text-align: justify;\">Conforme recorda o Santu\u00e1rio de F\u00e1tima, em sua curta vida, a pequena pastorinha se deixou impressionar pelo sofrimento dos pecadores, tendo tornado recorrendo em seu cotidiano as ora\u00e7\u00f5es e sacrif\u00edcios pela convers\u00e3o, pela paz no mundo e pelo Santo Padre.<\/p>\n<p style=\"text-align: justify;\">Jacinta participava diariamente da Santa Missa e tinha grande desejo de receber a Comunh\u00e3o em repara\u00e7\u00e3o dos pobres pecadores. Atra\u00eda-lhe muito estar com Jesus Sacramentado. \u201cGosto tanto de dizer a Jesus que O amo\u201d, repetia.<\/p>\n<p style=\"text-align: justify;\">Al\u00e9m disso, o amor a Nossa Senhora e o desejo conformador da sua exist\u00eancia com o Cora\u00e7\u00e3o de Jesus levaram Jacinta a desejar segui-Lo, percorrendo o mesmo caminho que o Mestre.<\/p>\n<p style=\"text-align: justify;\">Nem mesmo na solid\u00e3o da doen\u00e7a, quando lhe foi negada a possibilidade da comunh\u00e3o ou quando a ferida que lhe penetrava o peito a fazia sofrer \u2013 indica o site do Santu\u00e1rio \u2013, perdeu a serenidade pr\u00f3pria de quem confia e de quem ama, ao jeito de Maria, sua mestra na Escola de Santidade, como afirmou o Papa S\u00e3o Jo\u00e3o Paulo II.<\/p>\n<p style=\"text-align: justify;\">Recorda-se ainda o epis\u00f3dio durante a sua estadia na pris\u00e3o, em Our\u00e9m, quando L\u00facia lhe pede para escolher uma inten\u00e7\u00e3o pela qual oferecer os sacrif\u00edcios, pelos pobres pecadores ou pelo Santo Padre ou em repara\u00e7\u00e3o ao Imaculado Cora\u00e7\u00e3o de Maria. Jacinta, ent\u00e3o, n\u00e3o hesita em responder: \u201ceu ofere\u00e7o por todas, porque gosto muito de todas\u201d.<\/p>\n<p style=\"text-align: justify;\">Santa Jacinta Marto faleceu em 20 de fevereiro de 1920, aos 9 anos de idade, no Hospital de D. Estef\u00e2nia, em Lisboa, onde foi internada depois de adoecer em 1918 com a epidemia da gripe espanhola. O seu corpo foi sepultado no cemit\u00e9rio de Vila Nova de Our\u00e9m, tendo sido transladado para o Cemit\u00e9rio de F\u00e1tima em 1935 e, dez anos mais tarde, para a Bas\u00edlica de Nossa Senhora do Ros\u00e1rio de F\u00e1tima.<\/p>\n<p style=\"text-align: justify;\">Juntamente com seu irm\u00e3o Francisco, foi beatificada pelo papa S\u00e3o Jo\u00e3o Paulo II em 13 de maio de 2000 e canonizada pelo Papa Francisco em 13 de maio de 2017, no marco da celebra\u00e7\u00e3o do Centen\u00e1rio das Apari\u00e7\u00f5es de F\u00e1tima.<\/p>\n<p style=\"text-align: justify;\"><strong>Celebra\u00e7\u00f5es recordam centen\u00e1rio de falecimento<\/strong><\/p>\n<p style=\"text-align: justify;\">No marco desses 100 anos de falecimento de Santa Jacinta Marto, o Santu\u00e1rio de F\u00e1tima, em Portugal, est\u00e1 promovendo uma programa\u00e7\u00e3o celebrativa, que teve in\u00edcio em 16 de fevereiro, com o VI Concerto Evocativo dos Tr\u00eas Pastorinhos de F\u00e1tima.<\/p>\n<p style=\"text-align: justify;\">Na quarta-feira, 19 de fevereiro, ocorreu a vig\u00edlia de ora\u00e7\u00e3o, com ros\u00e1rio, prociss\u00e3o e venera\u00e7\u00e3o dos t\u00famulos, na Capelinha das Apari\u00e7\u00f5es e Bas\u00edlica de Nossa Senhora do Ros\u00e1rio de F\u00e1tima.<\/p>\n<p style=\"text-align: justify;\">J\u00e1 neste dia 20 de fevereiro, as celebra\u00e7\u00f5es come\u00e7am \u00e0s 10h, com o ros\u00e1rio na Capelinha das Apari\u00e7\u00f5es, seguido por uma prociss\u00e3o com os \u00edcones dos santos pastorinhos at\u00e9 a Bas\u00edlica da Sant\u00edssima Trindade, onde ser\u00e1 celebrada a Missa, \u00e0s 11h.<\/p>\n<p style=\"text-align: justify;\">Al\u00e9m disso, entre 14h e 16h, est\u00e3o previstas diversas atividades para crian\u00e7as e, \u00e0s 17h30, haver\u00e1 ora\u00e7\u00e3o de v\u00e9speras na Bas\u00edlica de Nossa Senhora do Ros\u00e1rio.<\/p>\n<p style=\"text-align: justify;\">Tamb\u00e9m em Lisboa a data \u00e9 recordada com uma confer\u00eancia, \u00e0s 15h, no Hospital D. Estef\u00e2nia, local onde a pastorinha morreu. Em seguida, \u00e0s 16h30, o Patriarca de Lisboa, Cardeal Manuel Clemente, presidir\u00e1 a Santa Missa.<\/p>\n<p style=\"text-align: justify;\">Por outro lado, o grupo cat\u00f3lico <a href=\"https:\/\/materfatima.org\/\">Mater F\u00e1tima<\/a> realiza nesta quinta-feira o Ros\u00e1rio Internacional, que desta fez acontecer\u00e1 no Santu\u00e1rio de Guadalupe, no M\u00e9xico, com transmiss\u00e3o ao vivo, a partir das 17h (hor\u00e1rio do M\u00e9xico). Ter\u00e1 in\u00edcio com a Adora\u00e7\u00e3o, durante a qual ser\u00e1 rezado o ter\u00e7o pelas seguintes inten\u00e7\u00f5es: pelas crian\u00e7as, pelos jovens e adolescentes, pelos casais, pelos idosos, pelos sacerdotes. Por fim, acontecer\u00e1 a consagra\u00e7\u00e3o ao Sagrado Cora\u00e7\u00e3o de Jesus e ao Imaculado Cora\u00e7\u00e3o de Maria, atrav\u00e9s do m\u00e9todo de S\u00e3o Lu\u00eds Maria Grignion de Montfort.<\/p>\n","protected":false},"excerpt":{"rendered":"<p>Em um dia como hoje, h\u00e1 100 anos, Santa Jacinta Marto, a mais nova dos tr\u00eas pastorinhos videntes de Nossa Senhora de F\u00e1tima, partiu para a Casa do Pai, aos 9 anos de idade. Ao lado de seu irm\u00e3o, S\u00e3o Francisco Marto, e de sua prima, Ir. L\u00facia de Jesus, Santa Jacinta Marto foi vidente [&hellip;]<\/p>\n","protected":false},"author":1,"featured_media":57057,"comment_status":"open","ping_status":"closed","sticky":false,"template":"","format":"standard","meta":{"footnotes":""},"categories":[4,13],"tags":[],"class_list":["post-57056","post","type-post","status-publish","format-standard","has-post-thumbnail","hentry","category-cotidiano","category-featured"],"_links":{"self":[{"href":"https:\/\/catolicanet.net\/wp-cnet\/wp-json\/wp\/v2\/posts\/57056","targetHints":{"allow":["GET"]}}],"collection":[{"href":"https:\/\/catolicanet.net\/wp-cnet\/wp-json\/wp\/v2\/posts"}],"about":[{"href":"https:\/\/catolicanet.net\/wp-cnet\/wp-json\/wp\/v2\/types\/post"}],"author":[{"embeddable":true,"href":"https:\/\/catolicanet.net\/wp-cnet\/wp-json\/wp\/v2\/users\/1"}],"replies":[{"embeddable":true,"href":"https:\/\/catolicanet.net\/wp-cnet\/wp-json\/wp\/v2\/comments?post=57056"}],"version-history":[{"count":1,"href":"https:\/\/catolicanet.net\/wp-cnet\/wp-json\/wp\/v2\/posts\/57056\/revisions"}],"predecessor-version":[{"id":57058,"href":"https:\/\/catolicanet.net\/wp-cnet\/wp-json\/wp\/v2\/posts\/57056\/revisions\/57058"}],"wp:featuredmedia":[{"embeddable":true,"href":"https:\/\/catolicanet.net\/wp-cnet\/wp-json\/wp\/v2\/media\/57057"}],"wp:attachment":[{"href":"https:\/\/catolicanet.net\/wp-cnet\/wp-json\/wp\/v2\/media?parent=57056"}],"wp:term":[{"taxonomy":"category","embeddable":true,"href":"https:\/\/catolicanet.net\/wp-cnet\/wp-json\/wp\/v2\/categories?post=57056"},{"taxonomy":"post_tag","embeddable":true,"href":"https:\/\/catolicanet.net\/wp-cnet\/wp-json\/wp\/v2\/tags?post=57056"}],"curies":[{"name":"wp","href":"https:\/\/api.w.org\/{rel}","templated":true}]}}