{"id":57047,"date":"2020-02-20T11:25:08","date_gmt":"2020-02-20T14:25:08","guid":{"rendered":"https:\/\/catolicanet.net\/wp-cnet\/?p=57047"},"modified":"2020-02-20T11:25:08","modified_gmt":"2020-02-20T14:25:08","slug":"papa-ser-cristao-significa-aceitar-o-caminho-de-jesus-ate-a-cruz","status":"publish","type":"post","link":"https:\/\/catolicanet.net\/wp-cnet\/papa-ser-cristao-significa-aceitar-o-caminho-de-jesus-ate-a-cruz\/","title":{"rendered":"Papa: ser crist\u00e3o significa aceitar o caminho de Jesus at\u00e9 a cruz"},"content":{"rendered":"<div class=\"article__subTitle\" style=\"text-align: justify;\">O crist\u00e3o \u00e9 quem aceita o caminho percorrido por Jesus para nos salvar, isto \u00e9, o caminho da humilha\u00e7\u00e3o. Foi o que disse o Papa Francisco na missa desta manh\u00e3 na Casa Santa Marta. Quando os crist\u00e3os, os sacerdotes, os bispos e os pr\u00f3prios Papas n\u00e3o seguem este caminho, erram. E o Pont\u00edfice acrescentou: pe\u00e7amos a gra\u00e7a da coer\u00eancia crist\u00e3 para n\u00e3o usar o cristianismo para fazer carreira.<\/div>\n<div class=\"title__separator\" style=\"text-align: justify;\"><\/div>\n<div class=\"article__text\">\n<p style=\"text-align: justify;\"><b>Adriana Masotti \u2013 Cidade do Vaticano<\/b><\/p>\n<p style=\"text-align: justify;\">\u201cQuem dizem os homens que eu sou?\u201d E v\u00f3s, quem dizeis que eu sou?&#8217;\u201d S\u00e3o as perguntas feitas por Jesus no trecho do Evangelho da liturgia de hoje e sobre as quais Francisco se baseou para fazer a sua homilia ao celebrar a missa na capela da Casa Santa Marta.<\/p>\n<h2 style=\"text-align: justify;\">As tr\u00eas etapas<\/h2>\n<p style=\"text-align: justify;\">O Evangelho, afirmou, nos ensina as etapas j\u00e1 percorridas pelos ap\u00f3stolos para saber quem \u00e9 Jesus. S\u00e3o tr\u00eas: conhecer, professar e aceitar o caminho que Deus escolheu para Ele.<\/p>\n<p style=\"text-align: justify;\">Conhecer Jesus, observou o Papa, \u00e9 o que \u201cfazemos todos n\u00f3s\u201d quando \u00a0pegamos o Evangelho, procuramos conhecer Jesus, quando levamos as crian\u00e7as ao catecismo, quando as levamos \u00e0 missa, mas \u00e9 s\u00f3 o primeiro passo. O segundo \u00e9 professar Jesus.<\/p>\n<p style=\"text-align: justify;\"><b>E isso n\u00f3s, sozinhos, n\u00e3o podemos fazer. Na vers\u00e3o de Mateus, diz: \u201cJesus disse a Pedro: \u2018Isso n\u00e3o vem de ti. O Pai te revelou\u201d. Somente podemos professar Jesus com a for\u00e7a de Deus, com a for\u00e7a do Esp\u00edrito Santo.<\/b>\u00a0<b>Ningu\u00e9m pode dizer <i>Jesus<\/i> na confiss\u00e3o e confess\u00e1-Lo sem o Esp\u00edrito, diz Paulo. N\u00f3s n\u00e3o podemos confessar Jesus sem o Esp\u00edrito. Por isso, a comunidade crist\u00e3 deve buscar sempre a for\u00e7a do Esp\u00edrito Santo para professar Jesus, para dizer que Ele \u00e9 Deus, que Ele \u00e9 o Filho de Deus.<\/b><\/p>\n<h2 style=\"text-align: justify;\">Aceitar o caminho de Jesus at\u00e9 a cruz<\/h2>\n<p style=\"text-align: justify;\">Mas qual \u00e9 a finalidade da vida de Jesus, por qual motivo Ele veio? Responder a esta pergunta significa realizar a terceira etapa no caminho do conhecimento de Cristo. E o Papa recordou que Jesus come\u00e7ou a ensinar aos ap\u00f3stolos que deveria sofrer, morrer e depois ressuscitar.<\/p>\n<p style=\"text-align: justify;\"><b>Professar Jesus \u00e9 professar a Sua morte, a Sua ressurrei\u00e7\u00e3o; n\u00e3o \u00e9 professar: \u201cTu \u00e9s Deus\u201d e parar ali. N\u00e3o: \u201cViestes por n\u00f3s e morreste por mim. E ressuscitastes e nos deste a vida, nos prometeste o Esp\u00edrito Santo para nos guiar\u201d. Professar Jesus significa aceitar o caminho que o Pai escolheu para Ele: a humilha\u00e7\u00e3o. Paulo, escrevendo aos Filipenses, diz: \u201cDeus enviou o Seu Filho, o qual aniquilou a si mesmo, se fez servo, humilhou a si mesmo, at\u00e9 a morte e morte de cruz\u201d. Se n\u00e3o aceitamos o caminho de Jesus, o caminho da humilha\u00e7\u00e3o que Ele escolheu para a reden\u00e7\u00e3o, n\u00e3o somos crist\u00e3os e merecemos o que Jesus disse a Pedro: \u201cVai para longe de mim, Satan\u00e1s!\u201d.<\/b><\/p>\n<h2 style=\"text-align: justify;\">A Igreja n\u00e3o pode se tornar mundana<\/h2>\n<p style=\"text-align: justify;\">Francisco explicou que Satan\u00e1s sabe que Jesus \u00e9 o Filho de Deus, mas Jesus rejeita a sua \u201cconfiss\u00e3o\u201d, assim como afasta Pedro quando n\u00e3o quer aceitar o caminho escolhido por Jesus. \u201cProfessar Jesus \u2013 afirmou Papa \u2013 \u00e9 aceitar o caminho da humildade e da humilha\u00e7\u00e3o. E quando a Igreja n\u00e3o percorre este caminho, erra e acaba\u00a0mundana<i>\u201d<\/i>.<\/p>\n<p style=\"text-align: justify;\"><b>E quando n\u00f3s vemos tantos crist\u00e3os bons, n\u00e3o? Com boa vontade, mas confundem a religi\u00e3o com um conceito social de bondade, de amizade, quando n\u00f3s vemos tantos cl\u00e9rigos que dizem seguir Jesus, mas buscam as honras, o caminho da mundanidade, n\u00e3o buscam Jesus: buscam a si mesmos. N\u00e3o s\u00e3o crist\u00e3os; dizem ser crist\u00e3os, mas de nome, porque n\u00e3o aceitam o caminho de Jesus, da humilha\u00e7\u00e3o. E quando lemos na hist\u00f3ria da Igreja tantos bispos que viveram assim e tamb\u00e9m tantos Papas mundanos que n\u00e3o conheceram o caminho da humilha\u00e7\u00e3o, n\u00e3o o aceitaram, devemos aprender que aquele n\u00e3o \u00e9 o caminho.<\/b><\/p>\n<p style=\"text-align: justify;\">O Papa concluiu com o convite a pedir \u201ca gra\u00e7a da coer\u00eancia crist\u00e3\u201d para \u201cn\u00e3o usar o cristianismo para fazer carreira\u201d, a gra\u00e7a de seguir Jesus no seu mesmo caminho, at\u00e9 a humilha\u00e7\u00e3o.<\/p>\n<\/div>\n","protected":false},"excerpt":{"rendered":"<p>O crist\u00e3o \u00e9 quem aceita o caminho percorrido por Jesus para nos salvar, isto \u00e9, o caminho da humilha\u00e7\u00e3o. Foi o que disse o Papa Francisco na missa desta manh\u00e3 na Casa Santa Marta. Quando os crist\u00e3os, os sacerdotes, os bispos e os pr\u00f3prios Papas n\u00e3o seguem este caminho, erram. E o Pont\u00edfice acrescentou: pe\u00e7amos [&hellip;]<\/p>\n","protected":false},"author":1,"featured_media":57048,"comment_status":"open","ping_status":"closed","sticky":false,"template":"","format":"standard","meta":{"footnotes":""},"categories":[13,3],"tags":[],"class_list":["post-57047","post","type-post","status-publish","format-standard","has-post-thumbnail","hentry","category-featured","category-vaticano"],"_links":{"self":[{"href":"https:\/\/catolicanet.net\/wp-cnet\/wp-json\/wp\/v2\/posts\/57047","targetHints":{"allow":["GET"]}}],"collection":[{"href":"https:\/\/catolicanet.net\/wp-cnet\/wp-json\/wp\/v2\/posts"}],"about":[{"href":"https:\/\/catolicanet.net\/wp-cnet\/wp-json\/wp\/v2\/types\/post"}],"author":[{"embeddable":true,"href":"https:\/\/catolicanet.net\/wp-cnet\/wp-json\/wp\/v2\/users\/1"}],"replies":[{"embeddable":true,"href":"https:\/\/catolicanet.net\/wp-cnet\/wp-json\/wp\/v2\/comments?post=57047"}],"version-history":[{"count":1,"href":"https:\/\/catolicanet.net\/wp-cnet\/wp-json\/wp\/v2\/posts\/57047\/revisions"}],"predecessor-version":[{"id":57049,"href":"https:\/\/catolicanet.net\/wp-cnet\/wp-json\/wp\/v2\/posts\/57047\/revisions\/57049"}],"wp:featuredmedia":[{"embeddable":true,"href":"https:\/\/catolicanet.net\/wp-cnet\/wp-json\/wp\/v2\/media\/57048"}],"wp:attachment":[{"href":"https:\/\/catolicanet.net\/wp-cnet\/wp-json\/wp\/v2\/media?parent=57047"}],"wp:term":[{"taxonomy":"category","embeddable":true,"href":"https:\/\/catolicanet.net\/wp-cnet\/wp-json\/wp\/v2\/categories?post=57047"},{"taxonomy":"post_tag","embeddable":true,"href":"https:\/\/catolicanet.net\/wp-cnet\/wp-json\/wp\/v2\/tags?post=57047"}],"curies":[{"name":"wp","href":"https:\/\/api.w.org\/{rel}","templated":true}]}}