{"id":5702,"date":"2015-04-06T13:20:36","date_gmt":"2015-04-06T16:20:36","guid":{"rendered":"http:\/\/catolicanet.net\/wp-cnet\/papa-francisco-recitacao-do-regina-coeli-praca-de-s-pedro\/"},"modified":"2017-04-07T13:30:39","modified_gmt":"2017-04-07T16:30:39","slug":"papa-francisco-recitacao-do-regina-coeli-praca-de-s-pedro","status":"publish","type":"post","link":"https:\/\/catolicanet.net\/wp-cnet\/papa-francisco-recitacao-do-regina-coeli-praca-de-s-pedro\/","title":{"rendered":"Papa Francisco: recita\u00e7\u00e3o do Regina Coeli, Pra\u00e7a de S. Pedro"},"content":{"rendered":"<p style=\"text-align: justify;\"><img decoding=\"async\" src=\"http:\/\/catolicanet.com.br\/images\/stories\/paparecitacaoreginacoeli.jpg\" border=\"0\" align=\"right\" \/>Como de costume, teve lugar esta manh\u00e3, \u00e0s 12,00 horas de Roma, na Pra\u00e7a de S. Pedro, repleta de fi\u00e9is e peregrinos vindos de diversas partes da It\u00e1lia e do mundo, a recita\u00e7\u00e3o da ora\u00e7\u00e3o Mariana do Regina Coeli, presidida pelo Papa Francisco. <<Nesta segunda-feira=\"segunda-feira\" depois=\"depois\" da=\"da\" P\u00e1scoa,=\"P\u00e1scoa,\" disse=\"disse\" o=\"o\" Papa=\"Papa\" dirigindo-se=\"dirigindo-se\" aos=\"aos\" presentes,=\"presentes,\" o=\"o\" Evangelho\u00a0=\"Evangelho\u00a0\" apresenta-nos=\"apresenta-nos\" a=\"a\" narra\u00e7\u00e3o=\"narra\u00e7\u00e3o\" sobre=\"sobre\" as=\"as\" mulheres=\"mulheres\" que=\"que\" foram=\"foram\" visitar=\"visitar\" o=\"o\" sep\u00falcro=\"sep\u00falcro\" de=\"de\" Jesus\u00a0=\"Jesus\u00a0\" e=\"e\" o=\"o\" encontraram=\"encontraram\" vazio=\"vazio\" e=\"e\" um=\"um\" Anjo=\"Anjo\" que=\"que\" lhes=\"lhes\" anuncia=\"anuncia\" que=\"que\" Jesus=\"Jesus\" ressuscitou.=\"ressuscitou.\" E=\"E\" enquanto=\"enquanto\" elas=\"elas\" corriam=\"corriam\" para=\"para\" dar=\"dar\" a=\"a\" not\u00edcia=\"not\u00edcia\" aos=\"aos\" disc\u00edpulos,=\"disc\u00edpulos,\" encontram=\"encontram\" o=\"o\" pr\u00f3prio=\"pr\u00f3prio\" Jesus=\"Jesus\" que=\"que\" lhes=\"lhes\" disse:=\"disse:\" \u201cIde=\"\u201cIde\" dizer=\"dizer\" aos=\"aos\" Meus=\"Meus\" irm\u00e3os=\"irm\u00e3os\" que=\"que\" partam=\"partam\" para=\"para\" a=\"a\" Galileia,=\"Galileia,\" e=\"e\" l\u00e1=\"l\u00e1\" Me=\"Me\" ver\u00e3o\u201d=\"ver\u00e3o\u201d\" \/>>.<\/p>\n<p>.<\/p>\n<p>Por conseguinte, recorda o Papa Francisco, \u201c esta \u00e9 a boa not\u00edcia que todos n\u00f3s somos chamados a levar e anunciar aos outros em todos os lugares e ambientes, animados sempre pelo Esp\u00edrito Santo. A f\u00e9 na Ressurrei\u00e7\u00e3o de Jesus e a esperan\u00e7a que Ele nos trouxe \u00e9 o dom mais bonito que o crist\u00e3o pode e deve oferecer aos irm\u00e3os.<\/p>\n<p><<Cristo ressuscitou!=\"ressuscitou!\" Repitamo-lo=\"Repitamo-lo\" com=\"com\" palavras=\"palavras\" mas=\"mas\" sobretudo=\"sobretudo\" com=\"com\" o=\"o\" testemunho=\"testemunho\" da=\"da\" nossa=\"nossa\" vida.=\"vida.\" A=\"A\" boa=\"boa\" not\u00edcia=\"not\u00edcia\" da=\"da\" Ressurrei\u00e7\u00e3o=\"Ressurrei\u00e7\u00e3o\" deveria=\"deveria\" transparecer=\"transparecer\" no=\"no\" rosto=\"rosto\" de=\"de\" cada=\"cada\" um=\"um\" de=\"de\" n\u00f3s,=\"n\u00f3s,\" nos=\"nos\" sentimentos=\"sentimentos\" e=\"e\" atitudes,=\"atitudes,\" na=\"na\" maneira=\"maneira\" como=\"como\" tratamos=\"tratamos\" os=\"os\" outros=\"outros\" \/>>.<\/p>\n<p>De facto, sublinha ainda o Santo Padre, n\u00f3s anunciamos a ressurrei\u00e7\u00e3o de Cristo quando a sua luz ilumina os momentos mais obscuros da nossa exist\u00eancia e quando somos sobretudo capazes de partilhar essa luz com os outros; quando somos capazes de sorrir com quem sorri e chorar com quem chora; quando caminhamos ao lado de quem est\u00e1 triste e corre o risco de perder a esperan\u00e7a; quando contamos a nossa experi\u00eancia de f\u00e9 a quem est\u00e1 em busca de felicidade e sentido da vida.<\/p>\n<p>.<\/p>\n<p>Depois da recita\u00e7\u00e3o do Regina Coeli, o Papa saudou todos os fi\u00e9is e peregrinos congregados na Pra\u00e7a de S. Pedro e de modo particular a delega\u00e7\u00e3o do Movimento Shalom que hoje chegou \u00e0 sua \u00faltima etapa da estafeta de solidariedade para sensibilizar a opini\u00e3o p\u00fablica mundial sobre as persegui\u00e7\u00f5es dos crist\u00e3os no mundo.<\/p>\n<p><<O Vosso itiner\u00e1rio pelas estradas terminou, disse o Papa, mas deve ser prosseguido por todos, o caminho espiritual de ora\u00e7\u00e3o intensa, de partecipa\u00e7\u00e3o concreta e de ajuda tang\u00edvel em defesa e protec\u00e7\u00e3o dos nossos irm\u00e3os e irm\u00e3s, perseguidos, mortos por simples fato de serem crist\u00e3os. \u201cEles s\u00e3o os m\u00e1rtires do nosso s\u00e9culo. E s\u00e3o tantos. Talv\u00e9s at\u00e9 mais numerosos do que os primeiros m\u00e1rtires\u201d.\n\n<br \/>E o Papa Conclui fazendo votos para que perante esta trag\u00e9dia, \u201ca comunidade internacional n\u00e3o vire o pr\u00f3prio olhar para um outro lado, n\u00e3o assista de forma silenciosa e inerte tal inaceit\u00e1vel crime que constitui uma preocupante viola\u00e7\u00e3o dos direitos humanos mais elementares\u201d.<\/p>\n<p>E o Papa desejou \u00e0 todos os presentes a continua\u00e7\u00e3o de uma feliz e serena semana pascal, recomendando \u00e0 todos que a melhor forma para vivermos intensamente esta semana pascal \u00e9 de ler todos os dois uma p\u00e1gina do Evangelho na qual se fala da Ressurrei\u00e7\u00e3o. E de todos se despediu desejando um bom almo\u00e7o.<\/p>\n<p style=\"text-align: justify;\">\u00a0<\/p>\n<p style=\"text-align: justify;\"><strong>Fonte:<\/strong> R\u00e1dio Vaticano<\/p>\n","protected":false},"excerpt":{"rendered":"<p>Como de costume, teve lugar esta manh\u00e3, \u00e0s 12,00 horas de Roma, na Pra\u00e7a de S. Pedro, repleta de fi\u00e9is e peregrinos vindos de diversas partes da It\u00e1lia e do mundo, a recita\u00e7\u00e3o da ora\u00e7\u00e3o Mariana do Regina Coeli, presidida pelo Papa Francisco. . . Por conseguinte, recorda o Papa Francisco, \u201c esta \u00e9 a [&hellip;]<\/p>\n","protected":false},"author":1,"featured_media":0,"comment_status":"closed","ping_status":"closed","sticky":false,"template":"","format":"standard","meta":{"footnotes":""},"categories":[3],"tags":[],"class_list":["post-5702","post","type-post","status-publish","format-standard","hentry","category-vaticano"],"_links":{"self":[{"href":"https:\/\/catolicanet.net\/wp-cnet\/wp-json\/wp\/v2\/posts\/5702","targetHints":{"allow":["GET"]}}],"collection":[{"href":"https:\/\/catolicanet.net\/wp-cnet\/wp-json\/wp\/v2\/posts"}],"about":[{"href":"https:\/\/catolicanet.net\/wp-cnet\/wp-json\/wp\/v2\/types\/post"}],"author":[{"embeddable":true,"href":"https:\/\/catolicanet.net\/wp-cnet\/wp-json\/wp\/v2\/users\/1"}],"replies":[{"embeddable":true,"href":"https:\/\/catolicanet.net\/wp-cnet\/wp-json\/wp\/v2\/comments?post=5702"}],"version-history":[{"count":1,"href":"https:\/\/catolicanet.net\/wp-cnet\/wp-json\/wp\/v2\/posts\/5702\/revisions"}],"predecessor-version":[{"id":10453,"href":"https:\/\/catolicanet.net\/wp-cnet\/wp-json\/wp\/v2\/posts\/5702\/revisions\/10453"}],"wp:attachment":[{"href":"https:\/\/catolicanet.net\/wp-cnet\/wp-json\/wp\/v2\/media?parent=5702"}],"wp:term":[{"taxonomy":"category","embeddable":true,"href":"https:\/\/catolicanet.net\/wp-cnet\/wp-json\/wp\/v2\/categories?post=5702"},{"taxonomy":"post_tag","embeddable":true,"href":"https:\/\/catolicanet.net\/wp-cnet\/wp-json\/wp\/v2\/tags?post=5702"}],"curies":[{"name":"wp","href":"https:\/\/api.w.org\/{rel}","templated":true}]}}