{"id":56980,"date":"2020-02-19T08:52:11","date_gmt":"2020-02-19T11:52:11","guid":{"rendered":"https:\/\/catolicanet.net\/wp-cnet\/?p=56980"},"modified":"2020-02-19T08:59:15","modified_gmt":"2020-02-19T11:59:15","slug":"peregrinacao-ao-santuario-da-penha","status":"publish","type":"post","link":"https:\/\/catolicanet.net\/wp-cnet\/peregrinacao-ao-santuario-da-penha\/","title":{"rendered":"Peregrina\u00e7\u00e3o ao Santu\u00e1rio da Penha"},"content":{"rendered":"<p style=\"text-align: justify;\">Na pr\u00f3xima quarta-feira de cinzas o Movimento Comunh\u00e3o e Liberta\u00e7\u00e3o organiza sua anual\u00a0PEREGRINA\u00c7\u00c3O AO SANTU\u00c1RIO DA PENHA.<\/p>\n<p style=\"text-align: justify;\">Subida ao Santu\u00e1rio rezando o ter\u00e7o e logo em seguida a celebra\u00e7\u00e3o da Santa Missa com a imposi\u00e7\u00e3o das cinzas.<\/p>\n<p>Data:\u00a0Quarta-feira de cinzas, 26\/02 \u00e0s 9h30, encontrando-se no in\u00edcio da Escadaria da Penha.<\/p>\n<p>Local:\u00a0Santu\u00e1rio Nossa Senhora da Penha &#8211; Largo da Penha, 19 &#8211; Penha<\/p>\n<p>Informa\u00e7\u00f5es\u00a0pelo email: <a href=\"mailto:secretariarj@cl.org.br\">secretariarj@cl.org.br<\/a><\/p>\n<p>Durante a subida tamb\u00e9m ser\u00e3o realizadas leituras dos coment\u00e1rios do servo de Deus Dom Luigi Giussani sobre o Santo Ros\u00e1rio. (O livrinho estar\u00e1 \u00e0 venda no local por R$ 8,00).<\/p>\n<p style=\"text-align: justify;\">Sugerimos tamb\u00e9m levar bon\u00e9 e \u00e1gua.<\/p>\n<p>Organiza\u00e7\u00e3o:\u00a0Movimento Cat\u00f3lico Comunh\u00e3o e Liberta\u00e7\u00e3o<\/p>\n<p><img loading=\"lazy\" decoding=\"async\" class=\"alignnone size-large wp-image-56986\" src=\"https:\/\/catolicanet.net\/wp-cnet\/wp-content\/uploads\/IMG-20200212-WA0040-1-1024x1024.jpg\" alt=\"\" width=\"696\" height=\"696\" srcset=\"https:\/\/catolicanet.net\/wp-cnet\/wp-content\/uploads\/IMG-20200212-WA0040-1-1024x1024.jpg 1024w, https:\/\/catolicanet.net\/wp-cnet\/wp-content\/uploads\/IMG-20200212-WA0040-1-300x300.jpg 300w, https:\/\/catolicanet.net\/wp-cnet\/wp-content\/uploads\/IMG-20200212-WA0040-1-150x150.jpg 150w, https:\/\/catolicanet.net\/wp-cnet\/wp-content\/uploads\/IMG-20200212-WA0040-1-768x768.jpg 768w, https:\/\/catolicanet.net\/wp-cnet\/wp-content\/uploads\/IMG-20200212-WA0040-1-600x600.jpg 600w, https:\/\/catolicanet.net\/wp-cnet\/wp-content\/uploads\/IMG-20200212-WA0040-1-696x696.jpg 696w, https:\/\/catolicanet.net\/wp-cnet\/wp-content\/uploads\/IMG-20200212-WA0040-1-1068x1068.jpg 1068w, https:\/\/catolicanet.net\/wp-cnet\/wp-content\/uploads\/IMG-20200212-WA0040-1-420x420.jpg 420w, https:\/\/catolicanet.net\/wp-cnet\/wp-content\/uploads\/IMG-20200212-WA0040-1.jpg 1080w\" sizes=\"auto, (max-width: 696px) 100vw, 696px\" \/><\/p>\n","protected":false},"excerpt":{"rendered":"<p>Na pr\u00f3xima quarta-feira de cinzas o Movimento Comunh\u00e3o e Liberta\u00e7\u00e3o organiza sua anual\u00a0PEREGRINA\u00c7\u00c3O AO SANTU\u00c1RIO DA PENHA. Subida ao Santu\u00e1rio rezando o ter\u00e7o e logo em seguida a celebra\u00e7\u00e3o da Santa Missa com a imposi\u00e7\u00e3o das cinzas. Data:\u00a0Quarta-feira de cinzas, 26\/02 \u00e0s 9h30, encontrando-se no in\u00edcio da Escadaria da Penha. Local:\u00a0Santu\u00e1rio Nossa Senhora da Penha [&hellip;]<\/p>\n","protected":false},"author":1,"featured_media":56981,"comment_status":"open","ping_status":"closed","sticky":false,"template":"","format":"standard","meta":{"footnotes":""},"categories":[4],"tags":[],"class_list":["post-56980","post","type-post","status-publish","format-standard","has-post-thumbnail","hentry","category-cotidiano"],"_links":{"self":[{"href":"https:\/\/catolicanet.net\/wp-cnet\/wp-json\/wp\/v2\/posts\/56980","targetHints":{"allow":["GET"]}}],"collection":[{"href":"https:\/\/catolicanet.net\/wp-cnet\/wp-json\/wp\/v2\/posts"}],"about":[{"href":"https:\/\/catolicanet.net\/wp-cnet\/wp-json\/wp\/v2\/types\/post"}],"author":[{"embeddable":true,"href":"https:\/\/catolicanet.net\/wp-cnet\/wp-json\/wp\/v2\/users\/1"}],"replies":[{"embeddable":true,"href":"https:\/\/catolicanet.net\/wp-cnet\/wp-json\/wp\/v2\/comments?post=56980"}],"version-history":[{"count":2,"href":"https:\/\/catolicanet.net\/wp-cnet\/wp-json\/wp\/v2\/posts\/56980\/revisions"}],"predecessor-version":[{"id":56987,"href":"https:\/\/catolicanet.net\/wp-cnet\/wp-json\/wp\/v2\/posts\/56980\/revisions\/56987"}],"wp:featuredmedia":[{"embeddable":true,"href":"https:\/\/catolicanet.net\/wp-cnet\/wp-json\/wp\/v2\/media\/56981"}],"wp:attachment":[{"href":"https:\/\/catolicanet.net\/wp-cnet\/wp-json\/wp\/v2\/media?parent=56980"}],"wp:term":[{"taxonomy":"category","embeddable":true,"href":"https:\/\/catolicanet.net\/wp-cnet\/wp-json\/wp\/v2\/categories?post=56980"},{"taxonomy":"post_tag","embeddable":true,"href":"https:\/\/catolicanet.net\/wp-cnet\/wp-json\/wp\/v2\/tags?post=56980"}],"curies":[{"name":"wp","href":"https:\/\/api.w.org\/{rel}","templated":true}]}}