{"id":56976,"date":"2020-02-18T09:35:30","date_gmt":"2020-02-18T12:35:30","guid":{"rendered":"https:\/\/catolicanet.net\/wp-cnet\/?p=56976"},"modified":"2020-02-18T09:35:30","modified_gmt":"2020-02-18T12:35:30","slug":"3-inimigos-que-voce-tem-em-si-mesmo","status":"publish","type":"post","link":"https:\/\/catolicanet.net\/wp-cnet\/3-inimigos-que-voce-tem-em-si-mesmo\/","title":{"rendered":"3 inimigos que voc\u00ea tem em si mesmo"},"content":{"rendered":"<h2 class=\"subtitle\" style=\"text-align: justify;\">\u201c\u2026e n\u00e3o ser\u00e1 f\u00e1cil triunfares sobre eles\u201d<\/h2>\n<div class=\"base-post-content\">O dominicano franc\u00eas Jean Tauler, em seu <em>Serm\u00e3o n\u00ba II<\/em>, comenta:<\/p>\n<blockquote>\n<p style=\"text-align: justify;\"><em>Tens em ti mesmo tr\u00eas inimigos fortes e encarni\u00e7ados a serem derrotados e n\u00e3o ser\u00e1 f\u00e1cil triunfares sobre eles.\u00a0<\/em><\/p>\n<ul style=\"text-align: justify;\">\n<li><em>Ser\u00e1s atacado pelo orgulho do esp\u00edrito: queres ser visto, considerado, escutado.<\/em><\/li>\n<li><em>O segundo inimigo \u00e9 a tua pr\u00f3pria carne, que te provoca mediante a impureza corporal e espiritual.<\/em><\/li>\n<li><em>O terceiro inimigo \u00e9 aquele que te ataca inspirando-te a malvadez, os pensamentos amargos, as suspeitas, os julgamentos mal\u00e9volos, a raiva e os desejos de vingan\u00e7a.<\/em><\/li>\n<\/ul>\n<p style=\"text-align: justify;\"><em>Queres tornar-te cada vez mais agrad\u00e1vel a Deus? Tens que renunciar completamente a tais atitudes.<\/em><\/p>\n<\/blockquote>\n<\/div>\n","protected":false},"excerpt":{"rendered":"<p>\u201c\u2026e n\u00e3o ser\u00e1 f\u00e1cil triunfares sobre eles\u201d O dominicano franc\u00eas Jean Tauler, em seu Serm\u00e3o n\u00ba II, comenta: Tens em ti mesmo tr\u00eas inimigos fortes e encarni\u00e7ados a serem derrotados e n\u00e3o ser\u00e1 f\u00e1cil triunfares sobre eles.\u00a0 Ser\u00e1s atacado pelo orgulho do esp\u00edrito: queres ser visto, considerado, escutado. O segundo inimigo \u00e9 a tua pr\u00f3pria [&hellip;]<\/p>\n","protected":false},"author":1,"featured_media":56977,"comment_status":"open","ping_status":"closed","sticky":false,"template":"","format":"standard","meta":{"footnotes":""},"categories":[4],"tags":[],"class_list":["post-56976","post","type-post","status-publish","format-standard","has-post-thumbnail","hentry","category-cotidiano"],"_links":{"self":[{"href":"https:\/\/catolicanet.net\/wp-cnet\/wp-json\/wp\/v2\/posts\/56976","targetHints":{"allow":["GET"]}}],"collection":[{"href":"https:\/\/catolicanet.net\/wp-cnet\/wp-json\/wp\/v2\/posts"}],"about":[{"href":"https:\/\/catolicanet.net\/wp-cnet\/wp-json\/wp\/v2\/types\/post"}],"author":[{"embeddable":true,"href":"https:\/\/catolicanet.net\/wp-cnet\/wp-json\/wp\/v2\/users\/1"}],"replies":[{"embeddable":true,"href":"https:\/\/catolicanet.net\/wp-cnet\/wp-json\/wp\/v2\/comments?post=56976"}],"version-history":[{"count":1,"href":"https:\/\/catolicanet.net\/wp-cnet\/wp-json\/wp\/v2\/posts\/56976\/revisions"}],"predecessor-version":[{"id":56978,"href":"https:\/\/catolicanet.net\/wp-cnet\/wp-json\/wp\/v2\/posts\/56976\/revisions\/56978"}],"wp:featuredmedia":[{"embeddable":true,"href":"https:\/\/catolicanet.net\/wp-cnet\/wp-json\/wp\/v2\/media\/56977"}],"wp:attachment":[{"href":"https:\/\/catolicanet.net\/wp-cnet\/wp-json\/wp\/v2\/media?parent=56976"}],"wp:term":[{"taxonomy":"category","embeddable":true,"href":"https:\/\/catolicanet.net\/wp-cnet\/wp-json\/wp\/v2\/categories?post=56976"},{"taxonomy":"post_tag","embeddable":true,"href":"https:\/\/catolicanet.net\/wp-cnet\/wp-json\/wp\/v2\/tags?post=56976"}],"curies":[{"name":"wp","href":"https:\/\/api.w.org\/{rel}","templated":true}]}}