{"id":56947,"date":"2020-02-18T08:57:31","date_gmt":"2020-02-18T11:57:31","guid":{"rendered":"https:\/\/catolicanet.net\/wp-cnet\/?p=56947"},"modified":"2020-02-18T08:57:31","modified_gmt":"2020-02-18T11:57:31","slug":"cnbb-lanca-53a-edicao-dos-premios-de-comunicacao-com-duas-novas-categorias-de-premiacao","status":"publish","type":"post","link":"https:\/\/catolicanet.net\/wp-cnet\/cnbb-lanca-53a-edicao-dos-premios-de-comunicacao-com-duas-novas-categorias-de-premiacao\/","title":{"rendered":"CNBB lan\u00e7a 53\u00aa Edi\u00e7\u00e3o dos Pr\u00eamios de Comunica\u00e7\u00e3o com duas novas categorias de premia\u00e7\u00e3o"},"content":{"rendered":"<p style=\"text-align: justify;\">Est\u00e3o abertas as inscri\u00e7\u00f5es para os Pr\u00eamios de Comunica\u00e7\u00e3o da Confer\u00eancia Nacional dos Bispos do Brasil (CNBB). O pr\u00eamio chega \u00e0 sua 53\u00aa edi\u00e7\u00e3o e vai premiar trabalhos que destacam valores humanos e crist\u00e3os em trabalhos em diversas \u00e1reas da comunica\u00e7\u00e3o e da arte: Cinema (Pr\u00eamio Margarida de Prata), R\u00e1dio (Pr\u00eamio Microfone de Prata), Imprensa (Pr\u00eamio Dom H\u00e9lder C\u00e2mara), TV (Pr\u00eamio Clara de Assis) e Internet (Pr\u00eamio Dom Luciano Mendes de Almeida).<\/p>\n<p style=\"text-align: justify;\">E tem novidades para a edi\u00e7\u00e3o 2020: duas novas categorias. O <strong>pr\u00eamio Pastoral \u201cKerigma\u201d<\/strong>, que visa o reconhecimento e o incentivo de a\u00e7\u00f5es desenvolvidas pelas equipes da Pastoral da Comunica\u00e7\u00e3o, nas par\u00f3quias e dioceses, tendo como crit\u00e9rio a implementa\u00e7\u00e3o das Diretrizes Gerais da A\u00e7\u00e3o Evangelizadora da CNBB (2019-2023), e o <strong>pr\u00eamio \u201cPapa Francisco\u201d<\/strong>, que vai reconhecer e incentivar o trabalho dos pesquisadores em comunica\u00e7\u00e3o de gradua\u00e7\u00e3o e p\u00f3s-gradua\u00e7\u00e3o, que colaboram na reflex\u00e3o e no trabalho pastoral da Igreja no Brasil.<\/p>\n<div id=\"attachment_223557\" class=\"wp-caption alignleft\" style=\"text-align: justify;\"><a href=\"https:\/\/www.cnbb.org.br\/premios-de-comunicacao-da-cnbb-ganhadores-sao-homenageados-em-cerimonia\/52-premios-com-palco2\/\"><img loading=\"lazy\" decoding=\"async\" class=\"wp-image-223557\" src=\"https:\/\/www.cnbb.org.br\/wp-content\/uploads\/sites\/32\/2019\/08\/52-premios-com-palco2-1024x652.jpg\" srcset=\"https:\/\/www.cnbb.org.br\/wp-content\/uploads\/sites\/32\/2019\/08\/52-premios-com-palco2-1024x652.jpg 1024w, https:\/\/www.cnbb.org.br\/wp-content\/uploads\/sites\/32\/2019\/08\/52-premios-com-palco2-300x191.jpg 300w, https:\/\/www.cnbb.org.br\/wp-content\/uploads\/sites\/32\/2019\/08\/52-premios-com-palco2-768x489.jpg 768w, https:\/\/www.cnbb.org.br\/wp-content\/uploads\/sites\/32\/2019\/08\/52-premios-com-palco2.jpg 1033w\" alt=\"\" width=\"380\" height=\"242\" aria-describedby=\"caption-attachment-223557\" \/><\/a><\/p>\n<p id=\"caption-attachment-223557\" class=\"wp-caption-text\"><em>Edi\u00e7\u00e3o 2019 dos Pr\u00eamios de Comunica\u00e7\u00e3o CNBB<\/em><\/p>\n<\/div>\n<p style=\"text-align: justify;\">Al\u00e9m disso, a Comiss\u00e3o Episcopal Pastoral para a Comunica\u00e7\u00e3o da CNBB que organiza o pr\u00eamio vai outorgar novamente com a men\u00e7\u00e3o honrosa \u201cirm\u00e3 Doroty Stang\u201d\u00a0 para pessoas ou trabalhos do mundo da comunica\u00e7\u00e3o que se destacarem na promo\u00e7\u00e3o de valores humanos e crist\u00e3os.<\/p>\n<p style=\"text-align: justify;\">\u00c9 importante que cada fase do processo seja respeitada para o \u00eaxito da inscri\u00e7\u00e3o: leitura e aceita\u00e7\u00e3o das normas apresentadas no Regulamento\/Edital; apresenta\u00e7\u00e3o do trabalho que ir\u00e1 concorrer aos pr\u00eamios com resumo da obra e informa\u00e7\u00f5es sobre o autor; e, finalmente, o upload ou apresenta\u00e7\u00e3o de link do trabalho. \u00c9 preciso que o trabalho esteja dispon\u00edvel no per\u00edodo de 10\/02 a 10\/10\/2020. O trabalho que n\u00e3o estiver dispon\u00edvel neste per\u00edodo estar\u00e1 automaticamente desclassificado. Para se inscrever basta acessar o site: <a href=\"https:\/\/premios.cnbb.org.br\">https:\/\/premios.cnbb.org.br<\/a><\/p>\n<p style=\"text-align: justify;\"><strong>Processo<\/strong><\/p>\n<p style=\"text-align: justify;\">Desde 1967, os Pr\u00eamios de Comunica\u00e7\u00e3o da CNBB s\u00e3o apreciados por especialistas em cada \u00e1rea, numa primeira fase e, depois, na etapa final s\u00e3o escolhidos por uma comiss\u00e3o episcopal nomeada pelo Conselho Episcopal Pastoral (Consep).<\/p>\n<p style=\"text-align: justify;\">Depois de encerradas as inscri\u00e7\u00f5es, os trabalhos s\u00e3o levados a seis universidades cat\u00f3licas brasileiras e a um grupo de profissionais da Rede Cat\u00f3lica de R\u00e1dio (RCR) e da Signis Brasil.<\/p>\n<p style=\"text-align: justify;\">Os trabalhos de cinema s\u00e3o analisados pelos professores da \u00e1rea da Pontif\u00edcia Universidade Cat\u00f3lica do Rio de Janeiro (PUC Rio); os trabalhos de Imprensa e televis\u00e3o tocam aos professores da PUC Minas; os de r\u00e1dio s\u00e3o enviadas aos professores da PUC S\u00e3o Paulo e ao grupo da RCR e Signis Brasil; os inscritos para o pr\u00eamio de Internet s\u00e3o levados para os professores da Universidade Cat\u00f3lica de Salvador (UCSal). J\u00e1 os trabalhos das equipes da Pastoral da Comunica\u00e7\u00e3o ser\u00e3o analisados por professores da PUC Goi\u00e1s e os acad\u00eamico tocam aos professores da Universidade Cat\u00f3lica de Bras\u00edlia (UCB).<\/p>\n<p style=\"text-align: justify;\">Os especialistas escolhem tr\u00eas finalistas das 12 categorias dos cinco pr\u00eamios. Esses nomes dos finalistas, de costume, s\u00e3o amplamente divulgados. Nessa fase, cada trabalho \u00e9 visto e analisado pelos membros do j\u00fari episcopal, constitu\u00eddo por 5 bispos, membros do Conselho Episcopal Pastoral. Somente a\u00ed que a organiza\u00e7\u00e3o pode chegar ao nome dos vencedores. Sob sigilo, ent\u00e3o, a organiza\u00e7\u00e3o entra em contato com cada um dos vencedores para organizar a festa da entrega, que ser\u00e1 em outubro. Na ocasi\u00e3o, ser\u00e1 gravado um programa de TV transmitido pelas emissoras de inspira\u00e7\u00e3o cat\u00f3lica do Brasil.<\/p>\n","protected":false},"excerpt":{"rendered":"<p>Est\u00e3o abertas as inscri\u00e7\u00f5es para os Pr\u00eamios de Comunica\u00e7\u00e3o da Confer\u00eancia Nacional dos Bispos do Brasil (CNBB). O pr\u00eamio chega \u00e0 sua 53\u00aa edi\u00e7\u00e3o e vai premiar trabalhos que destacam valores humanos e crist\u00e3os em trabalhos em diversas \u00e1reas da comunica\u00e7\u00e3o e da arte: Cinema (Pr\u00eamio Margarida de Prata), R\u00e1dio (Pr\u00eamio Microfone de Prata), Imprensa [&hellip;]<\/p>\n","protected":false},"author":1,"featured_media":56948,"comment_status":"open","ping_status":"closed","sticky":false,"template":"","format":"standard","meta":{"footnotes":""},"categories":[7],"tags":[],"class_list":["post-56947","post","type-post","status-publish","format-standard","has-post-thumbnail","hentry","category-cnbb"],"_links":{"self":[{"href":"https:\/\/catolicanet.net\/wp-cnet\/wp-json\/wp\/v2\/posts\/56947","targetHints":{"allow":["GET"]}}],"collection":[{"href":"https:\/\/catolicanet.net\/wp-cnet\/wp-json\/wp\/v2\/posts"}],"about":[{"href":"https:\/\/catolicanet.net\/wp-cnet\/wp-json\/wp\/v2\/types\/post"}],"author":[{"embeddable":true,"href":"https:\/\/catolicanet.net\/wp-cnet\/wp-json\/wp\/v2\/users\/1"}],"replies":[{"embeddable":true,"href":"https:\/\/catolicanet.net\/wp-cnet\/wp-json\/wp\/v2\/comments?post=56947"}],"version-history":[{"count":1,"href":"https:\/\/catolicanet.net\/wp-cnet\/wp-json\/wp\/v2\/posts\/56947\/revisions"}],"predecessor-version":[{"id":56949,"href":"https:\/\/catolicanet.net\/wp-cnet\/wp-json\/wp\/v2\/posts\/56947\/revisions\/56949"}],"wp:featuredmedia":[{"embeddable":true,"href":"https:\/\/catolicanet.net\/wp-cnet\/wp-json\/wp\/v2\/media\/56948"}],"wp:attachment":[{"href":"https:\/\/catolicanet.net\/wp-cnet\/wp-json\/wp\/v2\/media?parent=56947"}],"wp:term":[{"taxonomy":"category","embeddable":true,"href":"https:\/\/catolicanet.net\/wp-cnet\/wp-json\/wp\/v2\/categories?post=56947"},{"taxonomy":"post_tag","embeddable":true,"href":"https:\/\/catolicanet.net\/wp-cnet\/wp-json\/wp\/v2\/tags?post=56947"}],"curies":[{"name":"wp","href":"https:\/\/api.w.org\/{rel}","templated":true}]}}