{"id":5694,"date":"2015-04-06T13:01:52","date_gmt":"2015-04-06T16:01:52","guid":{"rendered":"http:\/\/catolicanet.net\/wp-cnet\/a-pascoa-e-o-sacerdocio\/"},"modified":"2017-04-07T13:31:16","modified_gmt":"2017-04-07T16:31:16","slug":"a-pascoa-e-o-sacerdocio","status":"publish","type":"post","link":"https:\/\/catolicanet.net\/wp-cnet\/a-pascoa-e-o-sacerdocio\/","title":{"rendered":"A P\u00e1scoa e o Sacerd\u00f3cio"},"content":{"rendered":"<p style=\"text-align: justify;\">Na abertura do Tr\u00edduo Pascal, na Quinta Feira Santa, d\u00e1 se a celebra\u00e7\u00e3o da institui\u00e7\u00e3o do sacerd\u00f3cio crist\u00e3o. Tal ato de Cristo est\u00e1 intimamente ligado \u00e0 institui\u00e7\u00e3o da Eucaristia, o memorial da ceia e do sacrif\u00edcio do Senhor. O Senhor realizou isto \u00e0s v\u00e9speras de sua morte, \u00e0 mesa, incluindo a li\u00e7\u00e3o do servi\u00e7o humilde aos irm\u00e3os, lavando os p\u00e9s aos disc\u00edpulos e proclamando o resumo de sua mensagem: \u201cMeu mandamento \u00e9 este: amai-vos uns aos outros como eu vos amei\u201d (Jo 13,34). <br \/>Como antecipa\u00e7\u00e3o, os sacerdotes na manh\u00e3 deste dia se re\u00fanem nas catedrais de todo o mundo para, unidos com seus bispos, e perante eles, renovarem prazerosamente suas promessas sacerdotais.\u00a0 Celebram a misericordiosa institui\u00e7\u00e3o do Sacramento da Ordem, feita por Cristo em favor de sua Igreja, o Povo de Deus em marcha.<br \/>Neste dia, os presb\u00edteros param um pouco de seus numerosos afazeres, de seus intensos trabalhos nas par\u00f3quias, sobretudo do\u00a0 grande movimento de confiss\u00f5es sacramentais pr\u00f3prios da quaresma e mais ainda da Semana Santa, e reservam o per\u00edodo da manh\u00e3 desta Quinta Feira, somente para si e para a Igreja local, para estarem, em comunidade, perante Deus, celebrando sua unidade e harmonia com seus bispos, \u201ccomo as cordas de uma c\u00edtara\u201d , como expressou Santo In\u00e1cio de Antioquia. Re\u00fanem-se como verdadeiros irm\u00e3os, abra\u00e7am fraternalmente os di\u00e1conos e leigos,\u00a0 reunidos ao redor do Pastor diocesano, da forma que ensina e pede a Igreja. <br \/>Como pessoas consagradas e como corpo ministerial, s\u00e3o chamados a renovarem, mais uma vez, seus compromissos para com Deus e a Igreja, na sublime voca\u00e7\u00e3o que lhes foi dada: a de serem sacerdotes com Cristo, em Cristo e por Cristo.<br \/>Ali v\u00e3o acompanhados dos fi\u00e9is de suas par\u00f3quias para alevantar a\u00e7\u00f5es de gra\u00e7as pelo que puderam realizar no Reino de Deus durante o ano que passou; para oferecer os momentos dif\u00edceis vividos, unindo aos sacrif\u00edcios de Cristo celebrados na Sexta Feira Santa, e ainda para pedir gra\u00e7as ao \u00fanico e Eterno Sacerdote que os auxilie no tempo vindouro. Nesta Missa t\u00e3o especial, chamada Missa do Santo Crisma, dizem de todo o cora\u00e7\u00e3o mais uma vez a Cristo: \u201cAqui estou, feliz e disposto, para continuar a fazer a vossa vontade. Enviai-me mais uma vez para a miss\u00e3o, pois minha alegria \u00e9 servir-vos. Como v\u00f3s, tamb\u00e9m eu vim para servir e n\u00e3o para ser servido\u201d (cf Mc 10,45).<br \/>Neste momento, ao se preparem para a grande celebra\u00e7\u00e3o pascal, recordam, com toda a Igreja, que seu sacerd\u00f3cio n\u00e3o \u00e9 propriamente seu, mas participa\u00e7\u00e3o no sacerd\u00f3cio de Cristo, \u00fanico e verdadeiro sacerdote, como\u00a0 ensina a Carta aos Hebreus, sobretudo nos cap\u00edtulos 4 e 5. Agradecem a voca\u00e7\u00e3o que Deus lhes deu, sabendo que \u201cningu\u00e9m se apropria desta honra, a n\u00e3o ser aquele que foi chamado por Deus, como Aar\u00e3o\u201d(Hb 5,4).<br \/>O Sacerd\u00f3cio de Cristo, por ser pascal, inclui o sacrif\u00edcio da cruz, onde ele \u00e9 sacerdote, \u00e9 vitima e \u00e9 altar. Por isso os sacerdotes da Igreja sabem que contar\u00e3o sempre com desafios e \u00e0s vezes fortes obst\u00e1culos no exerc\u00edcio de seu minist\u00e9rio. Diante de tantos contrastes do mundo de hoje, \u00e9 justo perguntar: seria f\u00e1cil ser sacerdote de Cristo hoje em dia? Os desafios sociais continuam gritantes, de ricos cada vez mais ricos e pobres cada vez mais pobres, como se tem repetido em tantos discursos e homilias dos \u00faltimos anos, Crist\u00e3os s\u00e3o trucidados no oriente m\u00e9dio, crucificados, como Cristo e como Pedro, degolados como Paulo, vilipendiados como m\u00e1rtires e confessores. Em nosso pa\u00eds, os atuais desatinos na pol\u00edtica e em setores dos que nos governam, quando a corrup\u00e7\u00e3o tornou-se um c\u00e2ncer social que atingiu at\u00e9 mesmo grupos que antes mereciam alguma confian\u00e7a da popula\u00e7\u00e3o. Registremos ainda os abusos de certos setores da m\u00eddia lan\u00e7ando dentro dos lares programas televisivos que pretendem destruir a moral crist\u00e3, a demolir nossas fam\u00edlias, a desvirtuarem a educa\u00e7\u00e3o moral que os pais crist\u00e3os desejam dar aos seus filhos. <br \/>Tais desafios, contudo, n\u00e3o s\u00e3o apenas dos l\u00edderes, mas se estendem por toda a comunidade de f\u00e9. Constata-se que ser crist\u00e3o hoje \u00e9 uma exig\u00eancia que se imp\u00f5e. \u00c9 um ato de coragem.<br \/>Por\u00e9m, os ministros sagrados e toda a comunidade n\u00e3o s\u00e3o um povo desiludido, nem triste nem desesperado. A pr\u00f3pria institui\u00e7\u00e3o do Sacerd\u00f3cio, da Eucaristia, a li\u00e7\u00e3o do lava-p\u00e9s e a proclama\u00e7\u00e3o do Mandamento Novo, \u00fanico de Cristo, os tranq\u00fcilizam, pois sabem em quem puseram sua esperan\u00e7a (cf I Tim 4, 10), no dizer de Paulo, e sabem que nunca ter\u00e3o um campo livre para atuarem, uma vez que o Senhor tamb\u00e9m padeceu, morreu, mas n\u00e3o permaneceu na morte, e vive entre n\u00f3s, de forma invis\u00edvel, mas real e forte. O momento pascal \u00e9 a celebra\u00e7\u00e3o da vit\u00f3ria da vida sobre a morte, do bem sobre o mal. Cristo vive e \u00e9 nossa vit\u00f3ria! Continua a dizer: coragem, eu venci o mundo! (Jo 16,33) <br \/>Ele \u00e9 a doa\u00e7\u00e3o divina que permanece! <br \/>Feliz P\u00e1scoa!<\/p>\n<p>Dom Gil Ant\u00f4nio Moreira<br \/>Arcebispo Metropolitano de Juiz de Fora<\/p>\n","protected":false},"excerpt":{"rendered":"<p>Na abertura do Tr\u00edduo Pascal, na Quinta Feira Santa, d\u00e1 se a celebra\u00e7\u00e3o da institui\u00e7\u00e3o do sacerd\u00f3cio crist\u00e3o. Tal ato de Cristo est\u00e1 intimamente ligado \u00e0 institui\u00e7\u00e3o da Eucaristia, o memorial da ceia e do sacrif\u00edcio do Senhor. O Senhor realizou isto \u00e0s v\u00e9speras de sua morte, \u00e0 mesa, incluindo a li\u00e7\u00e3o do servi\u00e7o humilde [&hellip;]<\/p>\n","protected":false},"author":1,"featured_media":0,"comment_status":"closed","ping_status":"closed","sticky":false,"template":"","format":"standard","meta":{"footnotes":""},"categories":[4],"tags":[],"class_list":["post-5694","post","type-post","status-publish","format-standard","hentry","category-cotidiano"],"_links":{"self":[{"href":"https:\/\/catolicanet.net\/wp-cnet\/wp-json\/wp\/v2\/posts\/5694","targetHints":{"allow":["GET"]}}],"collection":[{"href":"https:\/\/catolicanet.net\/wp-cnet\/wp-json\/wp\/v2\/posts"}],"about":[{"href":"https:\/\/catolicanet.net\/wp-cnet\/wp-json\/wp\/v2\/types\/post"}],"author":[{"embeddable":true,"href":"https:\/\/catolicanet.net\/wp-cnet\/wp-json\/wp\/v2\/users\/1"}],"replies":[{"embeddable":true,"href":"https:\/\/catolicanet.net\/wp-cnet\/wp-json\/wp\/v2\/comments?post=5694"}],"version-history":[{"count":1,"href":"https:\/\/catolicanet.net\/wp-cnet\/wp-json\/wp\/v2\/posts\/5694\/revisions"}],"predecessor-version":[{"id":10454,"href":"https:\/\/catolicanet.net\/wp-cnet\/wp-json\/wp\/v2\/posts\/5694\/revisions\/10454"}],"wp:attachment":[{"href":"https:\/\/catolicanet.net\/wp-cnet\/wp-json\/wp\/v2\/media?parent=5694"}],"wp:term":[{"taxonomy":"category","embeddable":true,"href":"https:\/\/catolicanet.net\/wp-cnet\/wp-json\/wp\/v2\/categories?post=5694"},{"taxonomy":"post_tag","embeddable":true,"href":"https:\/\/catolicanet.net\/wp-cnet\/wp-json\/wp\/v2\/tags?post=5694"}],"curies":[{"name":"wp","href":"https:\/\/api.w.org\/{rel}","templated":true}]}}