{"id":56925,"date":"2020-02-17T15:08:27","date_gmt":"2020-02-17T18:08:27","guid":{"rendered":"https:\/\/catolicanet.net\/wp-cnet\/?p=56925"},"modified":"2020-02-17T15:10:17","modified_gmt":"2020-02-17T18:10:17","slug":"reviva-a-emocao-dos-milhares-de-homens-do-terco-no-santuario-de-aparecida","status":"publish","type":"post","link":"https:\/\/catolicanet.net\/wp-cnet\/reviva-a-emocao-dos-milhares-de-homens-do-terco-no-santuario-de-aparecida\/","title":{"rendered":"Reviva a emo\u00e7\u00e3o dos milhares de homens do Ter\u00e7o no Santu\u00e1rio de Aparecida"},"content":{"rendered":"<p style=\"text-align: justify;\">Nos dias <b>14, 15 e 16 de fevereiro <\/b>milhares de <b>homens do Ter\u00e7o<\/b> se reuniram no Santu\u00e1rio de Aparecida, para a<b> 12\u00aa Romaria Nacional<\/b> na Casa da M\u00e3e. Foram<b> tr\u00eas dias de muita emo\u00e7\u00e3o, ora\u00e7\u00e3o e gratid\u00e3o<\/b>. Em toda a programa\u00e7\u00e3o, os homens expressavam a <b>devo\u00e7\u00e3o e amor \u00e0 M\u00e3e de Deus<\/b>, pela oportunidade de crescer e amadurecer na f\u00e9, a partir da<b><a href=\"https:\/\/www.youtube.com\/watch?v=fyGHBNsYFPc\" target=\"_blank\" rel=\"noopener noreferrer\"> ora\u00e7\u00e3o do Santo Ter\u00e7o<\/a><\/b>.<\/p>\n<p style=\"text-align: justify;\">Com tantos <b>momentos especiais<\/b>, o Santu\u00e1rio de Aparecida \u00e9 s\u00f3 g<b>ratid\u00e3o pela participa\u00e7\u00e3o de tantos grupos <\/b>que se comprometeram para que este grande encontro, fosse t\u00e3o lindo e<b> rico em b\u00ean\u00e7\u00e3os<\/b>.<\/p>\n<p style=\"text-align: justify;\">Confira est\u00e1<b> homenagem aos homens <\/b>presentes na <b>Romaria <\/b>deste ano de<b> 2020<\/b>.<\/p>\n<iframe loading=\"lazy\"  id=\"_ytid_75658\"  width=\"696\" height=\"392\"  data-origwidth=\"696\" data-origheight=\"392\"  data-relstop=\"1\" src=\"https:\/\/www.youtube.com\/embed\/RLC4DIK7xrs?enablejsapi=1&autoplay=0&cc_load_policy=0&cc_lang_pref=&iv_load_policy=1&loop=0&rel=0&fs=1&playsinline=0&autohide=2&theme=dark&color=red&controls=1&disablekb=0&\" class=\"__youtube_prefs__  no-lazyload\" title=\"YouTube player\"  allow=\"fullscreen; accelerometer; autoplay; clipboard-write; encrypted-media; gyroscope; picture-in-picture; web-share\" referrerpolicy=\"strict-origin-when-cross-origin\" allowfullscreen data-no-lazy=\"1\" data-skipgform_ajax_framebjll=\"\"><\/iframe>\n","protected":false},"excerpt":{"rendered":"<p>Nos dias 14, 15 e 16 de fevereiro milhares de homens do Ter\u00e7o se reuniram no Santu\u00e1rio de Aparecida, para a 12\u00aa Romaria Nacional na Casa da M\u00e3e. Foram tr\u00eas dias de muita emo\u00e7\u00e3o, ora\u00e7\u00e3o e gratid\u00e3o. Em toda a programa\u00e7\u00e3o, os homens expressavam a devo\u00e7\u00e3o e amor \u00e0 M\u00e3e de Deus, pela oportunidade de [&hellip;]<\/p>\n","protected":false},"author":1,"featured_media":56926,"comment_status":"open","ping_status":"closed","sticky":false,"template":"","format":"standard","meta":{"footnotes":""},"categories":[4],"tags":[],"class_list":["post-56925","post","type-post","status-publish","format-standard","has-post-thumbnail","hentry","category-cotidiano"],"_links":{"self":[{"href":"https:\/\/catolicanet.net\/wp-cnet\/wp-json\/wp\/v2\/posts\/56925","targetHints":{"allow":["GET"]}}],"collection":[{"href":"https:\/\/catolicanet.net\/wp-cnet\/wp-json\/wp\/v2\/posts"}],"about":[{"href":"https:\/\/catolicanet.net\/wp-cnet\/wp-json\/wp\/v2\/types\/post"}],"author":[{"embeddable":true,"href":"https:\/\/catolicanet.net\/wp-cnet\/wp-json\/wp\/v2\/users\/1"}],"replies":[{"embeddable":true,"href":"https:\/\/catolicanet.net\/wp-cnet\/wp-json\/wp\/v2\/comments?post=56925"}],"version-history":[{"count":1,"href":"https:\/\/catolicanet.net\/wp-cnet\/wp-json\/wp\/v2\/posts\/56925\/revisions"}],"predecessor-version":[{"id":56927,"href":"https:\/\/catolicanet.net\/wp-cnet\/wp-json\/wp\/v2\/posts\/56925\/revisions\/56927"}],"wp:featuredmedia":[{"embeddable":true,"href":"https:\/\/catolicanet.net\/wp-cnet\/wp-json\/wp\/v2\/media\/56926"}],"wp:attachment":[{"href":"https:\/\/catolicanet.net\/wp-cnet\/wp-json\/wp\/v2\/media?parent=56925"}],"wp:term":[{"taxonomy":"category","embeddable":true,"href":"https:\/\/catolicanet.net\/wp-cnet\/wp-json\/wp\/v2\/categories?post=56925"},{"taxonomy":"post_tag","embeddable":true,"href":"https:\/\/catolicanet.net\/wp-cnet\/wp-json\/wp\/v2\/tags?post=56925"}],"curies":[{"name":"wp","href":"https:\/\/api.w.org\/{rel}","templated":true}]}}