{"id":56915,"date":"2020-02-17T11:43:19","date_gmt":"2020-02-17T14:43:19","guid":{"rendered":"https:\/\/catolicanet.net\/wp-cnet\/?p=56915"},"modified":"2020-02-17T11:43:19","modified_gmt":"2020-02-17T14:43:19","slug":"por-que-o-carnaval-e-a-pascoa-nao-tem-data-fixa","status":"publish","type":"post","link":"https:\/\/catolicanet.net\/wp-cnet\/por-que-o-carnaval-e-a-pascoa-nao-tem-data-fixa\/","title":{"rendered":"Por que o Carnaval e a P\u00e1scoa n\u00e3o t\u00eam data fixa?"},"content":{"rendered":"<div class=\"io-div\" data-io-article-url=\"https:\/\/pt.aleteia.org\/2020\/02\/16\/por-que-o-carnaval-e-a-pascoa-nao-tem-data-fixa\/\">\n<h2 class=\"subtitle\" style=\"text-align: justify;\">O Carnaval antecede \u00e0 Quaresma. Esta, por sua vez, \u00e9 a prepara\u00e7\u00e3o para a P\u00e1scoa crist\u00e3<\/h2>\n<div class=\"base-post-content\">Este artigo visa oferecer resposta exata \u00e0 pergunta acima, dado ser ela causa de dificuldades a n\u00e3o poucos leitores.<\/p>\n<p style=\"text-align: justify;\">Para come\u00e7o de conversa, devemos nos lembrar de que o Carnaval antecede \u00e0 Quaresma. Esta, por sua vez, \u00e9 a prepara\u00e7\u00e3o para a P\u00e1scoa crist\u00e3. Pois bem, fazendo o caminho inverso, notamos o seguinte: a data da P\u00e1scoa n\u00e3o \u00e9 calculada pelo calend\u00e1rio solar comum, mas, sim, pelo antigo calend\u00e1rio lunar, conforme prescrito no livro b\u00edblico do \u00caxodo 12,1-14. Ora, segundo tal calend\u00e1rio, a data da P\u00e1scoa \u00e9 m\u00f3vel a cada ano, por conseguinte, tamb\u00e9m n\u00e3o podem ser fixas as datas da Quaresma e do Carnaval. Da\u00ed a quest\u00e3o: qual regra determina o Domingo de P\u00e1scoa?<\/p>\n<p style=\"text-align: justify;\">Em resposta, dizemos que \u00e9 preciso observar, antes de tudo, o equin\u00f3cio da Primavera (momento no qual o sol corta a Linha do Equador tornando os dias iguais \u00e0s noites). Isso se d\u00e1 duas vezes no ano: 21 e 22 de mar\u00e7o, no hemisf\u00e9rio norte, e 22 e 23 de setembro no hemisf\u00e9rio sul. A n\u00f3s interessa, \u00e9 \u00f3bvio, s\u00f3 a primeira data, uma vez que as regras para a data da P\u00e1scoa foram elaboradas no hemisf\u00e9rio norte. Pois bem, basta tomar uma folhinha comum e nela observar a \u00faltima lua nova anterior ao equin\u00f3cio da Primavera. Feito isso, \u00e9 s\u00f3 contar o tempo entre duas luas novas consecutivas o que dar\u00e1 29 dias, 12 horas, 40 minutos e dois segundos. O primeiro Domingo ap\u00f3s o 14\u00ba dia da primeira lua nova posterior ao equin\u00f3cio da Primavera ser\u00e1 a data da P\u00e1scoa crist\u00e3.<\/p>\n<p style=\"text-align: justify;\">Trazendo para este ano de 2020, temos: em 21 e 22 de mar\u00e7o, o equin\u00f3cio da Primavera. A \u00faltima lua nova antes dessa data \u00e9 23 de fevereiro. As duas luas novas seguintes s\u00e3o 24 de mar\u00e7o e 22 de abril. Ent\u00e3o, marque o dia 24 de mar\u00e7o e acrescente-lhe 14 dias, estaremos em 7 de abril. O domingo posterior ser\u00e1, obrigatoriamente, a P\u00e1scoa (12 de abril). Ou, de forma mais pr\u00e1tica, o primeiro Domingo depois da lua cheia que se segue ao equin\u00f3cio da Primavera \u00e9 o Domingo de P\u00e1scoa: neste ano, essa lua cheia tamb\u00e9m cai no dia 7 de abril. Uma coisa, no entanto, \u00e9 certa: todos os anos, a primeira lua nova antes do equin\u00f3cio da Primavera ocorre, necessariamente, entre 8 de mar\u00e7o e 5 de abril, a P\u00e1scoa crist\u00e3 sempre tem de ser comemorada, ent\u00e3o, entre 22 de mar\u00e7o e 25 de abril (data mais tardia poss\u00edvel).<\/p>\n<p style=\"text-align: justify;\">Elucidada a data da P\u00e1scoa, voltemo-nos \u00e0 Quaresma e ao Carnaval que a antecedem. Eis o procedimento: uma vez encontrada a data da P\u00e1scoa, contem-se seis semanas anteriores ou 42 dias. Desse total de dias, retirem-se os 6 Domingos, dado que neles n\u00e3o se faz jejum ou penit\u00eancia. Temos, assim, 42-6 = 36. Contudo, como a Quaresma, segundo o pr\u00f3prio nome sugere (cf. Mt 4,1-11; Mc 1,12-13; Lc 4,1-13), comp\u00f5e-se de 40 dias acrescentam-se aos 36 dias mais 4 anteriores; ou seja, da quarta-feira, dita de Cinzas, ao s\u00e1bado. Ora, o Carnaval ocorre, ent\u00e3o, nos 4 dias anteriores \u00e0 quarta-feira de Cinzas.<\/p>\n<p style=\"text-align: justify;\">Sobre o Carnaval, devemos dizer que teve, segundo consta, origem nos festejos agr\u00e1rios do Egito e do Oriente Pr\u00f3ximo, por volta de 4000 a.C., com suas marcas pr\u00f3prias: a divers\u00e3o, mas uma divers\u00e3o acompanhada da libertinagem sexual e da desordem social. Hoje, em pleno s\u00e9culo XXI, as reflex\u00f5es em torno dessa festa popular parecem centrar-se em dois principais pontos: 1) as graves ofensas a Deus por meio de pecados diversos que n\u00e3o devem ser jamais fomentados, mas, sim, combatidos dentro da lei e da ordem e 2) o gasto de dinheiro p\u00fablico \u2013 ali\u00e1s, j\u00e1 cancelado por alguns prefeitos \u2013 que poderia ser canalizado para sa\u00fade, moradia, educa\u00e7\u00e3o, seguran\u00e7a p\u00fablica etc.<\/p>\n<p style=\"text-align: justify;\">Queiramos refletir!<\/p>\n<\/div>\n<\/div>\n","protected":false},"excerpt":{"rendered":"<p>O Carnaval antecede \u00e0 Quaresma. Esta, por sua vez, \u00e9 a prepara\u00e7\u00e3o para a P\u00e1scoa crist\u00e3 Este artigo visa oferecer resposta exata \u00e0 pergunta acima, dado ser ela causa de dificuldades a n\u00e3o poucos leitores. Para come\u00e7o de conversa, devemos nos lembrar de que o Carnaval antecede \u00e0 Quaresma. Esta, por sua vez, \u00e9 a [&hellip;]<\/p>\n","protected":false},"author":1,"featured_media":56916,"comment_status":"open","ping_status":"closed","sticky":false,"template":"","format":"standard","meta":{"footnotes":""},"categories":[4,13],"tags":[],"class_list":["post-56915","post","type-post","status-publish","format-standard","has-post-thumbnail","hentry","category-cotidiano","category-featured"],"_links":{"self":[{"href":"https:\/\/catolicanet.net\/wp-cnet\/wp-json\/wp\/v2\/posts\/56915","targetHints":{"allow":["GET"]}}],"collection":[{"href":"https:\/\/catolicanet.net\/wp-cnet\/wp-json\/wp\/v2\/posts"}],"about":[{"href":"https:\/\/catolicanet.net\/wp-cnet\/wp-json\/wp\/v2\/types\/post"}],"author":[{"embeddable":true,"href":"https:\/\/catolicanet.net\/wp-cnet\/wp-json\/wp\/v2\/users\/1"}],"replies":[{"embeddable":true,"href":"https:\/\/catolicanet.net\/wp-cnet\/wp-json\/wp\/v2\/comments?post=56915"}],"version-history":[{"count":1,"href":"https:\/\/catolicanet.net\/wp-cnet\/wp-json\/wp\/v2\/posts\/56915\/revisions"}],"predecessor-version":[{"id":56917,"href":"https:\/\/catolicanet.net\/wp-cnet\/wp-json\/wp\/v2\/posts\/56915\/revisions\/56917"}],"wp:featuredmedia":[{"embeddable":true,"href":"https:\/\/catolicanet.net\/wp-cnet\/wp-json\/wp\/v2\/media\/56916"}],"wp:attachment":[{"href":"https:\/\/catolicanet.net\/wp-cnet\/wp-json\/wp\/v2\/media?parent=56915"}],"wp:term":[{"taxonomy":"category","embeddable":true,"href":"https:\/\/catolicanet.net\/wp-cnet\/wp-json\/wp\/v2\/categories?post=56915"},{"taxonomy":"post_tag","embeddable":true,"href":"https:\/\/catolicanet.net\/wp-cnet\/wp-json\/wp\/v2\/tags?post=56915"}],"curies":[{"name":"wp","href":"https:\/\/api.w.org\/{rel}","templated":true}]}}