{"id":56892,"date":"2020-02-17T11:24:25","date_gmt":"2020-02-17T14:24:25","guid":{"rendered":"https:\/\/catolicanet.net\/wp-cnet\/?p=56892"},"modified":"2020-02-17T11:24:25","modified_gmt":"2020-02-17T14:24:25","slug":"embaixadores-de-uma-igreja-missionaria","status":"publish","type":"post","link":"https:\/\/catolicanet.net\/wp-cnet\/embaixadores-de-uma-igreja-missionaria\/","title":{"rendered":"Embaixadores de uma Igreja mission\u00e1ria"},"content":{"rendered":"<div class=\"article__subTitle\" style=\"text-align: justify;\">A decis\u00e3o do Papa de inserir um ano de miss\u00e3o no curr\u00edculo formativo dos funcion\u00e1rios diplom\u00e1ticos da Santa S\u00e9.<\/div>\n<div class=\"title__separator\" style=\"text-align: justify;\"><\/div>\n<div class=\"article__text\">\n<p style=\"text-align: justify;\"><b>ANDREA TORNIELLI<\/b><\/p>\n<p style=\"text-align: justify;\">A decis\u00e3o papal de inserir no curriculum de forma\u00e7\u00e3o dos diplomatas a servi\u00e7o das nunciaturas de um ano a ser transcorrido em terra de miss\u00e3o foi tomada poucos meses depois do an\u00fancio feito por Francisco no discurso conclusivo do S\u00ednodo para a Amaz\u00f4nia. Um an\u00fancio que agora se torna realidade para os novos alunos da Pontif\u00edcia Academia Eclesi\u00e1stica no ano acad\u00eamico 2020\/2021.<\/p>\n<p style=\"text-align: justify;\">\u00c9 interessante notar o contexto em que esse projeto foi pela primeira vez divulgado: a necessidade de encontrar sacerdotes para as miss\u00f5es e a dificuldade de encontrar quem se disponibiliza. O Papa citou a resposta negativa que \u00e0s vezes se ouve: \u201cN\u00e3o, eu n\u00e3o sou adequado para isso\u201d. \u201cPois bem\u201d, comentou o Pont\u00edfice, \u201cisso deve ser reformado. Os jovens religiosos tem uma voca\u00e7\u00e3o muito grande e \u00e9 preciso form\u00e1-los ao zelo apost\u00f3lico para irem aos territ\u00f3rios de fronteira\u201d. Logo depois, Francisco falou tamb\u00e9m dos futuros diplomatas, acenando a uma \u201csugest\u00e3o\u201d recebida: \u201cNo curriculum do servi\u00e7o diplom\u00e1tico da Santa S\u00e9, os jovens sacerdotes passar\u00e3o pelo menos um ano em terra de miss\u00e3o, n\u00e3o fazendo est\u00e1gio na nunciatura, como se faz atualmente, que \u00e9 muito \u00fatil, mas a servi\u00e7o de um bispo num lugar de miss\u00e3o\u201d.<\/p>\n<p style=\"text-align: justify;\">Agora, isso se concretiza e no final de sua carta ao presidente da Academia, o Papa sublinha: \u201cA experi\u00eancia mission\u00e1ria que queremos promover ser\u00e1 \u00fatil n\u00e3o apenas para os jovens acad\u00eamicos, mas tamb\u00e9m para as Igrejas individuais com as quais eles colaborar\u00e3o e, espero, que desperte em outros sacerdotes de toda a Igreja o desejo de estar dispon\u00edvel a desempenhar um per\u00edodo de servi\u00e7o mission\u00e1rio fora da pr\u00f3pria diocese\u201d. O compromisso dos futuros n\u00fancios apost\u00f3licos servir\u00e1 como exemplo para que outros sacerdotes acolham o convite de passar um tempo em miss\u00e3o.<\/p>\n<p style=\"text-align: justify;\">N\u00e3o h\u00e1 d\u00favida de que a decis\u00e3o, agora formalizada pelo Sucessor de Pedro, represente uma mudan\u00e7a realmente significativa no decurso dos estudos para quem servir\u00e1 nas nunciaturas e, em muitos casos, ser\u00e1 destinado a alcan\u00e7ar o episcopado ainda relativamente jovem. Um ponto fundamental do curriculum se torna agora este ano dedicado ao servi\u00e7o mission\u00e1rio no local, fora do jardim de casa, sujando as m\u00e3os na pastoral, nas Igrejas de fronteira. Um ano de mudan\u00e7a, de esfor\u00e7o, de experi\u00eancias novas que ajudar\u00e1 numa melhor e mais profunda compreens\u00e3o da realidade da Igreja, de seus problemas e dificuldades, mas tamb\u00e9m de suas esperan\u00e7as e da confortadora beleza de sua cotidianidade. Um ano que ajudar\u00e1 os alunos da Academia, seus superiores e bispos das dioceses de origem, a discernir melhor as voca\u00e7\u00f5es. Um ano que tamb\u00e9m poder\u00e1 dissuadir algu\u00e9m de empreender esse servi\u00e7o. Certamente, ser\u00e1 uma experi\u00eancia destinada a mudar o olhar e a perspectiva daqueles que um dia ser\u00e3o chamados a representar o Papa nos v\u00e1rios pa\u00edses, destacando a import\u00e2ncia das Igrejas locais de ajudarem o Papa, enviando sacerdotes bons e capazes a seu servi\u00e7o.<\/p>\n<p style=\"text-align: justify;\">Mais uma vez, Francisco nos recorda que toda a Igreja, incluindo o servi\u00e7o diplom\u00e1tico, ou \u00e9 mission\u00e1ria ou n\u00e3o \u00e9. \u201cA Igreja ou \u00e9 em sa\u00edda ou n\u00e3o \u00e9 Igreja. Ou anuncia ou n\u00e3o \u00e9 Igreja. Se a Igreja n\u00e3o sai, se corrompe, se desvirtua. Torna-se outra coisa\u201d, como disse o Papa no precioso livro-entrevista com Gianni Valente: \u201cSem Ele n\u00e3o podemos fazer nada\u201d. \u201cA miss\u00e3o\u201d, acrescentou o Papa no texto recente que merece ser assumido e divulgado, \u201cn\u00e3o \u00e9 um projeto empresarial bem testado. N\u00e3o \u00e9 nem mesmo um espet\u00e1culo organizado para contar quanta gente participa gra\u00e7as \u00e0s nossas propagandas. O Esp\u00edrito Santo age como quer, quando quer e onde quer\u201d. \u201cA fecundidade misteriosa da miss\u00e3o n\u00e3o consiste em nossas inten\u00e7\u00f5es, em nossos m\u00e9todos, em nossas din\u00e2micas e em nossas iniciativas, mas repousa na sensa\u00e7\u00e3o: a sensa\u00e7\u00e3o que se sente diante das palavras de Jesus, quando diz: \u201c<i>Sem mim voc\u00eas n\u00e3o podem fazer nada\u201d.<\/i><\/p>\n<\/div>\n","protected":false},"excerpt":{"rendered":"<p>A decis\u00e3o do Papa de inserir um ano de miss\u00e3o no curr\u00edculo formativo dos funcion\u00e1rios diplom\u00e1ticos da Santa S\u00e9. ANDREA TORNIELLI A decis\u00e3o papal de inserir no curriculum de forma\u00e7\u00e3o dos diplomatas a servi\u00e7o das nunciaturas de um ano a ser transcorrido em terra de miss\u00e3o foi tomada poucos meses depois do an\u00fancio feito por [&hellip;]<\/p>\n","protected":false},"author":1,"featured_media":56893,"comment_status":"open","ping_status":"closed","sticky":false,"template":"","format":"standard","meta":{"footnotes":""},"categories":[3],"tags":[],"class_list":["post-56892","post","type-post","status-publish","format-standard","has-post-thumbnail","hentry","category-vaticano"],"_links":{"self":[{"href":"https:\/\/catolicanet.net\/wp-cnet\/wp-json\/wp\/v2\/posts\/56892","targetHints":{"allow":["GET"]}}],"collection":[{"href":"https:\/\/catolicanet.net\/wp-cnet\/wp-json\/wp\/v2\/posts"}],"about":[{"href":"https:\/\/catolicanet.net\/wp-cnet\/wp-json\/wp\/v2\/types\/post"}],"author":[{"embeddable":true,"href":"https:\/\/catolicanet.net\/wp-cnet\/wp-json\/wp\/v2\/users\/1"}],"replies":[{"embeddable":true,"href":"https:\/\/catolicanet.net\/wp-cnet\/wp-json\/wp\/v2\/comments?post=56892"}],"version-history":[{"count":1,"href":"https:\/\/catolicanet.net\/wp-cnet\/wp-json\/wp\/v2\/posts\/56892\/revisions"}],"predecessor-version":[{"id":56894,"href":"https:\/\/catolicanet.net\/wp-cnet\/wp-json\/wp\/v2\/posts\/56892\/revisions\/56894"}],"wp:featuredmedia":[{"embeddable":true,"href":"https:\/\/catolicanet.net\/wp-cnet\/wp-json\/wp\/v2\/media\/56893"}],"wp:attachment":[{"href":"https:\/\/catolicanet.net\/wp-cnet\/wp-json\/wp\/v2\/media?parent=56892"}],"wp:term":[{"taxonomy":"category","embeddable":true,"href":"https:\/\/catolicanet.net\/wp-cnet\/wp-json\/wp\/v2\/categories?post=56892"},{"taxonomy":"post_tag","embeddable":true,"href":"https:\/\/catolicanet.net\/wp-cnet\/wp-json\/wp\/v2\/tags?post=56892"}],"curies":[{"name":"wp","href":"https:\/\/api.w.org\/{rel}","templated":true}]}}