{"id":5688,"date":"2015-04-02T12:52:46","date_gmt":"2015-04-02T15:52:46","guid":{"rendered":"http:\/\/catolicanet.net\/wp-cnet\/futebol-lusofono-cabo-verde-derrota-portugal-num-jogo-solidario\/"},"modified":"2017-04-07T13:42:51","modified_gmt":"2017-04-07T16:42:51","slug":"futebol-lusofono-cabo-verde-derrota-portugal-num-jogo-solidario","status":"publish","type":"post","link":"https:\/\/catolicanet.net\/wp-cnet\/futebol-lusofono-cabo-verde-derrota-portugal-num-jogo-solidario\/","title":{"rendered":"Futebol lus\u00f3fono: Cabo Verde derrota Portugal num jogo solid\u00e1rio"},"content":{"rendered":"<p style=\"text-align: justify;\"><img decoding=\"async\" src=\"http:\/\/catolicanet.com.br\/images\/stories\/geral\/futebollusofono.jpg\" border=\"0\" align=\"left\" \/>Um donativo de 50 mil euros para as v\u00edtimas do vulc\u00e3o na Ilha do Fogo foi entregue na noite da passada ter\u00e7a-feira, 31 de mar\u00e7o, pelo Presidente da Federa\u00e7\u00e3o Portuguesa de Futebol ao Presidente de Cabo Verde, Jorge Carlos Fonseca, no intervalo do jogo entre as selec\u00e7\u00f5es de Portugal e de Cabo Verde, que terminou com a vit\u00f3ria dos &#8220;tubar\u00f5es azuis&#8221; por duas bolas a zero.<\/p>\n<p>Uma vit\u00f3ria hist\u00f3rica, no Est\u00e1dio Coimbra da Mota, no Estoril, a primeira dos Cabo-Verdianos nos confrontos entre as duas selec\u00e7\u00f5es, sublinhada com grande satisfa\u00e7\u00e3o pelo Presidente de Cabo Verde que agradeceu ao povo portugu\u00eas esta ajuda solid\u00e1ria.<\/p>\n<p>\u201cUma vit\u00f3ria que soube a cachupa\u201d, foi uma das frases mais curiosas ouvidas na claque dos &#8220;tubar\u00f5es azuis&#8221;, na sua maioria da di\u00e1spora cabo-verdiana em Portugal que n\u00e3o se cansou de deixar palavras de est\u00edmulo aos craques da selec\u00e7\u00e3o do seu pa\u00eds, o\u00a0 38.\u00ba do ranking da FIFA.<\/p>\n<p>De Lisboa, Domingos Pinto.<\/p>\n<p style=\"text-align: justify;\">\u00a0<\/p>\n<p style=\"text-align: justify;\"><strong>Fonte:<\/strong> R\u00e1dio Vaticano<\/p>\n","protected":false},"excerpt":{"rendered":"<p>Um donativo de 50 mil euros para as v\u00edtimas do vulc\u00e3o na Ilha do Fogo foi entregue na noite da passada ter\u00e7a-feira, 31 de mar\u00e7o, pelo Presidente da Federa\u00e7\u00e3o Portuguesa de Futebol ao Presidente de Cabo Verde, Jorge Carlos Fonseca, no intervalo do jogo entre as selec\u00e7\u00f5es de Portugal e de Cabo Verde, que terminou [&hellip;]<\/p>\n","protected":false},"author":1,"featured_media":0,"comment_status":"closed","ping_status":"closed","sticky":false,"template":"","format":"standard","meta":{"footnotes":""},"categories":[4],"tags":[],"class_list":["post-5688","post","type-post","status-publish","format-standard","hentry","category-cotidiano"],"_links":{"self":[{"href":"https:\/\/catolicanet.net\/wp-cnet\/wp-json\/wp\/v2\/posts\/5688","targetHints":{"allow":["GET"]}}],"collection":[{"href":"https:\/\/catolicanet.net\/wp-cnet\/wp-json\/wp\/v2\/posts"}],"about":[{"href":"https:\/\/catolicanet.net\/wp-cnet\/wp-json\/wp\/v2\/types\/post"}],"author":[{"embeddable":true,"href":"https:\/\/catolicanet.net\/wp-cnet\/wp-json\/wp\/v2\/users\/1"}],"replies":[{"embeddable":true,"href":"https:\/\/catolicanet.net\/wp-cnet\/wp-json\/wp\/v2\/comments?post=5688"}],"version-history":[{"count":1,"href":"https:\/\/catolicanet.net\/wp-cnet\/wp-json\/wp\/v2\/posts\/5688\/revisions"}],"predecessor-version":[{"id":10468,"href":"https:\/\/catolicanet.net\/wp-cnet\/wp-json\/wp\/v2\/posts\/5688\/revisions\/10468"}],"wp:attachment":[{"href":"https:\/\/catolicanet.net\/wp-cnet\/wp-json\/wp\/v2\/media?parent=5688"}],"wp:term":[{"taxonomy":"category","embeddable":true,"href":"https:\/\/catolicanet.net\/wp-cnet\/wp-json\/wp\/v2\/categories?post=5688"},{"taxonomy":"post_tag","embeddable":true,"href":"https:\/\/catolicanet.net\/wp-cnet\/wp-json\/wp\/v2\/tags?post=5688"}],"curies":[{"name":"wp","href":"https:\/\/api.w.org\/{rel}","templated":true}]}}