{"id":5685,"date":"2015-04-02T12:29:00","date_gmt":"2015-04-02T15:29:00","guid":{"rendered":"http:\/\/catolicanet.net\/wp-cnet\/6-metas-pessoais-para-esta-semana-santa\/"},"modified":"2017-04-07T13:45:17","modified_gmt":"2017-04-07T16:45:17","slug":"6-metas-pessoais-para-esta-semana-santa","status":"publish","type":"post","link":"https:\/\/catolicanet.net\/wp-cnet\/6-metas-pessoais-para-esta-semana-santa\/","title":{"rendered":"6 metas pessoais para esta Semana Santa"},"content":{"rendered":"<p style=\"text-align: justify;\">Para quem quer experimentar o verdadeiro sentido da Semana Santa e ressuscitar com Jesus<\/p>\n<p><img decoding=\"async\" src=\"http:\/\/catolicanet.com.br\/images\/stories\/geral\/metassemanasanta.jpg\" border=\"0\" align=\"left\" \/>A Quaresma e a Semana Santa s\u00e3o caminhos de crescimento espiritual para ratificar, diante de n\u00f3s mesmos e dos outros, que Deus passou pelas nossas vidas para fazer de n\u00f3s pessoas melhores, e por isso nos comprometemos a ser testemunhas dessa convers\u00e3o. Este \u00e9 realmente o sentido da Semana Santa: que cada um seja uma viv\u00eancia de f\u00e9 \u00e0 luz de Cristo.<\/p>\n<p>E para que esta mudan\u00e7a seja verdadeira, o Senhor nos convida a deixar morrer em n\u00f3s tudo aquilo que nos afasta dele e dos outros. Esta \u00e9 tamb\u00e9m uma boa oportunidade para exercitar o autocontrole em aspectos que nos custam mais.<\/p>\n<p>As seguintes dicas podem ser um maravilhoso plano de crescimento pessoal, pois partem de aspectos nos quais costumamos falhar:<\/p>\n<p><strong>1.<\/strong> <strong>N\u00e3o farei o que n\u00e3o gosto que fa\u00e7am comigo.<\/strong> Mais do que um prop\u00f3sito, esta pode ser uma lei de vida. \u00c9 a melhor maneira de acabar com o c\u00edrculo vicioso que conduz a estados negativos.<\/p>\n<p><strong>2.<\/strong> Cumprirei minhas <strong>obriga\u00e7\u00f5es.<\/strong> Isso significa cumprir os deveres que cada um assumiu com retid\u00e3o, responsabilidade, compromisso e, acima de tudo, amor.<\/p>\n<p><strong>3.<\/strong> Serei <strong>am\u00e1vel <\/strong>com os outros. N\u00e3o h\u00e1 d\u00favida de que as pessoas am\u00e1veis vivem melhor, pois este valor produz felicidade, harmonia, paz interior; al\u00e9m disso, tem o poder de \u201cdesarmar cora\u00e7\u00f5es\u201d: liberta o outro das emo\u00e7\u00f5es negativas.<\/p>\n<p><strong>4.<\/strong> N\u00e3o guardarei <strong>rancor<\/strong> nem sentimentos t\u00f3xicos. O ressentimento, agressividade, \u00f3dio, rancor e desejo de vingan\u00e7a adoecem o esp\u00edrito, prejudicam o corpo e produzem desequil\u00edbrio psicol\u00f3gico. S\u00e3o toxinas que podem talvez n\u00e3o danificar o outro, mas envenenam quem as experimenta.<\/p>\n<p>O <strong>perd\u00e3o<\/strong> \u00e9 o \u00fanico rem\u00e9dio para acabar com estes sentimentos negativos que nos afastam da felicidade, apagam o entusiasmo e destroem a paz interior.<\/p>\n<p><strong>5. <\/strong>S\u00f3 <strong>falarei bem das pessoas.<\/strong> Um coment\u00e1rio negativo pode acabar com uma amizade, enterrar uma institui\u00e7\u00e3o, manchar um nome, desmoronar uma vida.<\/p>\n<p>N\u00e3o podemos nos esquecer de que somos humanos e, por conseguinte, erramos. \u00c9 preciso esfor\u00e7ar-se por focar-se mais no lado bom de cada pessoa, para evitar que os erros e defeitos dos outros nos atormentem, roubando de n\u00f3s a tranquilidade que tanto buscamos.<\/p>\n<p><strong>6.<\/strong> <strong>N\u00e3o ficarei vigiando a vida alheia.<\/strong> N\u00e3o precisamos dedicar tempo a investigar se os outros est\u00e3o fazendo bem seu trabalho, se retificam seus erros, se s\u00e3o bons esposos ou pais de fam\u00edlia. Deixemos de lado os assuntos alheios e dediquemo-nos a cuidar da nossa vida<\/p>\n<p style=\"text-align: justify;\">\u00a0<\/p>\n<p style=\"text-align: justify;\"><strong>Fonte:<\/strong> Aleteia<\/p>\n","protected":false},"excerpt":{"rendered":"<p>Para quem quer experimentar o verdadeiro sentido da Semana Santa e ressuscitar com Jesus A Quaresma e a Semana Santa s\u00e3o caminhos de crescimento espiritual para ratificar, diante de n\u00f3s mesmos e dos outros, que Deus passou pelas nossas vidas para fazer de n\u00f3s pessoas melhores, e por isso nos comprometemos a ser testemunhas dessa [&hellip;]<\/p>\n","protected":false},"author":1,"featured_media":0,"comment_status":"closed","ping_status":"closed","sticky":false,"template":"","format":"standard","meta":{"footnotes":""},"categories":[4],"tags":[],"class_list":["post-5685","post","type-post","status-publish","format-standard","hentry","category-cotidiano"],"_links":{"self":[{"href":"https:\/\/catolicanet.net\/wp-cnet\/wp-json\/wp\/v2\/posts\/5685","targetHints":{"allow":["GET"]}}],"collection":[{"href":"https:\/\/catolicanet.net\/wp-cnet\/wp-json\/wp\/v2\/posts"}],"about":[{"href":"https:\/\/catolicanet.net\/wp-cnet\/wp-json\/wp\/v2\/types\/post"}],"author":[{"embeddable":true,"href":"https:\/\/catolicanet.net\/wp-cnet\/wp-json\/wp\/v2\/users\/1"}],"replies":[{"embeddable":true,"href":"https:\/\/catolicanet.net\/wp-cnet\/wp-json\/wp\/v2\/comments?post=5685"}],"version-history":[{"count":1,"href":"https:\/\/catolicanet.net\/wp-cnet\/wp-json\/wp\/v2\/posts\/5685\/revisions"}],"predecessor-version":[{"id":10471,"href":"https:\/\/catolicanet.net\/wp-cnet\/wp-json\/wp\/v2\/posts\/5685\/revisions\/10471"}],"wp:attachment":[{"href":"https:\/\/catolicanet.net\/wp-cnet\/wp-json\/wp\/v2\/media?parent=5685"}],"wp:term":[{"taxonomy":"category","embeddable":true,"href":"https:\/\/catolicanet.net\/wp-cnet\/wp-json\/wp\/v2\/categories?post=5685"},{"taxonomy":"post_tag","embeddable":true,"href":"https:\/\/catolicanet.net\/wp-cnet\/wp-json\/wp\/v2\/tags?post=5685"}],"curies":[{"name":"wp","href":"https:\/\/api.w.org\/{rel}","templated":true}]}}