{"id":5679,"date":"2015-03-31T13:48:38","date_gmt":"2015-03-31T16:48:38","guid":{"rendered":"http:\/\/catolicanet.net\/wp-cnet\/caro-morador-de-rua-o-que-voce-queria-ser-quando-crescesse\/"},"modified":"2017-04-07T13:50:19","modified_gmt":"2017-04-07T16:50:19","slug":"caro-morador-de-rua-o-que-voce-queria-ser-quando-crescesse","status":"publish","type":"post","link":"https:\/\/catolicanet.net\/wp-cnet\/caro-morador-de-rua-o-que-voce-queria-ser-quando-crescesse\/","title":{"rendered":"Caro morador de rua: o que voc\u00ea queria ser quando crescesse?"},"content":{"rendered":"<p style=\"text-align: center;\"><img decoding=\"async\" src=\"http:\/\/catolicanet.com.br\/images\/stories\/geral\/moradorderua6.jpg\" border=\"0\" \/><\/p>\n<p style=\"text-align: center;\"><strong>Dez pessoas descartadas pela cultura do ter; dez sonhos que ficaram pelo caminho<\/strong><\/p>\n<p style=\"text-align: justify;\">\u00a0<\/p>\n<p style=\"text-align: justify;\">Os estudantes portugueses Catarina Fernandes e Jo\u00e3o Porf\u00edrio fizeram uma pergunta simples e ao mesmo tempo dolorosa a dez moradores de rua de Lisboa: &#8220;Qual era o seu sonho?&#8221;.<\/p>\n<p>Depois de fazerem esta pergunta e ouvirem as respostas, eles fotografaram cada entrevistado em uma pose muito significativa: cada morador de rua segurava uma placa na qual estava escrito o seu sonho n\u00e3o realizado.<\/p>\n<p>Catarina e Jo\u00e3o mantiveram longas conversas com essas pessoas marginalizadas pela cultura do ter, a fim de compor a s\u00e9rie fotogr\u00e1fica que batizaram de \u201cSempre Quis Ser\u201d. Foi assim que eles conheceram a trajet\u00f3ria da senhora que sonhava em ser professora, mas foi abandonada pelas pr\u00f3prias filhas; de imigrantes que foram buscar uma vida melhor em Portugal e nunca a encontraram; do jovem de 22 anos que queria simplesmente ser feliz, mas hoje dorme ao relento.<\/p>\n<p>Veja a seguir os sonhos perdidos pelas curvas da vida de cada um desses nossos dez irm\u00e3os, que vivem hoje na cruel situa\u00e7\u00e3o denunciada pelo papa Francisco como &#8220;periferia da exist\u00eancia&#8221; e &#8220;cultura do descarte&#8221;.<\/p>\n<p style=\"text-align: justify;\">\u00a0<\/p>\n<p style=\"text-align: center;\"><img decoding=\"async\" src=\"http:\/\/catolicanet.com.br\/images\/stories\/geral\/moradorderua1.jpg\" border=\"0\" \/><\/p>\n<p style=\"text-align: center;\">\u00a0<\/p>\n<p style=\"text-align: center;\"><img decoding=\"async\" src=\"http:\/\/catolicanet.com.br\/images\/stories\/geral\/moradorderua2.jpg\" border=\"0\" \/><\/p>\n<p style=\"text-align: center;\">\u00a0<\/p>\n<p style=\"text-align: center;\"><img decoding=\"async\" src=\"http:\/\/catolicanet.com.br\/images\/stories\/geral\/moradorderua3.jpg\" border=\"0\" \/><\/p>\n<p style=\"text-align: center;\">\u00a0<\/p>\n<p style=\"text-align: center;\"><img decoding=\"async\" src=\"http:\/\/catolicanet.com.br\/images\/stories\/geral\/moradorderua4.jpg\" border=\"0\" \/><\/p>\n<p style=\"text-align: center;\">\u00a0<\/p>\n<p style=\"text-align: center;\"><img decoding=\"async\" src=\"http:\/\/catolicanet.com.br\/images\/stories\/geral\/moradorderua5.jpg\" border=\"0\" \/><\/p>\n<p style=\"text-align: center;\">\u00a0<\/p>\n<p style=\"text-align: center;\"><img decoding=\"async\" src=\"http:\/\/catolicanet.com.br\/images\/stories\/geral\/moradorderua7.jpg\" border=\"0\" \/><\/p>\n<p style=\"text-align: center;\">\u00a0<\/p>\n<p style=\"text-align: center;\"><img decoding=\"async\" src=\"http:\/\/catolicanet.com.br\/images\/stories\/geral\/moradorderua8.jpg\" border=\"0\" \/><\/p>\n<p style=\"text-align: center;\">\u00a0<\/p>\n<p style=\"text-align: center;\"><img decoding=\"async\" src=\"http:\/\/catolicanet.com.br\/images\/stories\/geral\/moradorderua9.jpg\" border=\"0\" \/><\/p>\n<p style=\"text-align: center;\">\u00a0<\/p>\n<p style=\"text-align: center;\"><img decoding=\"async\" src=\"http:\/\/catolicanet.com.br\/images\/stories\/geral\/moradorderua10.jpg\" border=\"0\" \/><\/p>\n","protected":false},"excerpt":{"rendered":"<p>Dez pessoas descartadas pela cultura do ter; dez sonhos que ficaram pelo caminho \u00a0 Os estudantes portugueses Catarina Fernandes e Jo\u00e3o Porf\u00edrio fizeram uma pergunta simples e ao mesmo tempo dolorosa a dez moradores de rua de Lisboa: &#8220;Qual era o seu sonho?&#8221;. Depois de fazerem esta pergunta e ouvirem as respostas, eles fotografaram cada [&hellip;]<\/p>\n","protected":false},"author":1,"featured_media":0,"comment_status":"closed","ping_status":"closed","sticky":false,"template":"","format":"standard","meta":{"footnotes":""},"categories":[4],"tags":[],"class_list":["post-5679","post","type-post","status-publish","format-standard","hentry","category-cotidiano"],"_links":{"self":[{"href":"https:\/\/catolicanet.net\/wp-cnet\/wp-json\/wp\/v2\/posts\/5679","targetHints":{"allow":["GET"]}}],"collection":[{"href":"https:\/\/catolicanet.net\/wp-cnet\/wp-json\/wp\/v2\/posts"}],"about":[{"href":"https:\/\/catolicanet.net\/wp-cnet\/wp-json\/wp\/v2\/types\/post"}],"author":[{"embeddable":true,"href":"https:\/\/catolicanet.net\/wp-cnet\/wp-json\/wp\/v2\/users\/1"}],"replies":[{"embeddable":true,"href":"https:\/\/catolicanet.net\/wp-cnet\/wp-json\/wp\/v2\/comments?post=5679"}],"version-history":[{"count":1,"href":"https:\/\/catolicanet.net\/wp-cnet\/wp-json\/wp\/v2\/posts\/5679\/revisions"}],"predecessor-version":[{"id":10477,"href":"https:\/\/catolicanet.net\/wp-cnet\/wp-json\/wp\/v2\/posts\/5679\/revisions\/10477"}],"wp:attachment":[{"href":"https:\/\/catolicanet.net\/wp-cnet\/wp-json\/wp\/v2\/media?parent=5679"}],"wp:term":[{"taxonomy":"category","embeddable":true,"href":"https:\/\/catolicanet.net\/wp-cnet\/wp-json\/wp\/v2\/categories?post=5679"},{"taxonomy":"post_tag","embeddable":true,"href":"https:\/\/catolicanet.net\/wp-cnet\/wp-json\/wp\/v2\/tags?post=5679"}],"curies":[{"name":"wp","href":"https:\/\/api.w.org\/{rel}","templated":true}]}}