{"id":56777,"date":"2020-02-11T13:11:34","date_gmt":"2020-02-11T16:11:34","guid":{"rendered":"https:\/\/catolicanet.net\/wp-cnet\/?p=56777"},"modified":"2020-02-11T13:11:34","modified_gmt":"2020-02-11T16:11:34","slug":"a-vida-e-sacra-nao-ceder-a-formas-de-eutanasia-mensagem-do-papa-para-o-dia-do-enfermo","status":"publish","type":"post","link":"https:\/\/catolicanet.net\/wp-cnet\/a-vida-e-sacra-nao-ceder-a-formas-de-eutanasia-mensagem-do-papa-para-o-dia-do-enfermo\/","title":{"rendered":"A vida \u00e9 sacra, n\u00e3o ceder a formas de eutan\u00e1sia: mensagem do Papa para o Dia do Enfermo"},"content":{"rendered":"<div class=\"article__subTitle\" style=\"text-align: justify;\">\u201cLembremo-nos de que a vida \u00e9 sacra e pertence a Deus, sendo por conseguinte inviol\u00e1vel e indispon\u00edvel. A vida h\u00e1 de ser acolhida, tutelada, respeitada e servida desde o seu in\u00edcio at\u00e9 \u00e0 morte\u201d, escreve o Papa.<\/div>\n<div class=\"title__separator\" style=\"text-align: justify;\"><\/div>\n<div class=\"article__text\">\n<p style=\"text-align: justify;\"><b>Bianca Fraccalvieri &#8211; Cidade do Vaticano<\/b><\/p>\n<p style=\"text-align: justify;\">\u201cVinde a Mim\u201d: as palavras de Cristo dirigidas \u00e0 humanidade aflita e sofredora inspiraram a Mensagem do Papa Francisco para Dia Mundial do Enfermo, que chega \u00e0 sua\u00a028\u00ba edi\u00e7\u00e3o.<\/p>\n<p style=\"text-align: justify;\">Celebrado, como todos os anos, no dia 11 de fevereiro, dia de Nossa Senhora de Lourdes, o tema para 2020 foi extra\u00eddo do Evangelho de Mateus 11, 28: \u201cVinde a Mim, todos os que estais cansados e oprimidos, que Eu hei de aliviar-vos<i>\u201d.<\/i><\/p>\n<div>\n<div class=\"article__embed article__embed--border embed_style\">\n<blockquote><p>\u201cNo XXVIII Dia Mundial do Enfermo, Jesus dirige este convite aos doentes e oprimidos, aos pobres cientes de dependerem inteiramente de Deus para a cura de que necessitam sob o peso da prova\u00e7\u00e3o que os atingiu. A quem vive na ang\u00fastia devido \u00e0 sua situa\u00e7\u00e3o de fragilidade, sofrimento e fraqueza, Jesus Cristo n\u00e3o imp\u00f5e leis, mas, na sua miseric\u00f3rdia oferece-Se a Si mesmo, isto \u00e9, a sua pessoa que d\u00e1 al\u00edvio.\u201d<\/p><\/blockquote>\n<h2 style=\"text-align: justify;\">Ao tratamento, acrescentar o amor<\/h2>\n<p style=\"text-align: justify;\">Jesus tem esses sentimentos, prossegue o Pont\u00edfice, porque Ele mesmo viveu em primeira pessoa o sofrimento humano e s\u00f3 quem passa por esta experi\u00eancia poder\u00e1 ser de conforto aos demais.<\/p>\n<p style=\"text-align: justify;\">De fato, constata o Papa, nota-se por vezes falta de humanidade na rela\u00e7\u00e3o com os doentes. Ao tratamento, deve-se somar a solicitude, ou seja, o amor, sem esquecer com o enfermo h\u00e1 uma fam\u00edlia que tamb\u00e9m ela pede conforto e proximidade.<\/p>\n<div style=\"text-align: justify;\">\n<aside class=\"article__readmore\">\n<div class=\"teaser--labelEvidence teaser teaser--type-article\">\n<article>\n<div class=\"teaser__labelWrapper\"><\/div>\n<\/article>\n<\/div>\n<\/aside>\n<\/div>\n<div style=\"text-align: justify;\">\n<aside class=\"article__readmore\">\n<div class=\"teaser--labelEvidence teaser teaser--type-article\">\n<article>\n<div class=\"teaser__contentWrapper\">\n<div>\u00c9 de Cristo que vem a luz para superar este momento de prova\u00e7\u00e3o. Nele, os doentes encontrar\u00e3o for\u00e7a para ultrapassar as inquieta\u00e7\u00f5es e interrogativos que surgem nesta \u00abnoite\u00bb do corpo e do esp\u00edrito. \u00c9 verdade que Cristo n\u00e3o nos deixou receitas, mas, com a sua paix\u00e3o, morte e ressurrei\u00e7\u00e3o, liberta-nos da opress\u00e3o do mal.<\/div>\n<\/div>\n<\/article>\n<\/div>\n<\/aside>\n<\/div>\n<p style=\"text-align: justify;\">Nesta condi\u00e7\u00e3o, refor\u00e7a Francisco, a Igreja quer ser, cada vez mais e melhor, a \u00abestalagem\u00bb do Bom Samaritano que \u00e9 Cristo, isto \u00e9, a casa onde os enfermos podem encontrar a sua gra\u00e7a, que se expressa na familiaridade, no acolhimento, no al\u00edvio.<\/p>\n<h2 style=\"text-align: justify;\">N\u00e3o ceder a formas de eutan\u00e1sia<\/h2>\n<p style=\"text-align: justify;\">A este ponto, o Papa fez uma men\u00e7\u00e3o aos profissionais da sa\u00fade, que colocam suas compet\u00eancias em prol do enfermo. E recorda que o substantivo \u201cpessoa\u201d deve vir antes do adjetivo \u201cenfermo\u201d.<\/p>\n<p style=\"text-align: justify;\">Assim, a a\u00e7\u00e3o de m\u00e9dicos e enfermeiros t\u00eam que ter em vista \u201cconstantemente a dignidade e a vida da pessoa, sem qualquer ced\u00eancia a atos de natureza eutan\u00e1sica, de suic\u00eddio assistido ou supress\u00e3o da vida, nem mesmo se for irrevers\u00edvel o estado da doen\u00e7a\u201d.<\/p>\n<p style=\"text-align: justify;\">Quando os profissionais da sa\u00fade se deparam com os limites e o poss\u00edvel fracasso da medicina, s\u00e3o chamados a se abrir \u00e0 dimens\u00e3o transcendente, \u201cque pode oferecer o sentido pleno da profiss\u00e3o\u201d. E lamentou que em contextos de guerras e conflitos, os profissionais e as estruturas de sa\u00fade podem ser atacados como forma de repres\u00e1lia pol\u00edtica.<\/p>\n<p style=\"text-align: justify;\">\u201cLembremo-nos de que a vida \u00e9 sacra e pertence a Deus, sendo por conseguinte inviol\u00e1vel e indispon\u00edvel. A vida h\u00e1 de ser acolhida, tutelada, respeitada e servida desde o seu in\u00edcio at\u00e9 \u00e0 morte\u201d, escreve o Papa. Trata-se de uma exig\u00eancia n\u00e3o s\u00f3 que vem da f\u00e9 em Deus, mas da pr\u00f3pria raz\u00e3o.<\/p>\n<p style=\"text-align: justify;\">E Francisco pede que a obje\u00e7\u00e3o de consci\u00eancia se torne uma op\u00e7\u00e3o necess\u00e1ria para que os profissionais da sa\u00fade permane\u00e7am coerentes com esta abertura \u00e0 vida. Quando n\u00e3o se pode curar, pode-se sempre cuidar com gestos e procedimentos que proporcionem amparo e al\u00edvio ao doente.<\/p>\n<h2 style=\"text-align: justify;\">Acesso negado \u00e0 sa\u00fade<\/h2>\n<p style=\"text-align: justify;\">Por fim, o Papa reserva seu pensamento a tantos irm\u00e3os no mundo que n\u00e3o t\u00eam acesso aos cuidados m\u00e9dicos porque vivem na pobreza.<\/p>\n<div>\n<div class=\"article__embed article__embed--border embed_style\">\n<blockquote><p>\u201cPor isso, dirijo-me \u00e0s institui\u00e7\u00f5es sanit\u00e1rias e aos governos de todos os pa\u00edses do mundo, pedindo-lhes que n\u00e3o sobreponham o aspecto econ\u00f4mico ao da justi\u00e7a social.\u201d<\/p><\/blockquote>\n<\/div>\n<\/div>\n<p>Francisco conclui confiando todos as pessoas que carregam \u201co fardo da doen\u00e7a\u201d \u00e0 Virgem Maria, bem como suas fam\u00edlias, todos os profissionais e volunt\u00e1rios.<\/p>\n<\/div>\n<\/div>\n<\/div>\n","protected":false},"excerpt":{"rendered":"<p>\u201cLembremo-nos de que a vida \u00e9 sacra e pertence a Deus, sendo por conseguinte inviol\u00e1vel e indispon\u00edvel. A vida h\u00e1 de ser acolhida, tutelada, respeitada e servida desde o seu in\u00edcio at\u00e9 \u00e0 morte\u201d, escreve o Papa. Bianca Fraccalvieri &#8211; Cidade do Vaticano \u201cVinde a Mim\u201d: as palavras de Cristo dirigidas \u00e0 humanidade aflita e [&hellip;]<\/p>\n","protected":false},"author":1,"featured_media":56778,"comment_status":"open","ping_status":"closed","sticky":false,"template":"","format":"standard","meta":{"footnotes":""},"categories":[13,3],"tags":[],"class_list":["post-56777","post","type-post","status-publish","format-standard","has-post-thumbnail","hentry","category-featured","category-vaticano"],"_links":{"self":[{"href":"https:\/\/catolicanet.net\/wp-cnet\/wp-json\/wp\/v2\/posts\/56777","targetHints":{"allow":["GET"]}}],"collection":[{"href":"https:\/\/catolicanet.net\/wp-cnet\/wp-json\/wp\/v2\/posts"}],"about":[{"href":"https:\/\/catolicanet.net\/wp-cnet\/wp-json\/wp\/v2\/types\/post"}],"author":[{"embeddable":true,"href":"https:\/\/catolicanet.net\/wp-cnet\/wp-json\/wp\/v2\/users\/1"}],"replies":[{"embeddable":true,"href":"https:\/\/catolicanet.net\/wp-cnet\/wp-json\/wp\/v2\/comments?post=56777"}],"version-history":[{"count":1,"href":"https:\/\/catolicanet.net\/wp-cnet\/wp-json\/wp\/v2\/posts\/56777\/revisions"}],"predecessor-version":[{"id":56779,"href":"https:\/\/catolicanet.net\/wp-cnet\/wp-json\/wp\/v2\/posts\/56777\/revisions\/56779"}],"wp:featuredmedia":[{"embeddable":true,"href":"https:\/\/catolicanet.net\/wp-cnet\/wp-json\/wp\/v2\/media\/56778"}],"wp:attachment":[{"href":"https:\/\/catolicanet.net\/wp-cnet\/wp-json\/wp\/v2\/media?parent=56777"}],"wp:term":[{"taxonomy":"category","embeddable":true,"href":"https:\/\/catolicanet.net\/wp-cnet\/wp-json\/wp\/v2\/categories?post=56777"},{"taxonomy":"post_tag","embeddable":true,"href":"https:\/\/catolicanet.net\/wp-cnet\/wp-json\/wp\/v2\/tags?post=56777"}],"curies":[{"name":"wp","href":"https:\/\/api.w.org\/{rel}","templated":true}]}}