{"id":5676,"date":"2015-03-30T03:00:00","date_gmt":"2015-03-30T06:00:00","guid":{"rendered":"http:\/\/catolicanet.net\/wp-cnet\/viu-e-acreditou\/"},"modified":"2017-04-07T13:52:47","modified_gmt":"2017-04-07T16:52:47","slug":"viu-e-acreditou","status":"publish","type":"post","link":"https:\/\/catolicanet.net\/wp-cnet\/viu-e-acreditou\/","title":{"rendered":"Viu e acreditou"},"content":{"rendered":"<p style=\"text-align: justify;\">O gaudio pascal tem fundamentos b\u00edblicos que justificam a euforia que se apossa do mundo crist\u00e3o. A P\u00e1scoa lembra para os que acreditam na B\u00edblia a \u00e9poca de Mois\u00e9s quando o povo hebreu foi libertado da escravid\u00e3o do Egito.\u00a0 Os israelitas atravessaram o Mar Vermelho a fim de se encaminhar progressivamente para a terra prometida. Na P\u00e1scoa se festeja Cristo que passou da morte para a Vida. Uma passagem que fez renascer uma vida nova. Proclama a Liturgia: \u201cO Rei da vida, morto, Reina vivo\u201d. O sepulcro vazio no qual Cristo fora enterrado \u00e9 de uma eloqu\u00eancia extraordin\u00e1ria.\u00a0 Notificados por Maria Madalena Pedro e Jo\u00e3o foram at\u00e9 l\u00e1 e o Evangelista registrou que ele \u201cviu e acreditou\u201d (Jo 20,8). Ent\u00e3o compreenderam que, segundo as Escrituras, Jesus devia ressuscitar dos mortos. A luz brilhou intensamente em seus cora\u00e7\u00f5es. A morte n\u00e3o poderia nunca vencer o Messias enviado por Deus. Este, o Deus de Israel, era fiel e n\u00e3o podia abandonar seu Filho bem amado \u00e0 morte e sua ressurrei\u00e7\u00e3o era o penhor certo da vit\u00f3ria de todos os seus seguidores. O disc\u00edpulo amado diante do t\u00famulo vazio entendeu melhor a l\u00f3gica do amor divino. O contexto atual mostra grandes muta\u00e7\u00f5es que marcam a humanidade e, entre tantas outas, a teoria da relatividade. a inform\u00e1tica, a cibern\u00e9tica, a estrutura do DNA, a decifra\u00e7\u00e3o do genoma humano.\u00a0 A Ressurrei\u00e7\u00e3o de Cristo, por\u00e9m, h\u00e1 mais de dois mil anos, j\u00e1 havia operado uma muta\u00e7\u00e3o muito mais profunda e duradoura. \u00c9 certo que a Ressurrei\u00e7\u00e3o do Redentor n\u00e3o resolve em si todos os problemas humanos, mas modificou todas as perspectivas, abrindo definitivamente para a exist\u00eancia do ser racional de todos os tempos uma dimens\u00e3o essencial. Com efeito, a vit\u00f3ria de Jesus sobre a morte proclama solenemente que a injusti\u00e7a, o \u00f3dio, os crimes mais hediondos, o desprezo dos poderosos para com os famintos e os que vivem na mendicidade n\u00e3o ter\u00e3o a \u00faltima palavra. O triunfo de Cristo garante que as iniquidades de um mundo fechado em si mesmo e que provoca tantas l\u00e1grimas, tanto desespero n\u00e3o resistir\u00e3o ao amor poderoso de Deus. S\u00e3o Paulo j\u00e1 havia apregoado \u201cSabemos, com efeito, que a cria\u00e7\u00e3o inteira geme e sofre, em conjunto, as dores do parto, at\u00e9 o presente. E n\u00e3o s\u00f3 ela, mas n\u00f3s pr\u00f3prios, que possu\u00edmos as prim\u00edcias do Esp\u00edrito, gememos igualmente em n\u00f3s mesmos, anelando a ado\u00e7\u00e3o filial, a reden\u00e7\u00e3o do nosso corpo\u201d (Rm 8,22-24).\u00c9 que pela f\u00e9 na Ressurrei\u00e7\u00e3o do divino Salvador j\u00e1 fomos salvos. Esta salva\u00e7\u00e3o n\u00e3o falhar\u00e1 e, embora ainda n\u00e3o a tenhamos alcan\u00e7ado, pois somos peregrinos neste mundo, a aguardamos com paci\u00eancia e isto enche a todos os crist\u00e3os de imenso gaudio. Eis por que as alegrias da P\u00e1scoa envolvem a todos. Nossa situa\u00e7\u00e3o nesta terra \u00e9 provis\u00f3ria e temos certeza de que participaremos da gl\u00f3ria daquele que venceu o sofrimento, a morte e ressurgiu imortal e impass\u00edvel. At\u00e9 l\u00e1 colaboramos, contudo, com Cristo Ressuscitado para melhorar sempre mais o mundo, vencendo o ego\u00edsmo e nos interessando pelos outros numa passagem cont\u00ednua para o amor ao pr\u00f3ximo, irradiando paz e alegria. Deste modo a Ressurrei\u00e7\u00e3o de Cristo n\u00e3o \u00e9 uma teoria abstrata, mas uma vida que transfigura as exist\u00eancias, iluminando-as e levando a muitos conforto e salva\u00e7\u00e3o. A P\u00e1scoa \u00e9 assim um convite vivo para a mundializa\u00e7\u00e3o do amor numa sociedade globalizada. Ressuscitar significa se colocar de p\u00e9. No dia da P\u00e1scoa Jesus apela a todos para se colocar de p\u00e9 a fim de enxergar melhor os outros para ampar\u00e1-los. Deste modo se partilham as alegrias deste dia glorioso. O crist\u00e3o se torna artes\u00e3o de uma humanidade nova. Cristo ressuscitado renove ent\u00e3o nossa f\u00e9, nossa esperan\u00e7a e nossa caridade para que todos possam discernir em torno de si os sinais de sua presen\u00e7a. Poderemos ent\u00e3o anunciar de fato: Alegremo-nos, Cristo Ressuscitou, venceu a morte e nos aguarda na outra margem da vida.<\/p>\n<p> <strong>*\u00a0 Professor no Semin\u00e1rio de Mariana durante 40 anos.<\/strong><\/p>\n","protected":false},"excerpt":{"rendered":"<p>O gaudio pascal tem fundamentos b\u00edblicos que justificam a euforia que se apossa do mundo crist\u00e3o. A P\u00e1scoa lembra para os que acreditam na B\u00edblia a \u00e9poca de Mois\u00e9s quando o povo hebreu foi libertado da escravid\u00e3o do Egito.\u00a0 Os israelitas atravessaram o Mar Vermelho a fim de se encaminhar progressivamente para a terra prometida. [&hellip;]<\/p>\n","protected":false},"author":7,"featured_media":0,"comment_status":"closed","ping_status":"closed","sticky":false,"template":"","format":"standard","meta":{"footnotes":""},"categories":[9],"tags":[],"class_list":["post-5676","post","type-post","status-publish","format-standard","hentry","category-artigos"],"_links":{"self":[{"href":"https:\/\/catolicanet.net\/wp-cnet\/wp-json\/wp\/v2\/posts\/5676","targetHints":{"allow":["GET"]}}],"collection":[{"href":"https:\/\/catolicanet.net\/wp-cnet\/wp-json\/wp\/v2\/posts"}],"about":[{"href":"https:\/\/catolicanet.net\/wp-cnet\/wp-json\/wp\/v2\/types\/post"}],"author":[{"embeddable":true,"href":"https:\/\/catolicanet.net\/wp-cnet\/wp-json\/wp\/v2\/users\/7"}],"replies":[{"embeddable":true,"href":"https:\/\/catolicanet.net\/wp-cnet\/wp-json\/wp\/v2\/comments?post=5676"}],"version-history":[{"count":1,"href":"https:\/\/catolicanet.net\/wp-cnet\/wp-json\/wp\/v2\/posts\/5676\/revisions"}],"predecessor-version":[{"id":10481,"href":"https:\/\/catolicanet.net\/wp-cnet\/wp-json\/wp\/v2\/posts\/5676\/revisions\/10481"}],"wp:attachment":[{"href":"https:\/\/catolicanet.net\/wp-cnet\/wp-json\/wp\/v2\/media?parent=5676"}],"wp:term":[{"taxonomy":"category","embeddable":true,"href":"https:\/\/catolicanet.net\/wp-cnet\/wp-json\/wp\/v2\/categories?post=5676"},{"taxonomy":"post_tag","embeddable":true,"href":"https:\/\/catolicanet.net\/wp-cnet\/wp-json\/wp\/v2\/tags?post=5676"}],"curies":[{"name":"wp","href":"https:\/\/api.w.org\/{rel}","templated":true}]}}