{"id":56757,"date":"2020-02-10T15:32:17","date_gmt":"2020-02-10T18:32:17","guid":{"rendered":"https:\/\/catolicanet.net\/wp-cnet\/?p=56757"},"modified":"2020-02-10T15:32:17","modified_gmt":"2020-02-10T18:32:17","slug":"multiplicadores-da-iam-realizam-formacao-em-brasilia","status":"publish","type":"post","link":"https:\/\/catolicanet.net\/wp-cnet\/multiplicadores-da-iam-realizam-formacao-em-brasilia\/","title":{"rendered":"Multiplicadores da IAM realizam forma\u00e7\u00e3o em Bras\u00edlia"},"content":{"rendered":"<p style=\"text-align: justify;\">Durante os dias 27 a 31 de janeiro estar\u00e3o reunidos em Bras\u00edlia, na sede das Pontif\u00edcias Obras Mission\u00e1rias, assessores e assessoras de todas as regi\u00f5es do pa\u00eds para participar do Curso de Multiplicadores da Inf\u00e2ncia e Adolesc\u00eancia Mission\u00e1ria (IAM). O objetivo \u00e9 vivenciar um processo de forma\u00e7\u00e3o integral, capacitando para a forma\u00e7\u00e3o de novos assessores e multiplicadores da IAM nas regi\u00f5es.<\/p>\n<p style=\"text-align: justify;\">A forma\u00e7\u00e3o conta com a participa\u00e7\u00e3o de 40 assessores de todas as regi\u00f5es do Brasil.\u00a0At\u00e9 a pr\u00f3xima sexta ser\u00e3o estudados os temas\u00a0referentes ao carisma e organiza\u00e7\u00e3o da IAM, aprofundando quest\u00f5es como o processo formativo e a vida de grupo, metodologia, miss\u00e3o e espiritualidade mission\u00e1ria.<\/p>\n<p style=\"text-align: justify;\">Pe. Vagner Aparecido Alves, da Diocese de Toledo (PR), lembra que a IAM em sua<img loading=\"lazy\" decoding=\"async\" class=\" wp-image-56759 alignright\" src=\"https:\/\/catolicanet.net\/wp-cnet\/wp-content\/uploads\/20200128-103034-1024x768-1.jpg\" alt=\"\" width=\"266\" height=\"199\" srcset=\"https:\/\/catolicanet.net\/wp-cnet\/wp-content\/uploads\/20200128-103034-1024x768-1.jpg 1024w, https:\/\/catolicanet.net\/wp-cnet\/wp-content\/uploads\/20200128-103034-1024x768-1-300x225.jpg 300w, https:\/\/catolicanet.net\/wp-cnet\/wp-content\/uploads\/20200128-103034-1024x768-1-768x576.jpg 768w, https:\/\/catolicanet.net\/wp-cnet\/wp-content\/uploads\/20200128-103034-1024x768-1-600x450.jpg 600w, https:\/\/catolicanet.net\/wp-cnet\/wp-content\/uploads\/20200128-103034-1024x768-1-80x60.jpg 80w, https:\/\/catolicanet.net\/wp-cnet\/wp-content\/uploads\/20200128-103034-1024x768-1-265x198.jpg 265w, https:\/\/catolicanet.net\/wp-cnet\/wp-content\/uploads\/20200128-103034-1024x768-1-696x522.jpg 696w, https:\/\/catolicanet.net\/wp-cnet\/wp-content\/uploads\/20200128-103034-1024x768-1-560x420.jpg 560w\" sizes=\"auto, (max-width: 266px) 100vw, 266px\" \/> caminhada\u00a0vocacional\u00a0foi fundamental. \u201cFui crian\u00e7a da Inf\u00e2ncia e Adolesc\u00eancia Mission\u00e1ria e como padre sigo assessorando os grupos em minha diocese. A motiva\u00e7\u00e3o para estar aqui nesta forma\u00e7\u00e3o \u00e9\u00a0para buscar aprofundar o conhecimento, estudar as diretrizes, podendo fazer com que esse trabalho em nossas comunidades possa ter esse mesmo entusiasmo e assim caminharmos juntos com todo o Brasil\u201d, destacou Pe. Vagner.<\/p>\n<p style=\"text-align: justify;\"><img loading=\"lazy\" decoding=\"async\" class=\" wp-image-56760 alignleft\" src=\"https:\/\/catolicanet.net\/wp-cnet\/wp-content\/uploads\/20200128-103357-1024x768-1.jpg\" alt=\"\" width=\"274\" height=\"205\" srcset=\"https:\/\/catolicanet.net\/wp-cnet\/wp-content\/uploads\/20200128-103357-1024x768-1.jpg 1024w, https:\/\/catolicanet.net\/wp-cnet\/wp-content\/uploads\/20200128-103357-1024x768-1-300x225.jpg 300w, https:\/\/catolicanet.net\/wp-cnet\/wp-content\/uploads\/20200128-103357-1024x768-1-768x576.jpg 768w, https:\/\/catolicanet.net\/wp-cnet\/wp-content\/uploads\/20200128-103357-1024x768-1-600x450.jpg 600w, https:\/\/catolicanet.net\/wp-cnet\/wp-content\/uploads\/20200128-103357-1024x768-1-80x60.jpg 80w, https:\/\/catolicanet.net\/wp-cnet\/wp-content\/uploads\/20200128-103357-1024x768-1-265x198.jpg 265w, https:\/\/catolicanet.net\/wp-cnet\/wp-content\/uploads\/20200128-103357-1024x768-1-696x522.jpg 696w, https:\/\/catolicanet.net\/wp-cnet\/wp-content\/uploads\/20200128-103357-1024x768-1-560x420.jpg 560w\" sizes=\"auto, (max-width: 274px) 100vw, 274px\" \/>Atuando h\u00e1 20 anos na IAM, a assessora Cris Rover, de Joinville (SC), lembra que iniciou como m\u00e3e, pois sua filha era participante da IAM. Depois de um tempo foi convidada para ser assessora e se apaixonou pela Obra. \u201cEsta forma\u00e7\u00e3o de multiplicadores ser\u00e1 um novo impulso para n\u00f3s assessores da IAM por estamos aqui em contato com tantas culturas novas e poder\u00a0multiplicar para todas as nossas dioceses, par\u00f3quias e comunidades, dando um novo \u00e2nimo para as crian\u00e7as e adolescentes\u201d, destacou a assessora.<\/p>\n<p style=\"text-align: justify;\">Denise da Paix\u00e3o, assessora da Diocese de Urua\u00e7u (GO), recebeu o convite para estar na<img loading=\"lazy\" decoding=\"async\" class=\"wp-image-56761 alignright\" src=\"https:\/\/catolicanet.net\/wp-cnet\/wp-content\/uploads\/20200128-102653-1024x768-1.jpg\" alt=\"\" width=\"252\" height=\"188\" srcset=\"https:\/\/catolicanet.net\/wp-cnet\/wp-content\/uploads\/20200128-102653-1024x768-1.jpg 1024w, https:\/\/catolicanet.net\/wp-cnet\/wp-content\/uploads\/20200128-102653-1024x768-1-300x225.jpg 300w, https:\/\/catolicanet.net\/wp-cnet\/wp-content\/uploads\/20200128-102653-1024x768-1-768x576.jpg 768w, https:\/\/catolicanet.net\/wp-cnet\/wp-content\/uploads\/20200128-102653-1024x768-1-600x450.jpg 600w, https:\/\/catolicanet.net\/wp-cnet\/wp-content\/uploads\/20200128-102653-1024x768-1-80x60.jpg 80w, https:\/\/catolicanet.net\/wp-cnet\/wp-content\/uploads\/20200128-102653-1024x768-1-265x198.jpg 265w, https:\/\/catolicanet.net\/wp-cnet\/wp-content\/uploads\/20200128-102653-1024x768-1-696x522.jpg 696w, https:\/\/catolicanet.net\/wp-cnet\/wp-content\/uploads\/20200128-102653-1024x768-1-560x420.jpg 560w\" sizes=\"auto, (max-width: 252px) 100vw, 252px\" \/> forma\u00e7\u00e3o com a inten\u00e7\u00e3o de poder melhor trabalhar com as crian\u00e7as. \u201cQuero levar mais desempenho, amor e encorajamento, pois chega em um momento da caminhada que vamos desanimando.\u00a0Essas forma\u00e7\u00f5es colaboram para voltarmos\u00a0motivados para intensificar a atua\u00e7\u00e3o junto \u00e0s crian\u00e7as, protagonistas principais da miss\u00e3o nesta Obra\u201d, destacou Denise.<\/p>\n<p style=\"text-align: justify;\"><strong>IAM no Brasil<\/strong><\/p>\n<p style=\"text-align: justify;\">A IAM no Brasil \u00e9 presente em centenas de dioceses, de todos os Regionais do Brasil, e ajuda a concretizar o pedido do Papa Francisco em sermos uma Igreja em sa\u00edda, procurando sempre viver o carisma da Obra de \u201ctornar Jesus conhecido e amado\u201d onde \u201ccrian\u00e7as ajudam e evangelizam e adolescentes ajudam e evangelizam adolescentes\u201d.<\/p>\n<p style=\"text-align: justify;\">S\u00e3o mais de 6 mil grupos espalhados pelo pa\u00eds, contemplando uma imensa diversidade cultural. A Obra tem uma hist\u00f3ria de 176 anos de miss\u00e3o no mundo, estando presente em diversos pa\u00edses. O carisma de \u201crezar uma Ave-Maria por dia e doar uma moedinha por m\u00eas\u201d colabora com a anima\u00e7\u00e3o mission\u00e1ria no mundo todo.<\/p>\n<p style=\"text-align: justify;\">Segundo dados enviados por grupos de 150 dioceses de todo o Brasil, foi arrecadado no ano de 2019 um total de R$ 108.636,57. Esse valor \u00e9 fruto dos sacrif\u00edcios de centenas de crian\u00e7as e adolescentes que fazem a sua doa\u00e7\u00e3o em favor de outras crian\u00e7as e adolescentes no mundo.<\/p>\n","protected":false},"excerpt":{"rendered":"<p>Durante os dias 27 a 31 de janeiro estar\u00e3o reunidos em Bras\u00edlia, na sede das Pontif\u00edcias Obras Mission\u00e1rias, assessores e assessoras de todas as regi\u00f5es do pa\u00eds para participar do Curso de Multiplicadores da Inf\u00e2ncia e Adolesc\u00eancia Mission\u00e1ria (IAM). O objetivo \u00e9 vivenciar um processo de forma\u00e7\u00e3o integral, capacitando para a forma\u00e7\u00e3o de novos assessores [&hellip;]<\/p>\n","protected":false},"author":1,"featured_media":56758,"comment_status":"open","ping_status":"closed","sticky":false,"template":"","format":"standard","meta":{"footnotes":""},"categories":[4,13],"tags":[],"class_list":["post-56757","post","type-post","status-publish","format-standard","has-post-thumbnail","hentry","category-cotidiano","category-featured"],"_links":{"self":[{"href":"https:\/\/catolicanet.net\/wp-cnet\/wp-json\/wp\/v2\/posts\/56757","targetHints":{"allow":["GET"]}}],"collection":[{"href":"https:\/\/catolicanet.net\/wp-cnet\/wp-json\/wp\/v2\/posts"}],"about":[{"href":"https:\/\/catolicanet.net\/wp-cnet\/wp-json\/wp\/v2\/types\/post"}],"author":[{"embeddable":true,"href":"https:\/\/catolicanet.net\/wp-cnet\/wp-json\/wp\/v2\/users\/1"}],"replies":[{"embeddable":true,"href":"https:\/\/catolicanet.net\/wp-cnet\/wp-json\/wp\/v2\/comments?post=56757"}],"version-history":[{"count":1,"href":"https:\/\/catolicanet.net\/wp-cnet\/wp-json\/wp\/v2\/posts\/56757\/revisions"}],"predecessor-version":[{"id":56762,"href":"https:\/\/catolicanet.net\/wp-cnet\/wp-json\/wp\/v2\/posts\/56757\/revisions\/56762"}],"wp:featuredmedia":[{"embeddable":true,"href":"https:\/\/catolicanet.net\/wp-cnet\/wp-json\/wp\/v2\/media\/56758"}],"wp:attachment":[{"href":"https:\/\/catolicanet.net\/wp-cnet\/wp-json\/wp\/v2\/media?parent=56757"}],"wp:term":[{"taxonomy":"category","embeddable":true,"href":"https:\/\/catolicanet.net\/wp-cnet\/wp-json\/wp\/v2\/categories?post=56757"},{"taxonomy":"post_tag","embeddable":true,"href":"https:\/\/catolicanet.net\/wp-cnet\/wp-json\/wp\/v2\/tags?post=56757"}],"curies":[{"name":"wp","href":"https:\/\/api.w.org\/{rel}","templated":true}]}}