{"id":5673,"date":"2015-03-31T12:35:38","date_gmt":"2015-03-31T15:35:38","guid":{"rendered":"http:\/\/catolicanet.net\/wp-cnet\/o-sepulcro-vazio\/"},"modified":"2017-04-07T13:51:48","modified_gmt":"2017-04-07T16:51:48","slug":"o-sepulcro-vazio","status":"publish","type":"post","link":"https:\/\/catolicanet.net\/wp-cnet\/o-sepulcro-vazio\/","title":{"rendered":"O Sepulcro vazio"},"content":{"rendered":"<p style=\"text-align: justify;\">A Festa da P\u00e1scoa, a mais importante no cen\u00e1rio crist\u00e3o, \u00e9 consequ\u00eancia de uma longa hist\u00f3ria de prepara\u00e7\u00e3o e de fatos marcantes acontecidos na vida de Jesus Cristo. A express\u00e3o maior se deu na cruz. Ao morrer, Jesus \u00e9 depositado num sepulcro vazio, cedido por um homem rico da regi\u00e3o, chamado Jos\u00e9 de Arimateia. No dia seguinte, foram ao lugar e encontraram a pedra do sepulcro removida e o corpo do Senhor n\u00e3o estava ali.<br \/>A\u00ed come\u00e7a um novo cen\u00e1rio. Os guardas disseram que o corpo tinha sido roubado. A finalidade era de desviar a aten\u00e7\u00e3o dos disc\u00edpulos, porque eles mesmos n\u00e3o sabiam o que tinha acontecido, porque o sepulcro estava vazio. Mas tudo se esclarece com a comprova\u00e7\u00e3o das diversas apari\u00e7\u00f5es de Jesus, agora ressuscitado, para as primeiras comunidades que tinham convivido com Ele.<br \/>A grandeza de Jesus Cristo chega ao n\u00edvel de sua identifica\u00e7\u00e3o com o ser humano, inclusive passando pela sepultura, experimentando o maior grau de rebaixamento da criatura humana. Nisso est\u00e1 a for\u00e7a da vida, o total esvaziamento de si mesmo, possibilitando o ingresso na vida eterna, que passa pelo caminho da morte. Em Cristo est\u00e1 a for\u00e7a total de liberta\u00e7\u00e3o.<br \/>A passagem de Jesus pelo sepulcro representou, para os disc\u00edpulos, um forte momento de frustra\u00e7\u00e3o, de promessa n\u00e3o realizada e de alian\u00e7a n\u00e3o cumprida. O projeto de liberta\u00e7\u00e3o que o povo esperava caiu em decad\u00eancia. Acontece que Deus n\u00e3o falha e acompanha a trajet\u00f3ria das pessoas e das comunidades. Jesus tinha ressuscitado.<br \/>Com isto, vivenciar a P\u00e1scoa significa retomar a alegria e a esperan\u00e7a dificultadas pelo sepulcro vazio. Nela est\u00e1 o centro da f\u00e9 crist\u00e3, a supera\u00e7\u00e3o de todo individualismo que massacra o ser humano e o coloca numa atitude de impot\u00eancia para agir com total liberdade.<br \/>Todos os limites e impossibilidades que a pessoa tem s\u00e3o como armadilhas para dificultar sua plena realiza\u00e7\u00e3o. A ressurrei\u00e7\u00e3o \u00e9 um dom de Deus para conservar o ideal de liberta\u00e7\u00e3o e possibilitar a pessoa de amar e ser feliz numa dimens\u00e3o de vida eterna.<\/p>\n","protected":false},"excerpt":{"rendered":"<p>A Festa da P\u00e1scoa, a mais importante no cen\u00e1rio crist\u00e3o, \u00e9 consequ\u00eancia de uma longa hist\u00f3ria de prepara\u00e7\u00e3o e de fatos marcantes acontecidos na vida de Jesus Cristo. A express\u00e3o maior se deu na cruz. Ao morrer, Jesus \u00e9 depositado num sepulcro vazio, cedido por um homem rico da regi\u00e3o, chamado Jos\u00e9 de Arimateia. No [&hellip;]<\/p>\n","protected":false},"author":11,"featured_media":0,"comment_status":"closed","ping_status":"closed","sticky":false,"template":"","format":"standard","meta":{"footnotes":""},"categories":[9],"tags":[],"class_list":["post-5673","post","type-post","status-publish","format-standard","hentry","category-artigos"],"_links":{"self":[{"href":"https:\/\/catolicanet.net\/wp-cnet\/wp-json\/wp\/v2\/posts\/5673","targetHints":{"allow":["GET"]}}],"collection":[{"href":"https:\/\/catolicanet.net\/wp-cnet\/wp-json\/wp\/v2\/posts"}],"about":[{"href":"https:\/\/catolicanet.net\/wp-cnet\/wp-json\/wp\/v2\/types\/post"}],"author":[{"embeddable":true,"href":"https:\/\/catolicanet.net\/wp-cnet\/wp-json\/wp\/v2\/users\/11"}],"replies":[{"embeddable":true,"href":"https:\/\/catolicanet.net\/wp-cnet\/wp-json\/wp\/v2\/comments?post=5673"}],"version-history":[{"count":1,"href":"https:\/\/catolicanet.net\/wp-cnet\/wp-json\/wp\/v2\/posts\/5673\/revisions"}],"predecessor-version":[{"id":10479,"href":"https:\/\/catolicanet.net\/wp-cnet\/wp-json\/wp\/v2\/posts\/5673\/revisions\/10479"}],"wp:attachment":[{"href":"https:\/\/catolicanet.net\/wp-cnet\/wp-json\/wp\/v2\/media?parent=5673"}],"wp:term":[{"taxonomy":"category","embeddable":true,"href":"https:\/\/catolicanet.net\/wp-cnet\/wp-json\/wp\/v2\/categories?post=5673"},{"taxonomy":"post_tag","embeddable":true,"href":"https:\/\/catolicanet.net\/wp-cnet\/wp-json\/wp\/v2\/tags?post=5673"}],"curies":[{"name":"wp","href":"https:\/\/api.w.org\/{rel}","templated":true}]}}