{"id":5672,"date":"2015-03-27T16:02:28","date_gmt":"2015-03-27T19:02:28","guid":{"rendered":"http:\/\/catolicanet.net\/wp-cnet\/situacao-mulher-em-cabo-verde-e-animadora-nao-satisfatoria\/"},"modified":"2017-04-07T13:56:43","modified_gmt":"2017-04-07T16:56:43","slug":"situacao-mulher-em-cabo-verde-e-animadora-nao-satisfatoria","status":"publish","type":"post","link":"https:\/\/catolicanet.net\/wp-cnet\/situacao-mulher-em-cabo-verde-e-animadora-nao-satisfatoria\/","title":{"rendered":"Situa\u00e7\u00e3o mulher em Cabo Verde \u00e9 animadora, n\u00e3o satisfat\u00f3ria"},"content":{"rendered":"<p style=\"text-align: justify;\"><img decoding=\"async\" src=\"http:\/\/catolicanet.com.br\/images\/stories\/mulhercaboverde.jpg\" border=\"0\" align=\"left\" \/>Indicadores sobre a situa\u00e7\u00e3o da Mulher em Cabo Verde s\u00e3o animadores mas est\u00e3o longe de serem satisfat\u00f3rios. A constata\u00e7\u00e3o \u00e9 do Presidente da Rep\u00fablica (PR), Jorge Carlos Fonseca.<\/p>\n<p>Na sua mensagem alusiva ao Dia da Mulher Cabo-verdiana, que se assinala neste dia 27 de Mar\u00e7o, o Chefe de Estado salientou que durante os quase 40 anos de independ\u00eancia do pa\u00eds assistiu-se a avan\u00e7os \u201cnot\u00e1veis\u201d na promo\u00e7\u00e3o dos direitos humanos e da dignidade das mulheres e das meninas rumo a sua participa\u00e7\u00e3o plena e igualit\u00e1ria na sociedade cabo-verdiana.<\/p>\n<p>\u201cJuntos temos percorrido um longo caminho e orgulhamo-nos dos progressos alcan\u00e7ados pela sociedade cabo-verdiana no que respeita \u00e0 participa\u00e7\u00e3o e sucesso escolar das meninas e mulheres em todos os n\u00edveis de ensino, \u00e0 qualidade da sa\u00fade e ao desempenho em \u00e1reas profissionais tradicionalmente consideradas como territ\u00f3rio masculino\u201d, real\u00e7ou.<\/p>\n<p>Jorge Carlos Fonseca salientou que os progressos alcan\u00e7ados s\u00e3o fruto de um sucessivo, empenhado e progressivo compromisso governamental partilhado e apoiado por v\u00e1rias organiza\u00e7\u00f5es n\u00e3o-governamentais entre as quais destaca a OMCV, MORABI, La\u00e7o Branco, Mulheres Juristas, Mulheres Empres\u00e1rias, e pela ONU Mulheres em Cabo Verde.<\/p>\n<p>Contudo adianta que ainda permanecem diversos desafios a serem vencidos designadamente na erradica\u00e7\u00e3o da viol\u00eancia baseada no g\u00e9nero em que as mulheres s\u00e3o principais v\u00edtimas, de uma melhor integra\u00e7\u00e3o das mulheres no mercado de trabalho, do incremento da sua participa\u00e7\u00e3o pol\u00edtica e do reconhecimento das desigualdades de g\u00e9nero na divis\u00e3o do trabalho e no uso do tempo e da pobreza que afecta maioritariamente as mulheres.<\/p>\n<p>O PR acrescenta que ainda h\u00e1 muito trabalho pela frente para acabar com os preconceitos que continuam a condicionar o desenvolvimento justo e igual de todas as pessoas, Homens e Mulheres, Meninas e Meninos.<\/p>\n<p>Por isso aproveita esta data para apelar que sejam tomadas medidas \u201cadequadas e s\u00f3lidas\u201d para melhorar o n\u00edvel de crescimento inclusivo, a produtividade e competitividade das nossas economias, direccionadas para as Pequenas e medias empresas, as microempresas na economia informal e no sector rural, onde se destaca a presen\u00e7a maiorit\u00e1ria das mulheres.<\/p>\n<p>\u201cTodas as pessoas, todas as organiza\u00e7\u00f5es empresariais, representantes do patronato e organiza\u00e7\u00f5es sindicais, associa\u00e7\u00f5es profissionais, no territ\u00f3rio e na di\u00e1spora, devem engajar-se nesta luta que certamente elevar\u00e1 a na\u00e7\u00e3o cabo-verdiana aos n\u00edveis de desenvolvimento almejados\u201d.<\/p>\n<p>Jorge Carlos Fonseca finalizou a sua mensagem desejando um feliz dia e um prof\u00edcuo ano \u00e0s mulheres cabo-verdianas e reafirmou o seu compromisso de na qualidade de representante m\u00e1ximo do Estado de Cabo Verde, tudo fazer que as mulheres cabo-verdianas sejam cada vez mais reconhecidas, respeitadas e valorizadas.<\/p>\n<p style=\"text-align: justify;\">\u00a0<\/p>\n<p style=\"text-align: justify;\">Fonte: R\u00e1dio Vaticano<\/p>\n","protected":false},"excerpt":{"rendered":"<p>Indicadores sobre a situa\u00e7\u00e3o da Mulher em Cabo Verde s\u00e3o animadores mas est\u00e3o longe de serem satisfat\u00f3rios. A constata\u00e7\u00e3o \u00e9 do Presidente da Rep\u00fablica (PR), Jorge Carlos Fonseca. Na sua mensagem alusiva ao Dia da Mulher Cabo-verdiana, que se assinala neste dia 27 de Mar\u00e7o, o Chefe de Estado salientou que durante os quase 40 [&hellip;]<\/p>\n","protected":false},"author":1,"featured_media":0,"comment_status":"closed","ping_status":"closed","sticky":false,"template":"","format":"standard","meta":{"footnotes":""},"categories":[3],"tags":[],"class_list":["post-5672","post","type-post","status-publish","format-standard","hentry","category-vaticano"],"_links":{"self":[{"href":"https:\/\/catolicanet.net\/wp-cnet\/wp-json\/wp\/v2\/posts\/5672","targetHints":{"allow":["GET"]}}],"collection":[{"href":"https:\/\/catolicanet.net\/wp-cnet\/wp-json\/wp\/v2\/posts"}],"about":[{"href":"https:\/\/catolicanet.net\/wp-cnet\/wp-json\/wp\/v2\/types\/post"}],"author":[{"embeddable":true,"href":"https:\/\/catolicanet.net\/wp-cnet\/wp-json\/wp\/v2\/users\/1"}],"replies":[{"embeddable":true,"href":"https:\/\/catolicanet.net\/wp-cnet\/wp-json\/wp\/v2\/comments?post=5672"}],"version-history":[{"count":1,"href":"https:\/\/catolicanet.net\/wp-cnet\/wp-json\/wp\/v2\/posts\/5672\/revisions"}],"predecessor-version":[{"id":10484,"href":"https:\/\/catolicanet.net\/wp-cnet\/wp-json\/wp\/v2\/posts\/5672\/revisions\/10484"}],"wp:attachment":[{"href":"https:\/\/catolicanet.net\/wp-cnet\/wp-json\/wp\/v2\/media?parent=5672"}],"wp:term":[{"taxonomy":"category","embeddable":true,"href":"https:\/\/catolicanet.net\/wp-cnet\/wp-json\/wp\/v2\/categories?post=5672"},{"taxonomy":"post_tag","embeddable":true,"href":"https:\/\/catolicanet.net\/wp-cnet\/wp-json\/wp\/v2\/tags?post=5672"}],"curies":[{"name":"wp","href":"https:\/\/api.w.org\/{rel}","templated":true}]}}