{"id":56713,"date":"2020-02-07T13:18:58","date_gmt":"2020-02-07T16:18:58","guid":{"rendered":"https:\/\/catolicanet.net\/wp-cnet\/?p=56713"},"modified":"2020-02-07T13:18:58","modified_gmt":"2020-02-07T16:18:58","slug":"oracao-para-quem-esta-procurando-emprego","status":"publish","type":"post","link":"https:\/\/catolicanet.net\/wp-cnet\/oracao-para-quem-esta-procurando-emprego\/","title":{"rendered":"Ora\u00e7\u00e3o para quem est\u00e1 procurando emprego"},"content":{"rendered":"<div class=\"io-div\" data-io-article-url=\"https:\/\/pt.aleteia.org\/2020\/02\/07\/oracao-para-quem-esta-procurando-emprego\/\">\n<h2 class=\"subtitle\" style=\"text-align: justify;\">Senhor, ajude-me a encontrar um emprego est\u00e1vel e digno<\/h2>\n<div class=\"base-post-content\" style=\"text-align: justify;\">\u201cSenhor, ajude-me a encontrar um emprego est\u00e1vel e digno. E quando eu encontrar trabalho, que eu possa fazer bom uso do meu tempo, considerando-o um tesouro. Ajude-me a crescer na virtude da ordem, a realizar meu trabalho pontual, atenta e firmemente. Que eu consiga desenvolver um plano bem estruturado para viver de maneira equilibrada a minha vida espiritual, familiar, profissional e social. Am\u00e9m.<\/div>\n<\/div>\n<div class=\"row\">\n<div class=\"col-xs-12 text-center pagination-cont-article\"><\/div>\n<\/div>\n","protected":false},"excerpt":{"rendered":"<p>Senhor, ajude-me a encontrar um emprego est\u00e1vel e digno \u201cSenhor, ajude-me a encontrar um emprego est\u00e1vel e digno. E quando eu encontrar trabalho, que eu possa fazer bom uso do meu tempo, considerando-o um tesouro. Ajude-me a crescer na virtude da ordem, a realizar meu trabalho pontual, atenta e firmemente. Que eu consiga desenvolver um [&hellip;]<\/p>\n","protected":false},"author":1,"featured_media":56714,"comment_status":"open","ping_status":"closed","sticky":false,"template":"","format":"standard","meta":{"footnotes":""},"categories":[4],"tags":[],"class_list":["post-56713","post","type-post","status-publish","format-standard","has-post-thumbnail","hentry","category-cotidiano"],"_links":{"self":[{"href":"https:\/\/catolicanet.net\/wp-cnet\/wp-json\/wp\/v2\/posts\/56713","targetHints":{"allow":["GET"]}}],"collection":[{"href":"https:\/\/catolicanet.net\/wp-cnet\/wp-json\/wp\/v2\/posts"}],"about":[{"href":"https:\/\/catolicanet.net\/wp-cnet\/wp-json\/wp\/v2\/types\/post"}],"author":[{"embeddable":true,"href":"https:\/\/catolicanet.net\/wp-cnet\/wp-json\/wp\/v2\/users\/1"}],"replies":[{"embeddable":true,"href":"https:\/\/catolicanet.net\/wp-cnet\/wp-json\/wp\/v2\/comments?post=56713"}],"version-history":[{"count":1,"href":"https:\/\/catolicanet.net\/wp-cnet\/wp-json\/wp\/v2\/posts\/56713\/revisions"}],"predecessor-version":[{"id":56715,"href":"https:\/\/catolicanet.net\/wp-cnet\/wp-json\/wp\/v2\/posts\/56713\/revisions\/56715"}],"wp:featuredmedia":[{"embeddable":true,"href":"https:\/\/catolicanet.net\/wp-cnet\/wp-json\/wp\/v2\/media\/56714"}],"wp:attachment":[{"href":"https:\/\/catolicanet.net\/wp-cnet\/wp-json\/wp\/v2\/media?parent=56713"}],"wp:term":[{"taxonomy":"category","embeddable":true,"href":"https:\/\/catolicanet.net\/wp-cnet\/wp-json\/wp\/v2\/categories?post=56713"},{"taxonomy":"post_tag","embeddable":true,"href":"https:\/\/catolicanet.net\/wp-cnet\/wp-json\/wp\/v2\/tags?post=56713"}],"curies":[{"name":"wp","href":"https:\/\/api.w.org\/{rel}","templated":true}]}}