{"id":56690,"date":"2020-02-07T11:35:52","date_gmt":"2020-02-07T14:35:52","guid":{"rendered":"https:\/\/catolicanet.net\/wp-cnet\/?p=56690"},"modified":"2020-02-10T10:24:59","modified_gmt":"2020-02-10T13:24:59","slug":"vos-sois-sal-da-terra-e-luz-do-mundo-2","status":"publish","type":"post","link":"https:\/\/catolicanet.net\/wp-cnet\/vos-sois-sal-da-terra-e-luz-do-mundo-2\/","title":{"rendered":"V\u00f3s sois sal da terra e luz do mundo"},"content":{"rendered":"<p style=\"text-align: justify;\">\u00a0 \u00a0 \u00a0 \u00a0 Celebramos o Quinto Domingo do Tempo Comum. No Evangelho, escutamos umas frases de Jesus que nos s\u00e3o velhas conhecidas, t\u00e3o antigas, que riscam n\u00e3o significar muita coisa: <em>\u201cV\u00f3s sois o sal da terra; v\u00f3s sois a luz do mundo\u201d(cf. Mt 5,13)<\/em>\u00a0\u2013 diz-nos o Senhor! Pois bem, com un\u00e7\u00e3o e humildade, como se escut\u00e1ssemos pela primeira vez, escutemos, procuremos compreender e acolhamos essas afirma\u00e7\u00f5es, para encontrarmos nelas a Vida e vivermos de verdade.<\/p>\n<p style=\"text-align: justify;\">\u00a0\u00a0\u00a0\u00a0\u00a0\u00a0\u00a0\u00a0\u00a0 No Evangelho (cf. Mt 5, 13-16) o Senhor fala-nos da nossa responsabilidade perante o mundo: V\u00f3s sois o sal da terra\u2026 V\u00f3s sois a luz do mundo. E diz isso a cada um de n\u00f3s, \u00e0queles que queremos ser seus disc\u00edpulos.\u00a0 O sal d\u00e1 sabor aos alimentos, torna-os agrad\u00e1veis, preserva da corrup\u00e7\u00e3o e era, no passado, um s\u00edmbolo da sabedoria divina. No Antigo Testamento, prescrevia-se que tudo que se oferecesse a Deus devia estar condimentado com sal (cf. Lv 2, 13), para significar o desejo de que a oferenda fosse agrad\u00e1vel. A luz \u00e9 a primeira obra da cria\u00e7\u00e3o (cf. Gn 1, 15), e \u00e9 o s\u00edmbolo do Senhor, do C\u00e9u e da Vida. As trevas, pelo contr\u00e1rio, significam a morte, o inferno, a desordem e o mal. Os disc\u00edpulos de Cristo s\u00e3o o sal da terra: d\u00e3o um sentido mais alto a todos os valores humanos, evitam a corrup\u00e7\u00e3o, trazem com as suas palavras a sabedoria aos homens. S\u00e3o tamb\u00e9m luz do mundo, que orienta e indica o caminho no meio da escurid\u00e3o. Quando os crist\u00e3os vivem segundo a sua f\u00e9 e t\u00eam um comportamento irrepreens\u00edvel e simples, brilham como astros no mundo (cf. Fil 2, 15), no meio do trabalho e dos seus afazeres, na sua vida normal.<\/p>\n<p style=\"text-align: justify;\">\u00a0\u00a0\u00a0\u00a0\u00a0\u00a0\u00a0\u00a0\u00a0 <em>V\u00f3s sois o sal da terra!<\/em><em>\u00a0<\/em>O sal, na Escritura, aparece como o elemento que d\u00e1 sabor, purifica e conserva, tornando perenes e duradouros os alimentos\u2026 Da\u00ed a express\u00e3o \u201calian\u00e7a de sal\u201d, isto \u00e9,\u00a0<em>\u201c<\/em><em>uma alian\u00e7a perene aos olhos do Senhor\u201d (cf. Nm 18,19)<\/em><em>.<\/em> Por causa dessa pureza e perenidade, \u00e9 que Israel deveria ajuntar o sal a toda oferta que fizesse ao Senhor Deus:\u00a0<em>\u201c<\/em><em>Salgar\u00e1s toda a obla\u00e7\u00e3o que ofereceres, e n\u00e3o deixar\u00e1s de p\u00f4r na tua obla\u00e7\u00e3o sal da alian\u00e7a de teu Deus; a toda a oferenda juntar\u00e1s uma oferenda de sal a teu Deus\u201d (cf. Lv 2,13)<\/em>. Pois bem, irm\u00e3os car\u00edssimos, v\u00f3s sois o sal que d\u00e1 sabor, pureza e conserva\u00e7\u00e3o ao mundo diante de Deus! Sois a pitadinha de sal que torna o mundo uma oferenda agrad\u00e1vel e aceit\u00e1vel ao Senhor! Sois t\u00e3o pequenos, t\u00e3o poucos, t\u00e3o fr\u00e1geis, t\u00e3o impotentes, t\u00e3o tolos! Lembrai-vos da leitura do Domingo passado:\u00a0<em>\u201c<\/em><em>Entre v\u00f3s n\u00e3o h\u00e1 muitos s\u00e1bios de sabedoria humana nem muitos poderosos nem muitos nobres\u2026 Deus escolheu o que o mundo considera como est\u00fapido, para assim confundir o que \u00e9 forte; Deus escolheu o que o mundo considera sem import\u00e2ncia e desprezado, o que n\u00e3o tem nenhuma serventia, para, assim, mostrar a inutilidade do que \u00e9 considerado importante\u2026 \u00c9 gra\u00e7as a ele que v\u00f3s sois em Cristo..\u201d (cf. 1Cor 1,26-31)<\/em>.<\/p>\n<p style=\"text-align: justify;\">\u00a0\u00a0\u00a0\u00a0\u00a0\u00a0\u00a0\u00a0\u00a0 <em>V\u00f3s sois a luz do mundo!<\/em>\u00a0\u2013 Que afirma\u00e7\u00e3o impressionante! Um s\u00f3 \u00e9 a luz: Aquele que disse de si pr\u00f3prio:\u00a0<em>\u201cEu sou a luz do mundo!\u201d (cf. Jo 8,12)<\/em><em>. <\/em>Como pode, ent\u00e3o, dizer agora que n\u00f3s somos luz? Escutemos:<em>\u00a0<\/em><em>\u201cEu sou a luz do mundo; quem me segue n\u00e3o andar\u00e1 nas trevas, mas ter\u00e1 a luz da vida!\u201d (cf. Jo 8,12)<\/em><em>.<\/em> Eis: se em Cristo \u2013 e somente nele \u2013 somos sal da alian\u00e7a selada na cruz, tamb\u00e9m somente na sua luz, seguindo seus passos, tornamo-nos luz. \u00c9 isso que nos afirma o Ap\u00f3stolo:<em>\u00a0<\/em><em>\u201c<\/em><em>Outrora \u00e9reis treva! Agora, sois luz no Senhor! Andai como filhos da luz!\u201d (cf. Ef 5,8)<\/em>. Por n\u00f3s mesmos n\u00e3o somos sal, mas ins\u00edpidos; por n\u00f3s mesmos n\u00e3o somos luz, mas trevas tenebrosas! Mas, em Cristo, damos sabor ao mundo e somos reflexos da luz do Senhor! N\u00e3o somos luz, mas iluminados pela luz de Cristo.<\/p>\n<p style=\"text-align: justify;\">\u00a0\u00a0\u00a0\u00a0\u00a0\u00a0\u00a0\u00a0\u00a0 Somente seremos luz se nos deixarmos iluminar pela luz fulgurante que brota da sua cruz! Que o crist\u00e3o n\u00e3o busque outro sal ou outra luz, a n\u00e3o ser o Cristo e Cristo na sua humildade, na sua pobreza, no seu servi\u00e7o, na sua disponibilidade total em rela\u00e7\u00e3o ao Pai:\u00a0<em>\u201cN\u00e3o julguei saber coisa alguma entre v\u00f3s, a n\u00e3o ser Jesus Cristo, e este, crucificado!\u201d<\/em><em>\u00a0<\/em>Aquilo que passa da cruz do Senhor, que foge da cruz do Senhor, que procura outro caminho e outra l\u00f3gica, que n\u00e3o a da cruz que conduz \u00e0 ressurrei\u00e7\u00e3o, n\u00e3o salga e n\u00e3o ilumina! Ent\u00e3o, que brilhe a luz de Cristo em nossa vida e em nossas obras!<\/p>\n<p style=\"text-align: justify;\">\u00a0\u00a0\u00a0\u00a0\u00a0\u00a0\u00a0\u00a0\u00a0 Pe\u00e7amos ao Senhor a gra\u00e7a de sermos sal da terra e luz do mundo. \u00a0Com a luz de Cristo \u00e9 que n\u00f3s crist\u00e3os iluminaremos cidades inteiras, partidos pol\u00edticos, grupos de empres\u00e1rios, universidades e centros educativos, com\u00e9rcios e est\u00e1dios de futebol. Onde est\u00e1 um crist\u00e3o, a\u00ed est\u00e1 a luz de Cristo! Mas o crist\u00e3o tem que ser coerente, tem que dar a vida se for preciso.<\/p>\n","protected":false},"excerpt":{"rendered":"<p>\u00a0 \u00a0 \u00a0 \u00a0 Celebramos o Quinto Domingo do Tempo Comum. No Evangelho, escutamos umas frases de Jesus que nos s\u00e3o velhas conhecidas, t\u00e3o antigas, que riscam n\u00e3o significar muita coisa: \u201cV\u00f3s sois o sal da terra; v\u00f3s sois a luz do mundo\u201d(cf. Mt 5,13)\u00a0\u2013 diz-nos o Senhor! Pois bem, com un\u00e7\u00e3o e humildade, como [&hellip;]<\/p>\n","protected":false},"author":1,"featured_media":55819,"comment_status":"open","ping_status":"closed","sticky":false,"template":"","format":"standard","meta":{"footnotes":""},"categories":[9],"tags":[],"class_list":["post-56690","post","type-post","status-publish","format-standard","has-post-thumbnail","hentry","category-artigos"],"_links":{"self":[{"href":"https:\/\/catolicanet.net\/wp-cnet\/wp-json\/wp\/v2\/posts\/56690","targetHints":{"allow":["GET"]}}],"collection":[{"href":"https:\/\/catolicanet.net\/wp-cnet\/wp-json\/wp\/v2\/posts"}],"about":[{"href":"https:\/\/catolicanet.net\/wp-cnet\/wp-json\/wp\/v2\/types\/post"}],"author":[{"embeddable":true,"href":"https:\/\/catolicanet.net\/wp-cnet\/wp-json\/wp\/v2\/users\/1"}],"replies":[{"embeddable":true,"href":"https:\/\/catolicanet.net\/wp-cnet\/wp-json\/wp\/v2\/comments?post=56690"}],"version-history":[{"count":1,"href":"https:\/\/catolicanet.net\/wp-cnet\/wp-json\/wp\/v2\/posts\/56690\/revisions"}],"predecessor-version":[{"id":56733,"href":"https:\/\/catolicanet.net\/wp-cnet\/wp-json\/wp\/v2\/posts\/56690\/revisions\/56733"}],"wp:featuredmedia":[{"embeddable":true,"href":"https:\/\/catolicanet.net\/wp-cnet\/wp-json\/wp\/v2\/media\/55819"}],"wp:attachment":[{"href":"https:\/\/catolicanet.net\/wp-cnet\/wp-json\/wp\/v2\/media?parent=56690"}],"wp:term":[{"taxonomy":"category","embeddable":true,"href":"https:\/\/catolicanet.net\/wp-cnet\/wp-json\/wp\/v2\/categories?post=56690"},{"taxonomy":"post_tag","embeddable":true,"href":"https:\/\/catolicanet.net\/wp-cnet\/wp-json\/wp\/v2\/tags?post=56690"}],"curies":[{"name":"wp","href":"https:\/\/api.w.org\/{rel}","templated":true}]}}