{"id":56681,"date":"2020-02-06T10:07:52","date_gmt":"2020-02-06T13:07:52","guid":{"rendered":"https:\/\/catolicanet.net\/wp-cnet\/?p=56681"},"modified":"2020-02-06T13:10:15","modified_gmt":"2020-02-06T16:10:15","slug":"em-fevereiro-reze-com-o-papa-pelas-vitimas-do-trafico-humano","status":"publish","type":"post","link":"https:\/\/catolicanet.net\/wp-cnet\/em-fevereiro-reze-com-o-papa-pelas-vitimas-do-trafico-humano\/","title":{"rendered":"Em fevereiro, reze com o Papa pelas v\u00edtimas do tr\u00e1fico humano"},"content":{"rendered":"<div class=\"article__subTitle\" style=\"text-align: justify;\">&#8220;Rezemos para que o clamor dos irm\u00e3os migrantes v\u00edtimas do tr\u00e1fico criminoso de pessoas seja escutado e considerado\u201d: o Papa Francisco convida os fi\u00e9is a rezarem por esta inten\u00e7\u00e3o do m\u00eas de fevereiro.<\/div>\n<div class=\"title__separator\" style=\"text-align: justify;\"><\/div>\n<div class=\"article__text\">\n<p style=\"text-align: justify;\"><b>Cidade do Vaticano<\/b><\/p>\n<p style=\"text-align: justify;\">Em fevereiro, &#8220;O V\u00eddeo do Papa&#8221; contendo a inten\u00e7\u00e3o de ora\u00e7\u00e3o do m\u00eas se concentra na situa\u00e7\u00e3o de milh\u00f5es de homens e mulheres migrantes, frequentemente v\u00edtimas do tr\u00e1fico humano.<\/p>\n<p style=\"text-align: justify;\">Entre as causas, Francisco aponta para a corrup\u00e7\u00e3o de pessoas dispostas \u201ca fazer qualquer coisa para enriquecer\u201d.<\/p>\n<div>\n<div class=\"article__embed article__embed--border embed_style\">\n<blockquote><p>\u201cO dinheiro dos seus neg\u00f3cios sujos e dos seus delitos \u00e9 dinheiro manchado de sangue. N\u00e3o estou exagerando: \u00e9 dinheiro manchado de sangue. Rezemos para que o clamor dos irm\u00e3os migrantes v\u00edtimas do tr\u00e1fico criminoso de pessoas seja escutado e considerado.\u201d<\/p><\/blockquote>\n<p style=\"text-align: justify;\"><iframe loading=\"lazy\"  id=\"_ytid_74492\"  width=\"696\" height=\"392\"  data-origwidth=\"696\" data-origheight=\"392\"  data-relstop=\"1\" src=\"https:\/\/www.youtube.com\/embed\/id4oUQZJNNM?enablejsapi=1&autoplay=0&cc_load_policy=0&cc_lang_pref=&iv_load_policy=1&loop=0&rel=0&fs=1&playsinline=0&autohide=2&theme=dark&color=red&controls=1&disablekb=0&\" class=\"__youtube_prefs__  no-lazyload\" title=\"YouTube player\"  allow=\"fullscreen; accelerometer; autoplay; clipboard-write; encrypted-media; gyroscope; picture-in-picture; web-share\" referrerpolicy=\"strict-origin-when-cross-origin\" allowfullscreen data-no-lazy=\"1\" data-skipgform_ajax_framebjll=\"\"><\/iframe><\/p>\n<h2 style=\"text-align: justify;\">Santa Bakhita<\/h2>\n<p style=\"text-align: justify;\">Esta segunda edi\u00e7\u00e3o de 2020 de \u201cO V\u00eddeo do Papa\u201d foi produzida com a Se\u00e7\u00e3o Migrantes e Refugiados do Dicast\u00e9rio para o Servi\u00e7o de Desenvolvimento Humano Integral.<\/p>\n<p style=\"text-align: justify;\">O lan\u00e7amento tamb\u00e9m faz parte do Dia Mundial de Ora\u00e7\u00e3o e Reflex\u00e3o contra o Tr\u00e1fico de Pessoas, promovido por Talitha Kum, a Rede Internacional da Vida Consagrada contra o Tr\u00e1fico de Pessoas, fundada pela Uni\u00e3o Internacional das Superioras Gerais em Roma (UISG). Este Dia de ora\u00e7\u00e3o \u00e9 celebrado no dia 8 de fevereiro, mem\u00f3ria lit\u00fargica de Santa Josefina Bakhita (a jovem sudanesa traficada que se tornou santa).<\/p>\n<p style=\"text-align: justify;\">De fato, em 2019, o n\u00famero de migrantes internacionais atingiu 271,6 milh\u00f5es em todo o mundo. Treze milh\u00f5es a mais em rela\u00e7\u00e3o a 2017. Destes, 47,9% s\u00e3o mulheres e 13,9% s\u00e3o crian\u00e7as e adolescentes (menores de 19 anos).<\/p>\n<p style=\"text-align: justify;\">O subsecret\u00e1rio da Se\u00e7\u00e3o Migrantes e Refugiados, cardeal Michael Czerny S.J., lembra as Orienta\u00e7\u00f5es Pastorais sobre Tr\u00e1fico de Pessoas, um documento dispon\u00edvel para a Igreja e para todos que desejam lutar contra o tr\u00e1fico humano.<\/p>\n<p style=\"text-align: justify;\">As Diretrizes terminam com o chamado urgente do Papa Francisco na <i>Evangelii Gaudium<\/i>: \u201cSempre me angustiou a situa\u00e7\u00e3o das pessoas que s\u00e3o objeto das diferentes formas de tr\u00e1fico. Quem dera que se ouvisse o grito de Deus, perguntando a todos n\u00f3s: \u2018Onde est\u00e1 o teu irm\u00e3o?\u2019 (Gn 4, 9). Onde est\u00e1 o teu irm\u00e3o escravo?. Essa pergunta \u00e9 para todos!\u201d.<\/p>\n<\/div>\n<\/div>\n<\/div>\n","protected":false},"excerpt":{"rendered":"<p>&#8220;Rezemos para que o clamor dos irm\u00e3os migrantes v\u00edtimas do tr\u00e1fico criminoso de pessoas seja escutado e considerado\u201d: o Papa Francisco convida os fi\u00e9is a rezarem por esta inten\u00e7\u00e3o do m\u00eas de fevereiro. Cidade do Vaticano Em fevereiro, &#8220;O V\u00eddeo do Papa&#8221; contendo a inten\u00e7\u00e3o de ora\u00e7\u00e3o do m\u00eas se concentra na situa\u00e7\u00e3o de milh\u00f5es [&hellip;]<\/p>\n","protected":false},"author":1,"featured_media":56682,"comment_status":"open","ping_status":"closed","sticky":false,"template":"","format":"standard","meta":{"footnotes":""},"categories":[13,3],"tags":[],"class_list":["post-56681","post","type-post","status-publish","format-standard","has-post-thumbnail","hentry","category-featured","category-vaticano"],"_links":{"self":[{"href":"https:\/\/catolicanet.net\/wp-cnet\/wp-json\/wp\/v2\/posts\/56681","targetHints":{"allow":["GET"]}}],"collection":[{"href":"https:\/\/catolicanet.net\/wp-cnet\/wp-json\/wp\/v2\/posts"}],"about":[{"href":"https:\/\/catolicanet.net\/wp-cnet\/wp-json\/wp\/v2\/types\/post"}],"author":[{"embeddable":true,"href":"https:\/\/catolicanet.net\/wp-cnet\/wp-json\/wp\/v2\/users\/1"}],"replies":[{"embeddable":true,"href":"https:\/\/catolicanet.net\/wp-cnet\/wp-json\/wp\/v2\/comments?post=56681"}],"version-history":[{"count":1,"href":"https:\/\/catolicanet.net\/wp-cnet\/wp-json\/wp\/v2\/posts\/56681\/revisions"}],"predecessor-version":[{"id":56683,"href":"https:\/\/catolicanet.net\/wp-cnet\/wp-json\/wp\/v2\/posts\/56681\/revisions\/56683"}],"wp:featuredmedia":[{"embeddable":true,"href":"https:\/\/catolicanet.net\/wp-cnet\/wp-json\/wp\/v2\/media\/56682"}],"wp:attachment":[{"href":"https:\/\/catolicanet.net\/wp-cnet\/wp-json\/wp\/v2\/media?parent=56681"}],"wp:term":[{"taxonomy":"category","embeddable":true,"href":"https:\/\/catolicanet.net\/wp-cnet\/wp-json\/wp\/v2\/categories?post=56681"},{"taxonomy":"post_tag","embeddable":true,"href":"https:\/\/catolicanet.net\/wp-cnet\/wp-json\/wp\/v2\/tags?post=56681"}],"curies":[{"name":"wp","href":"https:\/\/api.w.org\/{rel}","templated":true}]}}