{"id":5667,"date":"2015-03-25T17:36:22","date_gmt":"2015-03-25T20:36:22","guid":{"rendered":"http:\/\/catolicanet.net\/wp-cnet\/papa-manifesta-a-sua-dor-pelas-vitimas-de-desastre-aereo\/"},"modified":"2017-04-07T14:02:03","modified_gmt":"2017-04-07T17:02:03","slug":"papa-manifesta-a-sua-dor-pelas-vitimas-de-desastre-aereo","status":"publish","type":"post","link":"https:\/\/catolicanet.net\/wp-cnet\/papa-manifesta-a-sua-dor-pelas-vitimas-de-desastre-aereo\/","title":{"rendered":"Papa manifesta a sua dor pelas v\u00edtimas de desastre a\u00e9reo"},"content":{"rendered":"<p style=\"text-align: justify;\"><img decoding=\"async\" src=\"http:\/\/catolicanet.com.br\/images\/stories\/geral\/acidenteaereo.jpg\" border=\"0\" align=\"left\" \/>O Papa Francisco enviou um telegrama a D. Jean-Phippe Nault. bispo de Digne, em Fran\u00e7a, manifestando o seu pesar pelo acidente ocorrido com o Airbus A320 da companhia a\u00e9rea alem\u00e3 Germanwings que caiu nos Alpes franceses, nesta ter\u00e7a-feira dia 24 de mar\u00e7o. Neste acidente morreram 144 passageiros e 6 tripulantes que viajavam de Barcelona, na Espanha, para Dusseldorf, na Alemanha. Muitas das v\u00edtimas s\u00e3o adolescentes.<\/p>\n<p>O Santo Padre une-se ao luto dos familiares das v\u00edtimas e reza pela paz dos falecidos, confiando-os \u00e0 miseric\u00f3rdia de Deus para que os acolha na sua morada de paz e de luz. O Santo Padre manifesta o seu afeto a todos aqueles que foram tocados por essa trag\u00e9dia e aos socorristas que interv\u00eam em condi\u00e7\u00f5es dif\u00edceis. O Papa Francisco pede ao Senhor para que d\u00ea a todos for\u00e7a e consolo, e invoca sobre todos as b\u00ean\u00e7\u00e3os de Deus.<\/p>\n<p>As v\u00edtimas do acidente a\u00e9reo eram 67 alem\u00e3es, dos quais 16 estudantes com os seus professores, 45 espanh\u00f3is, um belga, dois australianos, dois colombianos, um dinamarqu\u00eas, um israelita e um turco.<\/p>\n<p style=\"text-align: justify;\">\u00a0<\/p>\n<p style=\"text-align: justify;\"><strong>Fonte:<\/strong> R\u00e1dio Vaticano<\/p>\n","protected":false},"excerpt":{"rendered":"<p>O Papa Francisco enviou um telegrama a D. Jean-Phippe Nault. bispo de Digne, em Fran\u00e7a, manifestando o seu pesar pelo acidente ocorrido com o Airbus A320 da companhia a\u00e9rea alem\u00e3 Germanwings que caiu nos Alpes franceses, nesta ter\u00e7a-feira dia 24 de mar\u00e7o. Neste acidente morreram 144 passageiros e 6 tripulantes que viajavam de Barcelona, na [&hellip;]<\/p>\n","protected":false},"author":1,"featured_media":0,"comment_status":"closed","ping_status":"closed","sticky":false,"template":"","format":"standard","meta":{"footnotes":""},"categories":[3],"tags":[],"class_list":["post-5667","post","type-post","status-publish","format-standard","hentry","category-vaticano"],"_links":{"self":[{"href":"https:\/\/catolicanet.net\/wp-cnet\/wp-json\/wp\/v2\/posts\/5667","targetHints":{"allow":["GET"]}}],"collection":[{"href":"https:\/\/catolicanet.net\/wp-cnet\/wp-json\/wp\/v2\/posts"}],"about":[{"href":"https:\/\/catolicanet.net\/wp-cnet\/wp-json\/wp\/v2\/types\/post"}],"author":[{"embeddable":true,"href":"https:\/\/catolicanet.net\/wp-cnet\/wp-json\/wp\/v2\/users\/1"}],"replies":[{"embeddable":true,"href":"https:\/\/catolicanet.net\/wp-cnet\/wp-json\/wp\/v2\/comments?post=5667"}],"version-history":[{"count":1,"href":"https:\/\/catolicanet.net\/wp-cnet\/wp-json\/wp\/v2\/posts\/5667\/revisions"}],"predecessor-version":[{"id":10491,"href":"https:\/\/catolicanet.net\/wp-cnet\/wp-json\/wp\/v2\/posts\/5667\/revisions\/10491"}],"wp:attachment":[{"href":"https:\/\/catolicanet.net\/wp-cnet\/wp-json\/wp\/v2\/media?parent=5667"}],"wp:term":[{"taxonomy":"category","embeddable":true,"href":"https:\/\/catolicanet.net\/wp-cnet\/wp-json\/wp\/v2\/categories?post=5667"},{"taxonomy":"post_tag","embeddable":true,"href":"https:\/\/catolicanet.net\/wp-cnet\/wp-json\/wp\/v2\/tags?post=5667"}],"curies":[{"name":"wp","href":"https:\/\/api.w.org\/{rel}","templated":true}]}}