{"id":5665,"date":"2015-03-25T17:30:51","date_gmt":"2015-03-25T20:30:51","guid":{"rendered":"http:\/\/catolicanet.net\/wp-cnet\/jornadas-da-juventude\/"},"modified":"2017-04-07T14:03:15","modified_gmt":"2017-04-07T17:03:15","slug":"jornadas-da-juventude","status":"publish","type":"post","link":"https:\/\/catolicanet.net\/wp-cnet\/jornadas-da-juventude\/","title":{"rendered":"Jornadas da Juventude"},"content":{"rendered":"<p style=\"text-align: justify;\">O Papa S\u00e3o Jo\u00e3o Paulo II iniciou um trabalho importante com a juventude mundial. Todos os anos temos as Jornadas Diocesanas da Juventude, e a cada 2 ou 3 anos temos a Jornada Mundial da Juventude. No Domingo de Ramos, em todas as Dioceses do Mundo atualmente celebramos a Jornada Diocesana, que aprofunda temas que ajudam a preparar a Jornada Mundial. <br \/>A JDJ, sendo a dimens\u00e3o diocesana da JMJ, surgiu j\u00e1 em 1985, quando o ent\u00e3o Papa Jo\u00e3o Paulo II instituiu a JMJ. O intuito \u00e9 um encontro anual com a juventude, tanto para aprofundar sua miss\u00e3o na sociedade como tamb\u00e9m para preparar a Jornada Mundial, que ocorre a cada dois ou tr\u00eas anos, e, assim, aprofundar o encontro com Cristo e o comprometimento com o Evangelho. Para isso, os jovens das dioceses se re\u00fanem no Domingo de Ramos, ou em uma data pr\u00f3xima, para, juntos, refletirem a mensagem do Papa. Mas a proposta da JDJ \u00e9 ir al\u00e9m, de tal maneira que o tema aprofunde os conceitos para a pr\u00f3xima jornada mundial. Assim, a JMJ vai sendo preparada desde cedo, para que n\u00e3o seja um \u00fanico encontro, mas um compromisso cont\u00ednuo com Cristo.<br \/>A Jornada Diocesana da Juventude (JDJ), dimens\u00e3o diocesana da Jornada Mundial da Juventude (JMJ), acontecer\u00e1 aqui no Rio de Janeiro novamente neste ano no dia 28 de mar\u00e7o, s\u00e1bado, no Posto 3 da Praia do Pep\u00ea, na Barra da Tijuca, \u00e0s 14h. Da praia, os jovens seguir\u00e3o em prociss\u00e3o at\u00e9 a Par\u00f3quia S\u00e3o Francisco de Paula, onde presidirei missa \u00e0s 16h. <br \/>O tema proposto pelo Papa para ser trabalhado na Jornada em 2014 foi: \u201cBem-aventurados os pobres em esp\u00edrito\u201d (Mt 5,3). Em 2015, a inten\u00e7\u00e3o de Francisco foi continuar essa reflex\u00e3o, portanto, ele escolheu como tema: \u201cBem-aventurados os puros de cora\u00e7\u00e3o, porque ver\u00e3o a Deus\u201d (Mt 5,8).<br \/>Isso nos fazer reviver o esp\u00edrito da JMJ, que tanto marcou nosso pa\u00eds em 2013. A a\u00e7\u00e3o do Esp\u00edrito Santo conduziu e inspirou o Santo Padre a realizar o que hoje conhecemos como Jornadas Diocesana e Mundial da Juventude. Assim \u00e9 que entre 1983 e 1984, no 1950\u00ba. anivers\u00e1rio da Ressurrei\u00e7\u00e3o de Jesus, foi realizado em Roma o Ano Santo da Reden\u00e7\u00e3o. No programa foi inserido o Jubileu Internacional da Juventude pr\u00f3ximo ao Domingo de Ramos. Naquela ocasi\u00e3o, 300 mil jovens de diversas partes do mundo foram acolhidos por cerca de seis mil fam\u00edlias romanas. Em virtude disso, o Papa Jo\u00e3o Paulo II deu uma cruz de madeira para simbolizar aos jovens: &#8220;como um s\u00edmbolo do amor de Cristo pela humanidade, e anunciem a todos que somente na morte e ressurrei\u00e7\u00e3o de Cristo podemos encontrar a salva\u00e7\u00e3o e a reden\u00e7\u00e3o&#8221;. Desde ent\u00e3o, a cruz peregrina participa de vig\u00edlias internacionais e visitou dezenas de pa\u00edses em todos os continentes em todas as Jornadas.<br \/> O evento teve uma acolhida impressionante e, \u00e0s v\u00e9speras do Domingo de Ramos, o anfitri\u00e3o polon\u00eas, Karol Wojtyla, disse aos jovens: \u201cQue espet\u00e1culo t\u00e3o magn\u00edfico ofereceis, vistos desde este palco. Quem disse que a juventude de hoje n\u00e3o se interessa pelos valores\u201d? Com essas palavras, o Papa S\u00e3o Jo\u00e3o Paulo II entregou ao mundo um s\u00edmbolo: uma grande cruz de madeira, que se chamaria mais tarde a \u201cCruz da Jornada Mundial da Juventude\u201d. Era o in\u00edcio de uma grande jornada.<br \/> As Na\u00e7\u00f5es Unidas declararam o ano de 1985 como \u201cAno Internacional da Juventude\u201d. Ficou claro em Roma que deveria haver outro encontro dos jovens do mundo todo com o Papa. O tempo foi curto e trabalhou-se intensamente. Dessa vez, mais de 250 mil jovens responderam ao convite do Papa, comparecendo em Roma no Domingo de Ramos.<br \/> Uma semana depois do encontro com os jovens, o Papa anunciou que as Jornadas Mundiais da Juventude passariam a realizar-se periodicamente. Assim disse em sua mensagem pascal de 7 de abril: \u201cNo domingo passado, encontrei centenas de milhares de jovens, e a imagem festiva de seu entusiasmo ficou profundamente gravada na minha alma. Meu desejo de repetir essa experi\u00eancia maravilhosa nos anos vindouros, e de criar dessa forma um encontro internacional da juventude no Domingo de Ramos, corresponde \u00e0 minha convic\u00e7\u00e3o de que os jovens est\u00e3o diante de uma miss\u00e3o cada vez mais dif\u00edcil e fascinante: a de mudar os mecanismos fundamentais que fomentam o ego\u00edsmo e a opress\u00e3o nas rela\u00e7\u00f5es entre os Estados e de assentar novas estruturas orientadas \u00e0 verdade, \u00e0 solidariedade e \u00e0 paz\u201d. Contudo, a institui\u00e7\u00e3o oficial da JMJ pelo Papa Jo\u00e3o Paulo II s\u00f3 ocorreria em 20 de dezembro de 1985, e a 1\u00aa JMJ ocorreria em Roma no Domingo de Ramos de 1986. Elas seriam preparadas pelo setor Juventude, do Pontif\u00edcio Conselho para os Leigos.<br \/> Ent\u00e3o a Jornada Mundial da Juventude foi celebrada pela primeira vez, de maneira oficial, no Domingo de Ramos de 1986, em Roma. A partir de 1987, a cada dois ou tr\u00eas anos, como regra geral, organiza-se a Jornada Mundial da Juventude em algum lugar determinado do mundo e em data das f\u00e9rias escolares. Nos outros anos, celebra-se a Jornada da Juventude no Domingo de Ramos, em cada diocese.<br \/> Em 1987, os jovens foram convocados a Buenos Aires, onde 1 milh\u00e3o de participantes escutaram as seguintes palavras do Papa: \u201cRepito ante v\u00f3s o que venho dizendo desde o primeiro dia do meu pontificado: que v\u00f3s sois a esperan\u00e7a do Papa, a esperan\u00e7a da Igreja\u201d. (\u2026) Dois anos depois, 600 mil jovens foram em peregrina\u00e7\u00e3o \u00e0 cidade espanhola de Santiago de Compostela, onde Jo\u00e3o Paulo II perguntou-lhes: \u201cPor que vieram aqui os jovens dos anos 90, do s\u00e9culo XX? N\u00e3o sentis em v\u00f3s o esp\u00edrito do mundo\u201d?<br \/> Em 1991, 1,5 milh\u00e3o de pessoas participaram da Jornada no santu\u00e1rio mariano da cidade polonesa de Czestochowa. Depois da queda da \u201ccortina de ferro\u201d, essa foi a primeira ocasi\u00e3o em que os jovens do Leste Europeu puderam participar sem problemas do evento. \u201cO Velho Continente aposta em v\u00f3s, jovens da Europa Oriental e Ocidental, para construir esta \u2018casa comum\u2019 que deve contribuir para um futuro de solidariedade e de paz. (\u2026) Para a prosperidade das gera\u00e7\u00f5es vindouras, \u00e9 preciso que a nova Europa se baseie no fundamento dos valores espirituais que constituem o n\u00facleo mais \u00edntimo de sua tradi\u00e7\u00e3o cultural\u201d, disse o Papa. <br \/> A JMJ foi precedida pelos encontros no Vaticano (1984 e 1985); e iniciou em Roma (1986) e continuou: Buenos Aires, na Argentina (1987); Santiago de Compostela, na Espanha (1989); Czestokowa, na Pol\u00f4nia (1991); Denver, nos Estados Unidos (1993); Manila, nas Filipinas (1995); Paris, na Fran\u00e7a (1997); Roma, na It\u00e1lia (2000); Toronto, no Canad\u00e1 (2002); Col\u00f4nia, na Alemanha (2005); Sidney, na Austr\u00e1lia (2008); Madrid, na Espanha (2011); Rio de Janeiro, no Brasil (2013).<br \/> O maior encontro de todos os tempos teve lugar em 1995, por ocasi\u00e3o da Jornada Mundial da Juventude em Manila (Filipinas): 4 milh\u00f5es de jovens aplaudiram o Papa, que evocava a rela\u00e7\u00e3o com o pr\u00f3ximo: \u201cSois capazes de oferecer v\u00f3s mesmos, vossas for\u00e7as e vossos talentos para o bem dos demais? Sois capazes de amar? Sim, v\u00f3s sois. A Igreja e a sociedade podem colocar grandes esperan\u00e7as em cada um de v\u00f3s\u201d.<br \/> No encerramento da Jornada Mundial da Juventude do Rio de Janeiro 2013, o Papa Francisco anunciou a pr\u00f3xima Jornada: a pr\u00f3xima Jornada Mundial da Juventude j\u00e1 tem data marcada. O maior evento da juventude mundial, a ser realizado em Crac\u00f3via, na Pol\u00f4nia, ser\u00e1 de 25 de julho a 1\u00ba de agosto de 2016.\u00a0 O tema da JMJ em Crac\u00f3via j\u00e1 foi anunciado pelo Papa e ser\u00e1 baseado nas bem-aventuran\u00e7as do Evangelho, tal como as Jornadas (Arqui) Diocesanas precedentes, que servir\u00e3o de prepara\u00e7\u00e3o para o evento em 2016. O lema ser\u00e1: &#8220;Bem-aventurados os misericordiosos, porque encontrar\u00e3o miseric\u00f3rdia&#8221; (Mateus 5,7), pois esta jornada mundial vai ocorrer na cidade das revela\u00e7\u00f5es da\u00a0 Divina Miseric\u00f3rdia a Santa Faustina.<br \/>A Pol\u00f4nia j\u00e1 sediou a JMJ em sua quinta edi\u00e7\u00e3o, realizada em 1991, em Czestochowa. Ap\u00f3s 25 anos, o evento retorna para a terra natal do fundador da Jornada, S\u00e3o Jo\u00e3o Paulo II, que foi canonizado em 27 de abril de 2014.<br \/>Que a Jornada Diocesana da Juventude deste Ano da Esperan\u00e7a, da Paz e da Vida Consagrada al\u00e9m de nos preparar para a JMJ de Crac\u00f3via, nos ajude a viver o Ano Santo da Miseric\u00f3rdia para que os jovens continuem sendo protagonistas de um mundo novo na justi\u00e7a e fraternidade. Assim como nossos olhos viram as maravilhas que o Senhor fez aqui no Rio de Janeiro, que nos abramos sempre a um tempo novo em que o Senhor continua agindo no meio de n\u00f3s.<\/p>\n","protected":false},"excerpt":{"rendered":"<p>O Papa S\u00e3o Jo\u00e3o Paulo II iniciou um trabalho importante com a juventude mundial. Todos os anos temos as Jornadas Diocesanas da Juventude, e a cada 2 ou 3 anos temos a Jornada Mundial da Juventude. No Domingo de Ramos, em todas as Dioceses do Mundo atualmente celebramos a Jornada Diocesana, que aprofunda temas que [&hellip;]<\/p>\n","protected":false},"author":5,"featured_media":0,"comment_status":"closed","ping_status":"closed","sticky":false,"template":"","format":"standard","meta":{"footnotes":""},"categories":[9],"tags":[],"class_list":["post-5665","post","type-post","status-publish","format-standard","hentry","category-artigos"],"_links":{"self":[{"href":"https:\/\/catolicanet.net\/wp-cnet\/wp-json\/wp\/v2\/posts\/5665","targetHints":{"allow":["GET"]}}],"collection":[{"href":"https:\/\/catolicanet.net\/wp-cnet\/wp-json\/wp\/v2\/posts"}],"about":[{"href":"https:\/\/catolicanet.net\/wp-cnet\/wp-json\/wp\/v2\/types\/post"}],"author":[{"embeddable":true,"href":"https:\/\/catolicanet.net\/wp-cnet\/wp-json\/wp\/v2\/users\/5"}],"replies":[{"embeddable":true,"href":"https:\/\/catolicanet.net\/wp-cnet\/wp-json\/wp\/v2\/comments?post=5665"}],"version-history":[{"count":1,"href":"https:\/\/catolicanet.net\/wp-cnet\/wp-json\/wp\/v2\/posts\/5665\/revisions"}],"predecessor-version":[{"id":10493,"href":"https:\/\/catolicanet.net\/wp-cnet\/wp-json\/wp\/v2\/posts\/5665\/revisions\/10493"}],"wp:attachment":[{"href":"https:\/\/catolicanet.net\/wp-cnet\/wp-json\/wp\/v2\/media?parent=5665"}],"wp:term":[{"taxonomy":"category","embeddable":true,"href":"https:\/\/catolicanet.net\/wp-cnet\/wp-json\/wp\/v2\/categories?post=5665"},{"taxonomy":"post_tag","embeddable":true,"href":"https:\/\/catolicanet.net\/wp-cnet\/wp-json\/wp\/v2\/tags?post=5665"}],"curies":[{"name":"wp","href":"https:\/\/api.w.org\/{rel}","templated":true}]}}