{"id":56647,"date":"2020-02-05T09:05:25","date_gmt":"2020-02-05T12:05:25","guid":{"rendered":"https:\/\/catolicanet.net\/wp-cnet\/?p=56647"},"modified":"2020-02-05T09:05:25","modified_gmt":"2020-02-05T12:05:25","slug":"nota-do-conic-sobre-indicacao-de-ex-missionario-para-funai","status":"publish","type":"post","link":"https:\/\/catolicanet.net\/wp-cnet\/nota-do-conic-sobre-indicacao-de-ex-missionario-para-funai\/","title":{"rendered":"Nota do CONIC sobre indica\u00e7\u00e3o de ex-mission\u00e1rio para Funai"},"content":{"rendered":"<div style=\"text-align: justify;\">O Conselho Nacional de Igrejas Crist\u00e3s do Brasil (CONIC), composto pela Alian\u00e7a de Batistas do Brasil, Igreja Cat\u00f3lica Apost\u00f3lica Romana, Igreja Episcopal Anglicana do Brasil, Igreja Evang\u00e9lica de Confiss\u00e3o Luterana no Brasil, Igreja Presbiteriana Unida e Igreja Sirian Ortodoxa de Antioquia expressa seu desacordo \u00e0 indica\u00e7\u00e3o do ex-mission\u00e1rio, Ricardo Lopes Dias, para chefiar a Coordena\u00e7\u00e3o Geral de \u00cdndios Isolados e de Recente Contato (CGIIRC) da Funai.<\/div>\n<div style=\"text-align: justify;\"><\/div>\n<div style=\"text-align: justify;\"><strong>Os motivos do desacordo residem nos seguintes fatos:<\/strong><\/div>\n<div style=\"text-align: justify;\"><\/div>\n<div style=\"text-align: justify;\"><strong>a) <\/strong>A concep\u00e7\u00e3o evangelizadora que acompanha uma pol\u00edtica p\u00fablica que deve ser isenta de toda e qualquer l\u00f3gica religiosa. Povos ind\u00edgenas t\u00eam um patrim\u00f4nio cultural e espiritual pr\u00f3prios. \u00c9 dever do Estado proteg\u00ea-los e garantir a sua preserva\u00e7\u00e3o;<\/div>\n<div style=\"text-align: justify;\"><\/div>\n<div style=\"text-align: justify;\"><strong>b)<\/strong> O Artigo 231 da Constitui\u00e7\u00e3o Federal garante total autonomia aos \u00edndios isolados, dando-lhes a liberdade de optarem por viver sem contato com outras culturas como forma de preserva\u00e7\u00e3o de seu modo de vida. A l\u00f3gica colonialista em rela\u00e7\u00e3o aos povos ind\u00edgenas necessita ser urgentemente superada. Como na\u00e7\u00e3o, temos uma d\u00edvida hist\u00f3rica imensur\u00e1vel para com estes povos. N\u00e3o cabe a n\u00f3s, brancos, crist\u00e3os, capitalistas, decidirmos sobre o destino destes povos;<\/div>\n<div style=\"text-align: justify;\"><\/div>\n<div style=\"text-align: justify;\"><strong>c) <\/strong>A pol\u00edtica da Funai, voltada para os \u00edndios isolados, \u00e9 reconhecida como um exemplo pioneiro mundial. O caminho a ser tomado pelo Estado deveria ser o do aprimoramento desta pol\u00edtica, n\u00e3o o seu desmonte. Nada deveria ser decidido sem um profundo di\u00e1logo com os profissionais t\u00e9cnicos e cient\u00edficos que conhecem o tema;<\/div>\n<div style=\"text-align: justify;\"><\/div>\n<div style=\"text-align: justify;\"><strong>d)<\/strong> Sabemos que a l\u00f3gica que impera nessa decis\u00e3o \u00e9 a econ\u00f4mica. No entanto, o imperativo \u00e9tico-crist\u00e3o nos lembra que a economia jamais pode ser colocada acima do direito \u00e0 exist\u00eancia dos povos. As \u00faltimas defini\u00e7\u00f5es voltadas \u00e0 pol\u00edtica dos \u00edndios isolados s\u00e3o decis\u00f5es id\u00f3latras, porque atendem aos interesses de grupos econ\u00f4micos cujas ambi\u00e7\u00f5es se voltam \u00e0s riquezas das florestas e n\u00e3o \u00e0 preserva\u00e7\u00e3o da diversidade cultural que nos caracteriza enquanto povo.<\/div>\n<div style=\"text-align: justify;\"><\/div>\n<div style=\"text-align: justify;\">\u00c9 imperativo que o governo reavalie sua decis\u00e3o. E que a futura pessoa indicada para a fun\u00e7\u00e3o seja algu\u00e9m com experi\u00eancia, de fato, na \u00e1rea indigenista, e conhecedora da pol\u00edtica para \u00edndios isolados.<\/div>\n<div style=\"text-align: justify;\"><\/div>\n<div style=\"text-align: justify;\">Lembramos que grande parte dos direitos ind\u00edgenas tem origem na Constitui\u00e7\u00e3o Federal de 1988. O mandato de um presidente eleito n\u00e3o o autoriza destruir as pol\u00edticas de Estado que se baseiam na referida Constitui\u00e7\u00e3o.<\/div>\n<div style=\"text-align: justify;\"><\/div>\n<div style=\"text-align: justify;\">O CONIC acompanhar\u00e1 o caso de perto, fazendo coro com organiza\u00e7\u00f5es como o Conselho Indigenista Mission\u00e1rio (Cimi), a Articula\u00e7\u00e3o dos Povos Ind\u00edgenas do Brasil (Apib), a Coordena\u00e7\u00e3o das Organiza\u00e7\u00f5es Ind\u00edgenas da Amaz\u00f4nia Brasileira (COIAB) e a Uni\u00e3o dos Povos Ind\u00edgenas do Vale do Javari (Univaja).<\/div>\n","protected":false},"excerpt":{"rendered":"<p>O Conselho Nacional de Igrejas Crist\u00e3s do Brasil (CONIC), composto pela Alian\u00e7a de Batistas do Brasil, Igreja Cat\u00f3lica Apost\u00f3lica Romana, Igreja Episcopal Anglicana do Brasil, Igreja Evang\u00e9lica de Confiss\u00e3o Luterana no Brasil, Igreja Presbiteriana Unida e Igreja Sirian Ortodoxa de Antioquia expressa seu desacordo \u00e0 indica\u00e7\u00e3o do ex-mission\u00e1rio, Ricardo Lopes Dias, para chefiar a Coordena\u00e7\u00e3o [&hellip;]<\/p>\n","protected":false},"author":1,"featured_media":56648,"comment_status":"open","ping_status":"closed","sticky":false,"template":"","format":"standard","meta":{"footnotes":""},"categories":[4,13],"tags":[],"class_list":["post-56647","post","type-post","status-publish","format-standard","has-post-thumbnail","hentry","category-cotidiano","category-featured"],"_links":{"self":[{"href":"https:\/\/catolicanet.net\/wp-cnet\/wp-json\/wp\/v2\/posts\/56647","targetHints":{"allow":["GET"]}}],"collection":[{"href":"https:\/\/catolicanet.net\/wp-cnet\/wp-json\/wp\/v2\/posts"}],"about":[{"href":"https:\/\/catolicanet.net\/wp-cnet\/wp-json\/wp\/v2\/types\/post"}],"author":[{"embeddable":true,"href":"https:\/\/catolicanet.net\/wp-cnet\/wp-json\/wp\/v2\/users\/1"}],"replies":[{"embeddable":true,"href":"https:\/\/catolicanet.net\/wp-cnet\/wp-json\/wp\/v2\/comments?post=56647"}],"version-history":[{"count":1,"href":"https:\/\/catolicanet.net\/wp-cnet\/wp-json\/wp\/v2\/posts\/56647\/revisions"}],"predecessor-version":[{"id":56649,"href":"https:\/\/catolicanet.net\/wp-cnet\/wp-json\/wp\/v2\/posts\/56647\/revisions\/56649"}],"wp:featuredmedia":[{"embeddable":true,"href":"https:\/\/catolicanet.net\/wp-cnet\/wp-json\/wp\/v2\/media\/56648"}],"wp:attachment":[{"href":"https:\/\/catolicanet.net\/wp-cnet\/wp-json\/wp\/v2\/media?parent=56647"}],"wp:term":[{"taxonomy":"category","embeddable":true,"href":"https:\/\/catolicanet.net\/wp-cnet\/wp-json\/wp\/v2\/categories?post=56647"},{"taxonomy":"post_tag","embeddable":true,"href":"https:\/\/catolicanet.net\/wp-cnet\/wp-json\/wp\/v2\/tags?post=56647"}],"curies":[{"name":"wp","href":"https:\/\/api.w.org\/{rel}","templated":true}]}}