{"id":56624,"date":"2020-02-04T13:20:35","date_gmt":"2020-02-04T16:20:35","guid":{"rendered":"https:\/\/catolicanet.net\/wp-cnet\/?p=56624"},"modified":"2020-02-04T13:20:35","modified_gmt":"2020-02-04T16:20:35","slug":"francisco-e-roma-um-bispo-em-caminho-na-sua-cidade","status":"publish","type":"post","link":"https:\/\/catolicanet.net\/wp-cnet\/francisco-e-roma-um-bispo-em-caminho-na-sua-cidade\/","title":{"rendered":"Francisco e Roma, um bispo em caminho na sua cidade"},"content":{"rendered":"<div class=\"article__subTitle\" style=\"text-align: justify;\">Partem nesta segunda-feira (3), com uma cerim\u00f4nia no Teatro da \u00d3pera, as celebra\u00e7\u00f5es pelos 150 anos de Roma Capital convocadas pela prefeita, Virginia Raggi. Uma ocasi\u00e3o para recordar a especial aten\u00e7\u00e3o do bispo de Roma, n\u00e3o somente pela sua diocese, mas tamb\u00e9m pela comunidade civil da \u201cCidade Eterna\u201d.<\/div>\n<div class=\"title__separator\" style=\"text-align: justify;\"><\/div>\n<div class=\"article__text\">\n<p style=\"text-align: justify;\"><b>Alessandro Gisotti \u2013 Cidade do Vaticano<\/b><\/p>\n<p style=\"text-align: justify;\">\u201cVoc\u00eas sabem que o dever do Conclave era de dar um bispo a Roma.\u201d Com as suas primeiras palavras como Pont\u00edfice, na noite de 13 de mar\u00e7o de 2013, Francisco explicava, de maneira simples e direta, que logo ir\u00edamos aprender a conhecer a ess\u00eancia do que tinha acontecido nas horas precedentes na Capela Sistina. Foi eleito o bispo da diocese de Roma, aquela que, segundo a c\u00e9lebre afirma\u00e7\u00e3o de In\u00e1cio de Antioquia, preside as outras na caridade.<\/p>\n<p style=\"text-align: justify;\">Ao sublinhar ainda mais essa dimens\u00e3o \u201cromana\u201d da elei\u00e7\u00e3o, o novo Papa tinha desejado que estivesse junto a ele, na primeira sauda\u00e7\u00e3o \u201c\u00e0 Cidade e ao Mundo\u201d, o cardeal Agostino Vallini, vig\u00e1rio da diocese de Roma. Igualmente significativo, desde o primeiro \u201cencontro\u201d com o seu rebanho, o pastor tinha indicado como programa para a Igreja de Roma \u201cum caminho de fraternidade, de amor, de confian\u00e7a\u201d. Um caminho que Papa Francisco, sete anos depois daquela extraordin\u00e1ria noite de mar\u00e7o, continua a fazer ficando horas diante, horas em meio, horas atr\u00e1s do Povo de Deus que est\u00e1 em Roma.<\/p>\n<p style=\"text-align: justify;\">Como os seus predecessores, encontra o clero e os fi\u00e9is da diocese em tantos modos e ocasi\u00f5es: do tradicional col\u00f3quio com os sacerdotes em S\u00e3o Jo\u00e3o em Laterano \u00e0s audi\u00eancias gerais, das grandes celebra\u00e7\u00f5es em S\u00e3o Pedro \u00e0s visitas nas par\u00f3quias, preferindo aquelas dos bairros mais desfavorecidos. A din\u00e2mica do encontro, todavia, n\u00e3o termina na dire\u00e7\u00e3o do <i>centro<\/i> \u00e0 <i>periferia<\/i>. Desde o in\u00edcio do Pontificado, de fato, grupos provenientes das par\u00f3quias romanas participam das missas matutinas celebradas na Casa Santa Marta.<\/p>\n<p style=\"text-align: justify;\">Francisco \u201cse fez romano\u201d bem cedo, inclusive nas devo\u00e7\u00f5es que principalmente distinguem a f\u00e9 popular de Roma. Devo\u00e7\u00f5es a Maria, antes de tudo, justamente como na sua diocese de origem, Buenos Aires. Visitou o Santu\u00e1rio do Divino Amor, lugar mariano por excel\u00eancia dos romanos; renova todo ano a homenagem \u00e0 Virgem na Piazza di Spagna na Solenidade da Imaculada Concei\u00e7\u00e3o. Sobretudo, como fizeram por s\u00e9culos os fi\u00e9is de Roma, confia \u00e0 Salus Popoli Romani, protegida na Santa Maria Maior, os atos importantes da sua vida. \u00c9 aqui que vai ap\u00f3s a elei\u00e7\u00e3o para a C\u00e1tedra de Pedro, \u00e9 aqui que volta sempre que se prepara para fazer ou regressar de uma viagem apost\u00f3lica internacional.<\/p>\n<p style=\"text-align: justify;\">Entre os romanos, um espa\u00e7o privilegiado no cora\u00e7\u00e3o de Francisco quem t\u00eam, sem d\u00favida, s\u00e3o os pobres, os invis\u00edveis de uma cidade rica de todos os bens, mas onde infelizmente ainda h\u00e1 quem morre de frio ou vive em situa\u00e7\u00f5es de total degrada\u00e7\u00e3o. O Papa n\u00e3o deixa faltar o seu apoio a quem diariamente oferece a sua m\u00e3o a quem tem necessidade.<\/p>\n<p style=\"text-align: justify;\">Eloquente nesse sentido da escolha, durante o Jubileu da Miseric\u00f3rdia, de abrir uma <i>Porta da Caridade<\/i> no refeit\u00f3rio da C\u00e1ritas na Esta\u00e7\u00e3o Termini, como tamb\u00e9m as visitas nas \u201cSextas-feiras da Miseric\u00f3rdia\u201d a centros e estruturas da cidade onde se d\u00e1 assist\u00eancia a quem sofre. Para os pobres da cidade, atrav\u00e9s da Elemosineria Apost\u00f3lica, Francisco ainda ativa uma s\u00e9rie de servi\u00e7os de primeira necessidade e multiplica os espa\u00e7os de acolhida para os moradores de rua at\u00e9 a \u00faltima iniciativa de transformar um edif\u00edcio vaticano, Palazzo Migliori, numa casa para os desabrigados.<\/p>\n<p style=\"text-align: justify;\">Inclusive os jovens romanos t\u00eam um lugar relevante no olhar do bispo da sua cidade. Como o seu predecessor, Francisco ret\u00e9m que enfrentar \u201ca emerg\u00eancia educativa\u201d seja uma tarefa urgente para a cidade e a diocese de Roma. Registram-se, assim, tamb\u00e9m gestos in\u00e9ditos feitos por ele e, \u00e0s vezes, surpreendentes, como a visita ao Col\u00e9gio de Ensino M\u00e9dio Pilo Albertelli e \u00e0 Universidade Roma Tre, escola e universidade leigas. Em ambos os casos, o Papa escolhe a forma do di\u00e1logo com os estudantes para comunicar a sua mensagem. Encarna, assim, o exemplo de uma Igreja que cr\u00ea realmente na \u201ccultura do encontro\u201d e que sabe se inserir, sem receios e preconceitos, na vida e na conversa\u00e7\u00e3o di\u00e1ria das jovens gera\u00e7\u00f5es.<\/p>\n<p style=\"text-align: justify;\">Se ent\u00e3o, Francisco dialoga e estimula todos os componentes da comunidade eclesial da sua diocese, n\u00e3o menos fecundo \u00e9 o di\u00e1logo que o bispo de Roma anima nas diversas inst\u00e2ncias da sociedade civil da \u201cCidade Eterna\u201d, a partir das autoridades municipais. Numerosos os encontros entre o Papa e os tr\u00eas prefeitos de Roma que se sucederam nesses sete anos de Pontificado. Assim como m\u00faltiplas s\u00e3o as interven\u00e7\u00f5es, os apelos, as exorta\u00e7\u00f5es que o Pont\u00edfice dirige, n\u00e3o somente \u00e0s institui\u00e7\u00f5es locais, mas a todos os cidad\u00e3os na conscientiza\u00e7\u00e3o \u2013 como afirmou em ocasi\u00e3o do <i>Te Deu<\/i> de 31\/12\/2019 \u2013 que Roma \u201cn\u00e3o \u00e9 somente uma cidade complicada, com tantos problemas\u201d, mas tamb\u00e9m uma cidade em que Deus estimula os seus habitantes \u201ca esperar, apesar de tudo, a amar, lutando para o bem de todos\u201d.<\/p>\n<p style=\"text-align: justify;\">O momento culminante, tamb\u00e9m como imagem, desse di\u00e1logo que assume um compromisso concreto, \u00e9 definitivamente a visita papal ao Capit\u00f3lio em mar\u00e7o do ano passado. Convidado pela prefeita Virginia Raggi, Francisco \u00e9 o ter\u00e7o Pont\u00edfice a falar na Sala J\u00falio C\u00e9sar, depois de Jo\u00e3o Paulo II e Bento XVI. Dirigindo-se aos conselheiros municipais e ao Conselho, o Papa lembra que Roma, \u201catrav\u00e9s dos seus 2.800 anos de hist\u00f3ria, soube acolher e integrar diversas popula\u00e7\u00f5es e pessoas provenientes de v\u00e1rias partes do mundo\u201d e que hoje \u00e9 chamada a n\u00e3o dissipar essa sua identidade de \u201ccidade hospitaleira\u201d, \u201ccidade das pontes, jamais dos muros\u201d.<\/p>\n<p style=\"text-align: justify;\">Pont\u00edfice, \u201cconstrutor de pontes\u201d. Com as suas visitas, os seus gestos, as suas palavras, Francisco aproxima a Colina Vaticana daquela Capitolina, a Pra\u00e7a S\u00e3o Pedro e os bairros da capital, especialmente os mais distantes e desfavorecidos. Como prometido desde o seu primeiro dia como bispo de Roma, continua a caminhar <i>na<\/i> e <i>com<\/i> a sua diocese. E faz isso mostrando que se importa, n\u00e3o em ocupar espa\u00e7os, mas a iniciar processos de bem, novos caminhos que favore\u00e7am a conc\u00f3rdia em servi\u00e7o da cidade na qual o Senhor o chamou a desenvolver o minist\u00e9rio episcopal.<\/p>\n<\/div>\n","protected":false},"excerpt":{"rendered":"<p>Partem nesta segunda-feira (3), com uma cerim\u00f4nia no Teatro da \u00d3pera, as celebra\u00e7\u00f5es pelos 150 anos de Roma Capital convocadas pela prefeita, Virginia Raggi. Uma ocasi\u00e3o para recordar a especial aten\u00e7\u00e3o do bispo de Roma, n\u00e3o somente pela sua diocese, mas tamb\u00e9m pela comunidade civil da \u201cCidade Eterna\u201d. Alessandro Gisotti \u2013 Cidade do Vaticano \u201cVoc\u00eas [&hellip;]<\/p>\n","protected":false},"author":1,"featured_media":56625,"comment_status":"open","ping_status":"closed","sticky":false,"template":"","format":"standard","meta":{"footnotes":""},"categories":[3],"tags":[],"class_list":["post-56624","post","type-post","status-publish","format-standard","has-post-thumbnail","hentry","category-vaticano"],"_links":{"self":[{"href":"https:\/\/catolicanet.net\/wp-cnet\/wp-json\/wp\/v2\/posts\/56624","targetHints":{"allow":["GET"]}}],"collection":[{"href":"https:\/\/catolicanet.net\/wp-cnet\/wp-json\/wp\/v2\/posts"}],"about":[{"href":"https:\/\/catolicanet.net\/wp-cnet\/wp-json\/wp\/v2\/types\/post"}],"author":[{"embeddable":true,"href":"https:\/\/catolicanet.net\/wp-cnet\/wp-json\/wp\/v2\/users\/1"}],"replies":[{"embeddable":true,"href":"https:\/\/catolicanet.net\/wp-cnet\/wp-json\/wp\/v2\/comments?post=56624"}],"version-history":[{"count":1,"href":"https:\/\/catolicanet.net\/wp-cnet\/wp-json\/wp\/v2\/posts\/56624\/revisions"}],"predecessor-version":[{"id":56626,"href":"https:\/\/catolicanet.net\/wp-cnet\/wp-json\/wp\/v2\/posts\/56624\/revisions\/56626"}],"wp:featuredmedia":[{"embeddable":true,"href":"https:\/\/catolicanet.net\/wp-cnet\/wp-json\/wp\/v2\/media\/56625"}],"wp:attachment":[{"href":"https:\/\/catolicanet.net\/wp-cnet\/wp-json\/wp\/v2\/media?parent=56624"}],"wp:term":[{"taxonomy":"category","embeddable":true,"href":"https:\/\/catolicanet.net\/wp-cnet\/wp-json\/wp\/v2\/categories?post=56624"},{"taxonomy":"post_tag","embeddable":true,"href":"https:\/\/catolicanet.net\/wp-cnet\/wp-json\/wp\/v2\/tags?post=56624"}],"curies":[{"name":"wp","href":"https:\/\/api.w.org\/{rel}","templated":true}]}}