{"id":56602,"date":"2020-02-03T14:11:34","date_gmt":"2020-02-03T17:11:34","guid":{"rendered":"https:\/\/catolicanet.net\/wp-cnet\/?p=56602"},"modified":"2020-02-03T14:11:34","modified_gmt":"2020-02-03T17:11:34","slug":"o-papa-no-angelus-a-estagnacao-nao-combina-com-o-testemunho-cristao-e-a-missao-da-igreja","status":"publish","type":"post","link":"https:\/\/catolicanet.net\/wp-cnet\/o-papa-no-angelus-a-estagnacao-nao-combina-com-o-testemunho-cristao-e-a-missao-da-igreja\/","title":{"rendered":"O Papa no Angelus: a estagna\u00e7\u00e3o n\u00e3o combina com o testemunho crist\u00e3o e a miss\u00e3o da Igreja"},"content":{"rendered":"<div class=\"article__subTitle\" style=\"text-align: justify;\">Francisco recordou que neste domingo, Festa da Apresenta\u00e7\u00e3o do Senhor no Templo, celebra-se o XXIV Dia Mundial da Vida Consagrada &#8220;que recorda o grande tesouro na Igreja daqueles que seguem o Senhor de perto, professando os conselhos evang\u00e9licos\u201d.<\/div>\n<div class=\"title__separator\" style=\"text-align: justify;\"><\/div>\n<div class=\"article__text\">\n<p style=\"text-align: justify;\"><b>Mariangela Jaguraba &#8211; Cidade do Vaticano<\/b><\/p>\n<p style=\"text-align: justify;\">O Papa Francisco rezou a ora\u00e7\u00e3o mariana do Angelus deste domingo (02\/02), Festa da Apresenta\u00e7\u00e3o do Senhor e XXIV Dia Mundial da Vida Consagrada, com os fi\u00e9is e peregrinos reunidos na Pra\u00e7a S\u00e3o Pedro.<\/p>\n<p style=\"text-align: justify;\">Na alocu\u00e7\u00e3o que precedeu a ora\u00e7\u00e3o, o Pont\u00edfice disse: \u201cCelebramos hoje a Festa da Apresenta\u00e7\u00e3o do Senhor: quando Jesus rec\u00e9m-nascido foi apresentado ao templo pela Virgem Maria e S\u00e3o Jos\u00e9. Nesta data tamb\u00e9m se celebra o Dia da Vida Consagrada, que recorda o grande tesouro na Igreja daqueles que seguem o Senhor de perto, professando os conselhos evang\u00e9licos.\u201d<\/p>\n<p style=\"text-align: justify;\">Segundo o Evangelho, \u201cquarenta dias ap\u00f3s o nascimento, os pais de Jesus levaram o Menino a Jerusal\u00e9m para consagr\u00e1-lo a Deus, conforme prescrito pela lei judaica\u201d.<\/p>\n<h2 style=\"text-align: justify;\">Movimento<\/h2>\n<p style=\"text-align: justify;\">\u201cAo descrever um rito previsto pela tradi\u00e7\u00e3o, este epis\u00f3dio chama a nossa aten\u00e7\u00e3o para o exemplo de alguns personagens. Eles s\u00e3o pegos no momento em que fazem experi\u00eancia do encontro com o Senhor no lugar em que Ele se faz presente e pr\u00f3ximo ao homem. Trata-se de Maria e Jos\u00e9, Sime\u00e3o e Ana, que representam modelos de acolhimento e doa\u00e7\u00e3o da vida a Deus. Eles n\u00e3o eram iguais. Eram diferentes, mas todos buscavam e se deixavam guiar pelo Senhor.\u00a0<b>O evangelista Lucas descreve todos eles numa dupla atitude: de movimento e admira\u00e7\u00e3o\u201d<\/b>, sublinhou o Papa.<\/p>\n<p style=\"text-align: justify;\"><i>A primeira atitude \u00e9 o movimento. Maria e Jos\u00e9 v\u00e3o em dire\u00e7\u00e3o a Jerusal\u00e9m. Por sua vez, Sime\u00e3o, movido pelo Esp\u00edrito, vai ao templo, enquanto Ana serve a Deus dia e noite sem cessar. Desse modo, os quatro protagonistas da passagem do Evangelho nos mostram que a vida crist\u00e3 exige dinamismo e disponibilidade de caminhar, deixando-se guiar pelo Esp\u00edrito Santo.<\/i><\/p>\n<div style=\"text-align: justify;\">\n<div class=\"article__embed article__embed--border embed_style\">\n<blockquote><p>\u201cA estagna\u00e7\u00e3o n\u00e3o combina com o testemunho crist\u00e3o e com a miss\u00e3o da Igreja. O mundo precisa de crist\u00e3os que se movam, que nunca se cansam de andar pelas estradas da vida, para levar a todos a palavra consoladora de Jesus.\u201d<\/p><\/blockquote>\n<\/div>\n<\/div>\n<p style=\"text-align: justify;\">A seguir, o Papa disse que <b>\u201ctodo batizado recebeu a voca\u00e7\u00e3o para o an\u00fancio, para a miss\u00e3o evangelizadora! As par\u00f3quias e v\u00e1rias comunidades eclesiais s\u00e3o chamadas a incentivar o compromisso dos jovens, fam\u00edlias e idosos, para que todos possam ter uma experi\u00eancia crist\u00e3, vivendo a vida e a miss\u00e3o da Igreja como protagonistas\u201d.<\/b><\/p>\n<div style=\"text-align: justify;\">\n<aside class=\"article__readmore\">\n<div class=\"teaser--labelEvidence teaser teaser--type-angelus\">\n<article>\n<div class=\"teaser__labelWrapper\"><\/div>\n<\/article>\n<\/div>\n<\/aside>\n<\/div>\n<div style=\"text-align: justify;\">\n<aside class=\"article__readmore\">\n<div class=\"teaser--labelEvidence teaser teaser--type-angelus\">\n<article>\n<div class=\"teaser__contentWrapper\">\n<div><span style=\"color: #111111; font-family: Roboto, sans-serif; font-size: 27px;\">Admira\u00e7\u00e3o<\/span><\/div>\n<\/div>\n<\/article>\n<\/div>\n<\/aside>\n<\/div>\n<p style=\"text-align: justify;\"><i>A segunda atitude com a qual S\u00e3o Lucas apresenta os quatro personagens da hist\u00f3ria \u00e9 a admira\u00e7\u00e3o. Maria e Jos\u00e9 \u201cficaram maravilhados com o que se dizia Dele. A admira\u00e7\u00e3o \u00e9 uma rea\u00e7\u00e3o expl\u00edcita tamb\u00e9m do velho Sime\u00e3o, que no Menino Jesus v\u00ea com seus pr\u00f3prios olhos a salva\u00e7\u00e3o realizada por Deus em favor de seu povo. E o mesmo acontece com Ana, que \u00abtamb\u00e9m come\u00e7ou a louvar a Deus\u00bb e\u00a0ir mostrar Jesus \u00e0s pessoas. Esta \u00e9 uma santa faladora, conversava bem, falava de coisas boas, n\u00e3o coisas ruins. Dizia, anunciava: uma santa que ia de uma mulher para outra mostrando-lhes Jesus.<\/i><\/p>\n<p style=\"text-align: justify;\">Segundo o Pont\u00edfice, \u201cessas figuras de fi\u00e9is s\u00e3o circundadas pela admira\u00e7\u00e3o, porque se deixam cativar e se envolver pelos eventos que aconteciam diante de seus olhos\u201d.<\/p>\n<h2 style=\"text-align: justify;\">Capacidade de se surpreender<\/h2>\n<p style=\"text-align: justify;\"><i>A capacidade de se surpreender com as coisas que nos circundam, favorece a experi\u00eancia religiosa e torna fecundo o encontro com o Senhor. Ao contr\u00e1rio, a incapacidade de nos surpreender nos torna indiferentes e amplia as dist\u00e2ncias entre o caminho de f\u00e9 e a vida cotidiana.<\/i><\/p>\n<p style=\"text-align: justify;\">Francisco concluiu, pedindo \u00e0 \u201cVirgem Maria para que nos ajude a contemplar todos os dias em Jesus o dom de Deus para n\u00f3s, e a nos deixar envolver por Ele no movimento do dom, com admira\u00e7\u00e3o alegre, para que toda a nossa vida se torne um louvor a Deus no servi\u00e7o aos irm\u00e3os\u201d.<\/p>\n<p style=\"text-align: justify;\">Ap\u00f3s a ora\u00e7\u00e3o mariana do Angelus, o Santo Padre recordou que a It\u00e1lia celebra, neste domingo, o Dia pela Vida sobre o tema \u201cAbram as portas para a vida\u201d. Unindo-se \u00e0 mensagem dos bispos, o Pont\u00edfice \u201cdeseja que este dia seja uma ocasi\u00e3o para cuidar e proteger a vida humana desde o in\u00edcio at\u00e9 o seu fim natural\u201d.<\/p>\n<p style=\"text-align: justify;\">\u201cTamb\u00e9m \u00e9 necess\u00e1rio combater toda forma de viola\u00e7\u00e3o da dignidade, mesmo quando est\u00e1 em jogo a tecnologia ou a economia, abrindo as portas para novas formas de fraternidade solid\u00e1ria.\u201d<\/p>\n<p style=\"text-align: justify;\">A seguir, o Papa convidou todos os presentes na Pra\u00e7a S\u00e3o Pedro a rezarem uma Ave-Maria pelos homens e mulheres consagrados que trabalham muito e em segredo. Por fim, pediu um aplauso para todos os consagrados e pediu aos fi\u00e9is para n\u00e3o se esquecerem de rezar por ele.<\/p>\n<\/div>\n","protected":false},"excerpt":{"rendered":"<p>Francisco recordou que neste domingo, Festa da Apresenta\u00e7\u00e3o do Senhor no Templo, celebra-se o XXIV Dia Mundial da Vida Consagrada &#8220;que recorda o grande tesouro na Igreja daqueles que seguem o Senhor de perto, professando os conselhos evang\u00e9licos\u201d. Mariangela Jaguraba &#8211; Cidade do Vaticano O Papa Francisco rezou a ora\u00e7\u00e3o mariana do Angelus deste domingo [&hellip;]<\/p>\n","protected":false},"author":1,"featured_media":56603,"comment_status":"open","ping_status":"closed","sticky":false,"template":"","format":"standard","meta":{"footnotes":""},"categories":[13,3],"tags":[],"class_list":["post-56602","post","type-post","status-publish","format-standard","has-post-thumbnail","hentry","category-featured","category-vaticano"],"_links":{"self":[{"href":"https:\/\/catolicanet.net\/wp-cnet\/wp-json\/wp\/v2\/posts\/56602","targetHints":{"allow":["GET"]}}],"collection":[{"href":"https:\/\/catolicanet.net\/wp-cnet\/wp-json\/wp\/v2\/posts"}],"about":[{"href":"https:\/\/catolicanet.net\/wp-cnet\/wp-json\/wp\/v2\/types\/post"}],"author":[{"embeddable":true,"href":"https:\/\/catolicanet.net\/wp-cnet\/wp-json\/wp\/v2\/users\/1"}],"replies":[{"embeddable":true,"href":"https:\/\/catolicanet.net\/wp-cnet\/wp-json\/wp\/v2\/comments?post=56602"}],"version-history":[{"count":1,"href":"https:\/\/catolicanet.net\/wp-cnet\/wp-json\/wp\/v2\/posts\/56602\/revisions"}],"predecessor-version":[{"id":56604,"href":"https:\/\/catolicanet.net\/wp-cnet\/wp-json\/wp\/v2\/posts\/56602\/revisions\/56604"}],"wp:featuredmedia":[{"embeddable":true,"href":"https:\/\/catolicanet.net\/wp-cnet\/wp-json\/wp\/v2\/media\/56603"}],"wp:attachment":[{"href":"https:\/\/catolicanet.net\/wp-cnet\/wp-json\/wp\/v2\/media?parent=56602"}],"wp:term":[{"taxonomy":"category","embeddable":true,"href":"https:\/\/catolicanet.net\/wp-cnet\/wp-json\/wp\/v2\/categories?post=56602"},{"taxonomy":"post_tag","embeddable":true,"href":"https:\/\/catolicanet.net\/wp-cnet\/wp-json\/wp\/v2\/tags?post=56602"}],"curies":[{"name":"wp","href":"https:\/\/api.w.org\/{rel}","templated":true}]}}