{"id":56600,"date":"2020-02-03T14:07:12","date_gmt":"2020-02-03T17:07:12","guid":{"rendered":"https:\/\/catolicanet.net\/wp-cnet\/?p=56600"},"modified":"2020-02-03T14:07:12","modified_gmt":"2020-02-03T17:07:12","slug":"a-identidade-do-cristao","status":"publish","type":"post","link":"https:\/\/catolicanet.net\/wp-cnet\/a-identidade-do-cristao\/","title":{"rendered":"A IDENTIDADE DO CRIST\u00c3O"},"content":{"rendered":"<p style=\"text-align: justify;\">A quem \u00e9 verdadeiramente seu seguidor Cristo declarou com toda clareza: \u201dV\u00f3s sois o sal da terra [&#8230;] V\u00f3s sois a luz do mundo\u201d (Mt 5,13-16). Dois elementos que identificam o crist\u00e3o. Que enorme responsabilidade! Com efeito, assim como o sal preserva da corrup\u00e7\u00e3o e a luz ilumina, assim tamb\u00e9m cumpre a seu disc\u00edpulo proteger o mundo da decomposi\u00e7\u00e3o moral e aclar\u00e1-lo com a salutar doutrina e as boas a\u00e7\u00f5es. Nem sempre se apreende a profundidade da excel\u00eancia de quem foi batizado. Em um de seus serm\u00f5es S\u00e3o Greg\u00f3rio Magno assim se expressou: \u201cReconhece, \u00f3 crist\u00e3o, a tua dignidade. Uma vez constitu\u00eddo participante da natureza divina, n\u00e3o penses em voltar \u00e0s antigas mis\u00e9rias com um comportamento indigno da tua gera\u00e7\u00e3o. Lembra-te de que cabe\u00e7a e de que corpo \u00e9s membro. N\u00e3o esque\u00e7as que foste libertado do poder das trevas e transferido para a luz do reino de Deus.\u00a0O pre\u00e7o do teu resgate \u00e9 o Sangue de Cristo\u201d. Em consequ\u00eancia, grande \u00e9 a parte do crist\u00e3o em tudo de bom que h\u00e1 no mundo, mas tamb\u00e9m pode ser enorme sua culpa na maldade que campeia em seu derredor. Trata-se, portanto, de um profundo exame de consci\u00eancia que Jesus exige de quem \u00e9 seu sequaz. Isto n\u00e3o deve ser algo vago no esp\u00edrito de cada um, mas uma realidade profunda na exist\u00eancia do crist\u00e3o por ser um alerta fundamental do Mestre divino. Ser sal da terra e luz do mundo eis a\u00ed uma norma basilar para quem ostenta o honroso t\u00edtulo de crist\u00e3o, o qual deve demonstrar, onde quer que esteja, o amor do Pai e o que \u00e9 o Reino por Jesus apregoado. Como sal o crist\u00e3o a expor o gosto de viver tudo que Ele ensinou, tornando-se uma luz por entre as trevas dos erros mais abomin\u00e1veis. Trata-se de uma quest\u00e3o de coer\u00eancia e de gratid\u00e3o, pois foi gratuitamente que cada um recebeu no batismo miss\u00e3o de t\u00e3o grande repercuss\u00e3o mundo todo, mundo a ser preservado do pecado e transfigurado pela luz divina da qual deve ser portador cada um de n\u00f3s. \u00c9 a este minist\u00e9rio sublime que somos todos chamados por Jesus. Tarefa singular junto de uma humanidade ferida pela desordem moral e pelos desvios mais lament\u00e1veis. O batizado \u00e9 colaborador do divino Redentor na constru\u00e7\u00e3o de seu reino de virtudes, alumiando os que se acham no reino das trevas. Eis porque o crist\u00e3o vai buscar na Eucaristia, na sua uni\u00e3o mais profunda com seu Senhor, a gra\u00e7a de ser sal que preserva e luz que fulgura. Nunca se medita demais sobre esta verdade: \u201cO crist\u00e3o \u00e9 outro Cristo\u201d! Donde a necessidade de se examinar bem o que faria Jesus nesta ou naquela ocasi\u00e3o. Certamente estaria Ele praticando a caridade, jamais Ele abriria sites pornogr\u00e1ficos nem se exporia \u00e0s ocasi\u00f5es de pecado ou a qualquer desvio moral. Toda vez que o crist\u00e3o sabe compadecer-se do sofrimento alheio e d\u00e1 o bom exemplo ele est\u00e1 agindo como Jesus atuaria. O crist\u00e3o tem esta incumb\u00eancia de espancar as escurid\u00f5es dos v\u00edcios, espiritualizando o ambiente no qual vive. A indaga\u00e7\u00e3o de Jesus, por\u00e9m, \u00e9 clara: \u201cSe o sal perde sua for\u00e7a com que se h\u00e1 de salgar\u201d. O mesmo se d\u00e1 quando n\u00e3o h\u00e1 luz que aclara. Da\u00ed a obriga\u00e7\u00e3o de seu seguidor de rever sempre seus conceitos e suas a\u00e7\u00f5es que, quer queira quer n\u00e3o, influenciar\u00e3o para o bem ou para o mal. Cabe ao crist\u00e3o ser verdadeiro sal da terra e luz do mundo, levando por toda parte o tempero da sabedoria e o archote da f\u00e9. Jesus \u00e9 o Santo de Deus e \u00e9 preciso segui-lo fielmente na justi\u00e7a e na santidade ao longo de todos os dias nesta terra. \u00c9 necess\u00e1rio ent\u00e3o pedir ao Senhor que saibamos sempre oferecer o sabor espiritual \u00e0 vida dos que est\u00e3o em nosso derredor e a eles levar sem cessar a luz da verdade. A amplid\u00e3o da tarefa a ser executada neste mundo poder\u00e1 at\u00e9 desconcertar diante das dificuldades que surgem. Entretanto, para ser o sal ou luz para os outros cada um conta sempre com a gra\u00e7a divina. O essencial \u00e9 ser testemunha de Jesus para que outros n\u00e3o se apartem dele. \u00c9 preciso estar atentos porque por toda parte h\u00e1 pessoas fr\u00e1geis, oprimidas que clamam por uma ajuda espiritual. \u00c9 a hora em que se deve ser para o outro sal e luz. Trata-se de quebrar as cadeias de almas cativas. Tal atitude gera tamb\u00e9m para quem assim age a paz, a alegria. \u00c9 que ser sal da terra e luz do mundo beneficia n\u00e3o somente os outros, mas tamb\u00e9m a si mesmo. Isto se d\u00e1 porque todo o bem que se faz \u00e9 fruto da a\u00e7\u00e3o do Esp\u00edrito Santo. \u00c9 Ele quem oferece \u00e0s coisas da terra seu justo sabor e aos acontecimentos di\u00e1rios seu aut\u00eantico valor, tudo aclarando pele f\u00e9.<\/p>\n","protected":false},"excerpt":{"rendered":"<p>A quem \u00e9 verdadeiramente seu seguidor Cristo declarou com toda clareza: \u201dV\u00f3s sois o sal da terra [&#8230;] V\u00f3s sois a luz do mundo\u201d (Mt 5,13-16). Dois elementos que identificam o crist\u00e3o. Que enorme responsabilidade! Com efeito, assim como o sal preserva da corrup\u00e7\u00e3o e a luz ilumina, assim tamb\u00e9m cumpre a seu disc\u00edpulo proteger [&hellip;]<\/p>\n","protected":false},"author":7,"featured_media":55813,"comment_status":"open","ping_status":"closed","sticky":false,"template":"","format":"standard","meta":{"footnotes":""},"categories":[9],"tags":[],"class_list":["post-56600","post","type-post","status-publish","format-standard","has-post-thumbnail","hentry","category-artigos"],"_links":{"self":[{"href":"https:\/\/catolicanet.net\/wp-cnet\/wp-json\/wp\/v2\/posts\/56600","targetHints":{"allow":["GET"]}}],"collection":[{"href":"https:\/\/catolicanet.net\/wp-cnet\/wp-json\/wp\/v2\/posts"}],"about":[{"href":"https:\/\/catolicanet.net\/wp-cnet\/wp-json\/wp\/v2\/types\/post"}],"author":[{"embeddable":true,"href":"https:\/\/catolicanet.net\/wp-cnet\/wp-json\/wp\/v2\/users\/7"}],"replies":[{"embeddable":true,"href":"https:\/\/catolicanet.net\/wp-cnet\/wp-json\/wp\/v2\/comments?post=56600"}],"version-history":[{"count":1,"href":"https:\/\/catolicanet.net\/wp-cnet\/wp-json\/wp\/v2\/posts\/56600\/revisions"}],"predecessor-version":[{"id":56601,"href":"https:\/\/catolicanet.net\/wp-cnet\/wp-json\/wp\/v2\/posts\/56600\/revisions\/56601"}],"wp:featuredmedia":[{"embeddable":true,"href":"https:\/\/catolicanet.net\/wp-cnet\/wp-json\/wp\/v2\/media\/55813"}],"wp:attachment":[{"href":"https:\/\/catolicanet.net\/wp-cnet\/wp-json\/wp\/v2\/media?parent=56600"}],"wp:term":[{"taxonomy":"category","embeddable":true,"href":"https:\/\/catolicanet.net\/wp-cnet\/wp-json\/wp\/v2\/categories?post=56600"},{"taxonomy":"post_tag","embeddable":true,"href":"https:\/\/catolicanet.net\/wp-cnet\/wp-json\/wp\/v2\/tags?post=56600"}],"curies":[{"name":"wp","href":"https:\/\/api.w.org\/{rel}","templated":true}]}}