{"id":56591,"date":"2020-02-03T08:07:40","date_gmt":"2020-02-03T11:07:40","guid":{"rendered":"https:\/\/catolicanet.net\/wp-cnet\/?p=56591"},"modified":"2020-02-03T10:09:21","modified_gmt":"2020-02-03T13:09:21","slug":"dom-joao-justino-diz-que-o-brasil-oficialmente-abraca-o-pacto-pela-educacao","status":"publish","type":"post","link":"https:\/\/catolicanet.net\/wp-cnet\/dom-joao-justino-diz-que-o-brasil-oficialmente-abraca-o-pacto-pela-educacao\/","title":{"rendered":"Dom Jo\u00e3o Justino diz que o Brasil, oficialmente, abra\u00e7a o Pacto pela Educa\u00e7\u00e3o"},"content":{"rendered":"<p style=\"text-align: justify;\">A iniciativa do Papa\u00a0Francisco em propor uma alian\u00e7a global pela educa\u00e7\u00e3o, culminando na reconstitui\u00e7\u00e3o\u00a0de um Pacto Educativo Global,\u00a0que ser\u00e1 celebrado no Vaticano no dia 14 de maio,\u00a0se insere no percurso\u00a0tra\u00e7ado desde o Conc\u00edlio Vaticano II com a declara\u00e7\u00e3o\u00a0<i>Gravissiumum<\/i><i>\u00a0<\/i><i>Educationis<\/i>.\u00a0\u201c<i>O Papa compreende que a educa\u00e7\u00e3o \u00e9 uma tarefa de todos. Ele se inspira, inclusive, num prov\u00e9rbio africano que diz que para educar uma crian\u00e7a \u00e9 preciso uma aldeia. Nessa concep\u00e7\u00e3o africana adaptada \u00e0 realidade mundial, o Papa prop\u00f5e um pacto global pela educa\u00e7\u00e3o, isto \u00e9, todos devemos nos comprometer com a educa\u00e7\u00e3o<\/i>\u201d, afirma o presidente da Comiss\u00e3o para a\u00a0Cultura e a Educa\u00e7\u00e3o da Confer\u00eancia Nacional dos Bispos do Brasil (CNBB), dom Jo\u00e3o Justino de Medeiros Silva.<\/p>\n<div id=\"attachment_232769\" class=\"wp-caption alignright\" style=\"text-align: justify;\"><a href=\"https:\/\/www.cnbb.org.br\/dom-joao-justino-diz-que-o-brasil-oficialmente-abraca-o-pacto-pela-educacao\/img_8111\/\"><img loading=\"lazy\" decoding=\"async\" class=\"wp-image-232769\" src=\"https:\/\/www.cnbb.org.br\/wp-content\/uploads\/sites\/32\/2020\/01\/IMG_8111-1024x683.jpg\" srcset=\"https:\/\/www.cnbb.org.br\/wp-content\/uploads\/sites\/32\/2020\/01\/IMG_8111-1024x683.jpg 1024w, https:\/\/www.cnbb.org.br\/wp-content\/uploads\/sites\/32\/2020\/01\/IMG_8111-300x200.jpg 300w, https:\/\/www.cnbb.org.br\/wp-content\/uploads\/sites\/32\/2020\/01\/IMG_8111-768x512.jpg 768w, https:\/\/www.cnbb.org.br\/wp-content\/uploads\/sites\/32\/2020\/01\/IMG_8111-1536x1024.jpg 1536w, https:\/\/www.cnbb.org.br\/wp-content\/uploads\/sites\/32\/2020\/01\/IMG_8111-2048x1365.jpg 2048w\" alt=\"\" width=\"360\" height=\"240\" aria-describedby=\"caption-attachment-232769\" \/><\/a><\/p>\n<p id=\"caption-attachment-232769\" class=\"wp-caption-text\">Dom Jo\u00e3o Justino no lan\u00e7amento do projeto \u201cA Igreja no Brasil, com o Papa Francisco, pelo Pacto Educativo Global\u201d, na sede da CNBB, em Bras\u00edlia (DF)<\/p>\n<\/div>\n<p style=\"text-align: justify;\">No dia em que a sede da Confer\u00eancia, em Bras\u00edlia (DF),\u00a0foi palco do lan\u00e7amento do projeto \u201cA Igreja no Brasil, com o Papa Francisco, pelo Pacto Educativo Global\u201d, evento promovido pela Comiss\u00e3o para a Cultura e a Educa\u00e7\u00e3o da CNBB, \u00a0em parceria com a Confer\u00eancia dos Religiosos do Brasil (CRB) e a Associa\u00e7\u00e3o Nacional de Educa\u00e7\u00e3o Cat\u00f3lica do Brasil (ANEC), dom Jo\u00e3o Justino, disse que ao celebrar um pacto o papa reconhece a necessidade de unir esfor\u00e7os para formar pessoas maduras e com corresponsabilidade na constru\u00e7\u00e3o do bem comum. \u201c<i>Hoje n\u00f3s queremos oficialmente dizer que o Brasil abra\u00e7a o Pacto pela Educa\u00e7\u00e3o<\/i>\u201d, disse o bispo.<\/p>\n<p style=\"text-align: justify;\">O Pacto Educativo Global, proposto por Francisco, pretende construir uma alian\u00e7a entre escola, fam\u00edlia e a sociedade para colocar no centro o desenvolvimento integral da pessoa e a prote\u00e7\u00e3o da Casa Comum.\u00a0Segundo dom Jo\u00e3o Justino o pacto traz a ideia da alian\u00e7a e para que isso ocorra, de acordo com ele, \u00e9 necess\u00e1rio \u2018dar as m\u00e3os e andar junto\u2019. \u201c<em>N\u00f3s de tradi\u00e7\u00e3o cat\u00f3lica compreendemos bem o que o Papa tem falado da\u00a0<\/em><em>Sinodalidade, de ser capaz de caminhar junto na cultura do di\u00e1logo, do encontro e tamb\u00e9m na perspectiva da educa\u00e7\u00e3o,\u00a0<\/em><em>e \u00e9 isto que o pacto quer, ou seja, aliar for\u00e7as<\/em>\u201d, afirmou o bispo.<\/p>\n<p style=\"text-align: justify;\">O convite do Papa para participar do Pacto pela Educativo Global repercute mundo afora. Aqui no Brasil, com o objetivo de envolver toda a sociedade, e de forma especial, os agentes educativos\u00a0em uma reflex\u00e3o e estudo\u00a0a partir das inspira\u00e7\u00f5es e indica\u00e7\u00f5es do Pacto,\u00a0a CNBB e a ANEC est\u00e3o propondo a realiza\u00e7\u00e3o de semin\u00e1rios para se discutir os conte\u00fados centrais da proposta. O pr\u00f3ximo lan\u00e7amento do projeto \u201cA Igreja no Brasil, com o Papa\u00a0Francisco, pelo Pacto Educativo Global\u201d\u00a0acontecer\u00e1 na Universidade Cat\u00f3lica de Bras\u00edlia (UCB). \u201c<em>Nas bases significa conseguirmos mobilizarmos\u00a0as pessoas para que possam compreender que todos temos sim um grau de responsabilidade no campo da educa\u00e7\u00e3o<\/em>\u201d, finalizou dom Jo\u00e3o Justino.<\/p>\n","protected":false},"excerpt":{"rendered":"<p>A iniciativa do Papa\u00a0Francisco em propor uma alian\u00e7a global pela educa\u00e7\u00e3o, culminando na reconstitui\u00e7\u00e3o\u00a0de um Pacto Educativo Global,\u00a0que ser\u00e1 celebrado no Vaticano no dia 14 de maio,\u00a0se insere no percurso\u00a0tra\u00e7ado desde o Conc\u00edlio Vaticano II com a declara\u00e7\u00e3o\u00a0Gravissiumum\u00a0Educationis.\u00a0\u201cO Papa compreende que a educa\u00e7\u00e3o \u00e9 uma tarefa de todos. Ele se inspira, inclusive, num prov\u00e9rbio africano [&hellip;]<\/p>\n","protected":false},"author":1,"featured_media":56592,"comment_status":"open","ping_status":"closed","sticky":false,"template":"","format":"standard","meta":{"footnotes":""},"categories":[7],"tags":[],"class_list":["post-56591","post","type-post","status-publish","format-standard","has-post-thumbnail","hentry","category-cnbb"],"_links":{"self":[{"href":"https:\/\/catolicanet.net\/wp-cnet\/wp-json\/wp\/v2\/posts\/56591","targetHints":{"allow":["GET"]}}],"collection":[{"href":"https:\/\/catolicanet.net\/wp-cnet\/wp-json\/wp\/v2\/posts"}],"about":[{"href":"https:\/\/catolicanet.net\/wp-cnet\/wp-json\/wp\/v2\/types\/post"}],"author":[{"embeddable":true,"href":"https:\/\/catolicanet.net\/wp-cnet\/wp-json\/wp\/v2\/users\/1"}],"replies":[{"embeddable":true,"href":"https:\/\/catolicanet.net\/wp-cnet\/wp-json\/wp\/v2\/comments?post=56591"}],"version-history":[{"count":1,"href":"https:\/\/catolicanet.net\/wp-cnet\/wp-json\/wp\/v2\/posts\/56591\/revisions"}],"predecessor-version":[{"id":56593,"href":"https:\/\/catolicanet.net\/wp-cnet\/wp-json\/wp\/v2\/posts\/56591\/revisions\/56593"}],"wp:featuredmedia":[{"embeddable":true,"href":"https:\/\/catolicanet.net\/wp-cnet\/wp-json\/wp\/v2\/media\/56592"}],"wp:attachment":[{"href":"https:\/\/catolicanet.net\/wp-cnet\/wp-json\/wp\/v2\/media?parent=56591"}],"wp:term":[{"taxonomy":"category","embeddable":true,"href":"https:\/\/catolicanet.net\/wp-cnet\/wp-json\/wp\/v2\/categories?post=56591"},{"taxonomy":"post_tag","embeddable":true,"href":"https:\/\/catolicanet.net\/wp-cnet\/wp-json\/wp\/v2\/tags?post=56591"}],"curies":[{"name":"wp","href":"https:\/\/api.w.org\/{rel}","templated":true}]}}