{"id":56575,"date":"2020-02-02T08:42:38","date_gmt":"2020-02-02T11:42:38","guid":{"rendered":"https:\/\/catolicanet.net\/wp-cnet\/?p=56575"},"modified":"2020-02-03T08:45:46","modified_gmt":"2020-02-03T11:45:46","slug":"guiado-por-tua-luz","status":"publish","type":"post","link":"https:\/\/catolicanet.net\/wp-cnet\/guiado-por-tua-luz\/","title":{"rendered":"Guiado por Tua luz"},"content":{"rendered":"<p style=\"text-align: justify;\">Neste domingo dia 02 de fevereiro, celebramos a Festa da Apresenta\u00e7\u00e3o do Senhor. Esta festa nos mostra que, conforme a Lei, a consagra\u00e7\u00e3o dos primog\u00eanitos era feita no ato da circuncis\u00e3o, no oitavo dia do nascimento, quando se impunha o nome \u00e0 crian\u00e7a. A purifica\u00e7\u00e3o da m\u00e3e era feita trinta e dois dias depois da circuncis\u00e3o junto com a apresenta\u00e7\u00e3o no templo, ou seja, 40 dias ap\u00f3s o nascimento.<\/p>\n<p style=\"text-align: justify;\">\u00a0\u00a0\u00a0\u00a0\u00a0\u00a0\u00a0\u00a0\u00a0 No Templo de Jerusal\u00e9m, por ocasi\u00e3o da purifica\u00e7\u00e3o de Maria, o justo\u00a0Sime\u00e3o profetiza sobre o menino Jesus, que ser\u00e1 sinal de contradi\u00e7\u00e3o. A origem da devo\u00e7\u00e3o de Nossa Senhora das Candeias tem os seus come\u00e7os na festa da apresenta\u00e7\u00e3o de Jesus no Templo e da purifica\u00e7\u00e3o de Nossa Senhora, que acontece quarenta dias ap\u00f3s o nascimento. Segundo a tradi\u00e7\u00e3o mosaica, as parturientes, ap\u00f3s darem \u00e0 luz, ficavam impuras, devendo ausentar-se do Templo at\u00e9 40 dias ap\u00f3s o parto. Nessa data, deviam apresentar-se diante do sumo sacerdote, a fim de apresentar o seu sacrif\u00edcio (um cordeiro ou duas pombas) e, assim, purificar-se. Jos\u00e9 e Maria apresentaram-se diante de Sime\u00e3o para cumprir o seu dever. Levando em considera\u00e7\u00e3o a apresenta\u00e7\u00e3o de Jesus no Templo, nasceu a festa de Nossa Senhora da Purifica\u00e7\u00e3o. Como Sime\u00e3o, em seu c\u00e2ntico, diz que Jesus \u00e9 luz para as na\u00e7\u00f5es, nasce o culto de Nossa Senhora das Candeias, Candel\u00e1ria ou da Luz cujas festas s\u00e3o comemoradas com prociss\u00e3o em que os participantes carregam velas.<\/p>\n<p style=\"text-align: justify;\">\u00a0\u00a0\u00a0\u00a0\u00a0\u00a0\u00a0\u00a0\u00a0 Esta festa, de certa forma, encerrava as festas natalinas e nos abria o caminho rumo \u00e0 P\u00e1scoa. Sime\u00e3o e Ana, adiantados na idade e mantendo viva a esperan\u00e7a, se unem para anunciar a not\u00edcia da vinda do Senhor, Luz para iluminar as na\u00e7\u00f5es e gl\u00f3ria do seu povo fiel. A devo\u00e7\u00e3o popular dedicou esta festa a Maria e, em alguns lugares do Brasil \u00e9 celebrada como festa de Nossa Senhora da Candel\u00e1ria, Nossa Senhora de Bel\u00e9m, Nossa Senhora das Candeias ou Nossa Senhora da Luz. De fato, com a entrada de Jesus no mundo, nova luz resplandeceu para n\u00f3s e o mundo transformou-se em templo, habita\u00e7\u00e3o de Deus. Em Jesus brilhou para toda a humanidade o verdadeiro sentido da vida, de pertencer a Deus e de sermos filhos e filhas da luz. E quem levou o Menino para o templo foi Maria. Ela \u00e9 a porta de entrada de Jesus, nossa Luz ao mundo. Ela tamb\u00e9m estar\u00e1 de p\u00e9, junto \u00e0 cruz, num gesto corajoso de oferenda do Filho, assumindo o transpassar da espada em seu cora\u00e7\u00e3o. Por isso, somos convidados neste dia a entrar no templo, ou seja, irmos ao encontro do Senhor, com as velas de nossa f\u00e9 bem acesas, reconhecendo-O como Cristo, \u201ca luz que vem se revelar \u00e0s na\u00e7\u00f5es\u201d como fez, alegre e agradecido, o velho Sime\u00e3o. E, como Maria, fazer a oferenda de nossa vida, com Cristo, por Cristo e em Cristo ao Pai. Seguindo esta luz, vivamos como filhos e filhas da luz, levando a todas as pessoas a luz de Cristo. Cabe, pois, a n\u00f3s acolher o Senhor na Liturgia e na vida, com nossas atitudes e a\u00e7\u00f5es, como l\u00e2mpadas vivas e ardentes, sendo fi\u00e9is ao que cantamos. \u201cSim, eu quero que a luz de Deus que um dia em mim brilhou, jamais se esconda e n\u00e3o se apague em mim o seu fulgor. Sim, eu quero que o meu amor ajude o meu irm\u00e3o a caminhar guiado por tua m\u00e3o, em tua lei, em tua luz, Senhor!\u201d.<\/p>\n<p style=\"text-align: justify;\">\u00a0\u00a0\u00a0\u00a0\u00a0\u00a0\u00a0\u00a0\u00a0 Jesus traz a salva\u00e7\u00e3o a todos os homens; no entanto, para alguns ser\u00e1 sinal de contradi\u00e7\u00e3o, porque se obstinam em rejeit\u00e1-Lo. O Evangelista S\u00e3o Lucas (cf. Lc 2,22-40) narra tamb\u00e9m que Sime\u00e3o, depois de se referir ao Menino, se dirigiu inesperadamente a Maria, vinculando de certo modo a profecia relativa ao Filho com outra que se relacionava com a m\u00e3e: \u201cuma espada atravessar\u00e1 a tua alma\u201d(cf. Lc 2,35). Com estas palavras do anci\u00e3o, o nosso olhar desloca-se do Filho para a M\u00e3e, de Jesus para Maria. \u00c9 admir\u00e1vel o mist\u00e9rio deste v\u00ednculo pelo qual Ela se uniu a Cristo, \u00e0quele Cristo que \u00e9 sinal de contradi\u00e7\u00e3o.<\/p>\n<p style=\"text-align: justify;\">\u00a0\u00a0\u00a0\u00a0\u00a0\u00a0\u00a0\u00a0\u00a0 A liturgia desta festa quer manifestar, com efeito, que a vida do crist\u00e3o \u00e9 como uma oferenda ao Senhor, traduzida na prociss\u00e3o dos c\u00edrios acesos que se consomem pouco a pouco, enquanto iluminam. Cristo \u00e9 profetizado como a Luz que tira da escurid\u00e3o o mundo sumido em trevas. Seus pais maravilharam-se do que se dizia d\u2019Ele. Maria, que guardava no seu cora\u00e7\u00e3o a mensagem do Anjo e dos pastores, escuta novamente admirada a profecia de Sime\u00e3o sobre a miss\u00e3o universal do seu Filho: a crian\u00e7a que sustenta nos seus bra\u00e7os \u00e9 a Luiz enviada por Deus Pai para iluminar todas as na\u00e7\u00f5es: \u00e9 a gl\u00f3ria do seu povo.<\/p>\n","protected":false},"excerpt":{"rendered":"<p>Neste domingo dia 02 de fevereiro, celebramos a Festa da Apresenta\u00e7\u00e3o do Senhor. Esta festa nos mostra que, conforme a Lei, a consagra\u00e7\u00e3o dos primog\u00eanitos era feita no ato da circuncis\u00e3o, no oitavo dia do nascimento, quando se impunha o nome \u00e0 crian\u00e7a. A purifica\u00e7\u00e3o da m\u00e3e era feita trinta e dois dias depois da [&hellip;]<\/p>\n","protected":false},"author":5,"featured_media":55819,"comment_status":"open","ping_status":"closed","sticky":false,"template":"","format":"standard","meta":{"footnotes":""},"categories":[9],"tags":[],"class_list":["post-56575","post","type-post","status-publish","format-standard","has-post-thumbnail","hentry","category-artigos"],"_links":{"self":[{"href":"https:\/\/catolicanet.net\/wp-cnet\/wp-json\/wp\/v2\/posts\/56575","targetHints":{"allow":["GET"]}}],"collection":[{"href":"https:\/\/catolicanet.net\/wp-cnet\/wp-json\/wp\/v2\/posts"}],"about":[{"href":"https:\/\/catolicanet.net\/wp-cnet\/wp-json\/wp\/v2\/types\/post"}],"author":[{"embeddable":true,"href":"https:\/\/catolicanet.net\/wp-cnet\/wp-json\/wp\/v2\/users\/5"}],"replies":[{"embeddable":true,"href":"https:\/\/catolicanet.net\/wp-cnet\/wp-json\/wp\/v2\/comments?post=56575"}],"version-history":[{"count":1,"href":"https:\/\/catolicanet.net\/wp-cnet\/wp-json\/wp\/v2\/posts\/56575\/revisions"}],"predecessor-version":[{"id":56576,"href":"https:\/\/catolicanet.net\/wp-cnet\/wp-json\/wp\/v2\/posts\/56575\/revisions\/56576"}],"wp:featuredmedia":[{"embeddable":true,"href":"https:\/\/catolicanet.net\/wp-cnet\/wp-json\/wp\/v2\/media\/55819"}],"wp:attachment":[{"href":"https:\/\/catolicanet.net\/wp-cnet\/wp-json\/wp\/v2\/media?parent=56575"}],"wp:term":[{"taxonomy":"category","embeddable":true,"href":"https:\/\/catolicanet.net\/wp-cnet\/wp-json\/wp\/v2\/categories?post=56575"},{"taxonomy":"post_tag","embeddable":true,"href":"https:\/\/catolicanet.net\/wp-cnet\/wp-json\/wp\/v2\/tags?post=56575"}],"curies":[{"name":"wp","href":"https:\/\/api.w.org\/{rel}","templated":true}]}}