{"id":5656,"date":"2015-03-25T11:37:22","date_gmt":"2015-03-25T14:37:22","guid":{"rendered":"http:\/\/catolicanet.net\/wp-cnet\/papa-francisco-reza-pelas-vitimas-de-acidente-aereo\/"},"modified":"2017-04-07T14:04:00","modified_gmt":"2017-04-07T17:04:00","slug":"papa-francisco-reza-pelas-vitimas-de-acidente-aereo","status":"publish","type":"post","link":"https:\/\/catolicanet.net\/wp-cnet\/papa-francisco-reza-pelas-vitimas-de-acidente-aereo\/","title":{"rendered":"Papa Francisco reza pelas v\u00edtimas de acidente a\u00e9reo"},"content":{"rendered":"<p style=\"text-align: justify;\"><img decoding=\"async\" src=\"http:\/\/catolicanet.com.br\/images\/stories\/geral\/papafranciscorezaacidenteaereo.jpg\" border=\"0\" align=\"right\" \/>Em comunicado emitido pela Sala de Imprensa do Vaticano, o papa Francisco manifestou pesar pelo acidente do Airbus A320 da companhia a\u00e9rea alem\u00e3 Germanwings que caiu nos Alpes franceses, na ter\u00e7a-feira, 24. Foram confirmadas a morte de 144 passageiros e seis tripulantes que iam de Barcelona, na Espanha, para Dusseldorf, na Alemanha. Dentre as v\u00edtimas estavam estudantes que participavam de interc\u00e2mbio.<\/p>\n<p>O papa Francisco disse estar unidos \u201cao luto dos familiares das v\u00edtimas e reza pela paz dos falecidos, confiando-lhes \u00e0 miseric\u00f3rdia de Deus para que os acolha em sua morada de paz e de luz\u201d. O pont\u00edfice manifestou, ainda, seu afeto a todos aqueles \u201cque foram tocados por essa trag\u00e9dia e aos socorristas que interv\u00eam em condi\u00e7\u00f5es dif\u00edceis\u201d. O papa rezou \u201cao Senhor para que d\u00ea a todos for\u00e7a e consolo, e invoca sobre todos as b\u00ean\u00e7\u00e3os de Deus\u201d<\/p>\n<p>A Confer\u00eancia Episcopal Espanhola tamb\u00e9m se une \u00e0 dor dos familiares das v\u00edtimas. Os bispos espanh\u00f3is pedem ora\u00e7\u00f5es aos falecidos nesta trag\u00e9dia a\u00e9rea.<\/p>\n<p style=\"text-align: justify;\">\u00a0<\/p>\n<p style=\"text-align: justify;\"><strong>Fonte:<\/strong> CNBB<\/p>\n","protected":false},"excerpt":{"rendered":"<p>Em comunicado emitido pela Sala de Imprensa do Vaticano, o papa Francisco manifestou pesar pelo acidente do Airbus A320 da companhia a\u00e9rea alem\u00e3 Germanwings que caiu nos Alpes franceses, na ter\u00e7a-feira, 24. Foram confirmadas a morte de 144 passageiros e seis tripulantes que iam de Barcelona, na Espanha, para Dusseldorf, na Alemanha. Dentre as v\u00edtimas [&hellip;]<\/p>\n","protected":false},"author":1,"featured_media":0,"comment_status":"closed","ping_status":"closed","sticky":false,"template":"","format":"standard","meta":{"footnotes":""},"categories":[7],"tags":[],"class_list":["post-5656","post","type-post","status-publish","format-standard","hentry","category-cnbb"],"_links":{"self":[{"href":"https:\/\/catolicanet.net\/wp-cnet\/wp-json\/wp\/v2\/posts\/5656","targetHints":{"allow":["GET"]}}],"collection":[{"href":"https:\/\/catolicanet.net\/wp-cnet\/wp-json\/wp\/v2\/posts"}],"about":[{"href":"https:\/\/catolicanet.net\/wp-cnet\/wp-json\/wp\/v2\/types\/post"}],"author":[{"embeddable":true,"href":"https:\/\/catolicanet.net\/wp-cnet\/wp-json\/wp\/v2\/users\/1"}],"replies":[{"embeddable":true,"href":"https:\/\/catolicanet.net\/wp-cnet\/wp-json\/wp\/v2\/comments?post=5656"}],"version-history":[{"count":1,"href":"https:\/\/catolicanet.net\/wp-cnet\/wp-json\/wp\/v2\/posts\/5656\/revisions"}],"predecessor-version":[{"id":10495,"href":"https:\/\/catolicanet.net\/wp-cnet\/wp-json\/wp\/v2\/posts\/5656\/revisions\/10495"}],"wp:attachment":[{"href":"https:\/\/catolicanet.net\/wp-cnet\/wp-json\/wp\/v2\/media?parent=5656"}],"wp:term":[{"taxonomy":"category","embeddable":true,"href":"https:\/\/catolicanet.net\/wp-cnet\/wp-json\/wp\/v2\/categories?post=5656"},{"taxonomy":"post_tag","embeddable":true,"href":"https:\/\/catolicanet.net\/wp-cnet\/wp-json\/wp\/v2\/tags?post=5656"}],"curies":[{"name":"wp","href":"https:\/\/api.w.org\/{rel}","templated":true}]}}