{"id":5653,"date":"2015-03-19T14:34:03","date_gmt":"2015-03-19T17:34:03","guid":{"rendered":"http:\/\/catolicanet.net\/wp-cnet\/papa-doa-500-kg-de-alimentos-a-familias-em-dificuldade\/"},"modified":"2017-04-07T14:13:35","modified_gmt":"2017-04-07T17:13:35","slug":"papa-doa-500-kg-de-alimentos-a-familias-em-dificuldade","status":"publish","type":"post","link":"https:\/\/catolicanet.net\/wp-cnet\/papa-doa-500-kg-de-alimentos-a-familias-em-dificuldade\/","title":{"rendered":"Papa doa 500 kg de alimentos a fam\u00edlias em dificuldade"},"content":{"rendered":"<p style=\"text-align: justify;\"><img decoding=\"async\" src=\"http:\/\/catolicanet.com.br\/images\/stories\/geral\/papaalimentos.jpg\" border=\"0\" align=\"left\" \/>O Papa Francisco enviou mais de 500 kg de alimentos \u00e0 Associa\u00e7\u00e3o Medicina Solid\u00e1ria para fam\u00edlias em dificuldade no bairro romano de Tor Bella Monaca. Tratam-se de bens alimentares como tomates, vegetais enlatados, queijos, cereais e geleias entregues pelo Elemosiniere do Papa, D. Konrad Krajewski. A distribui\u00e7\u00e3o de cestas de alimentos ser\u00e1 feita no pr\u00f3ximo s\u00e1bado, 21 de mar\u00e7o, a partir das 9h de Roma na sede da Associa\u00e7\u00e3o.<\/p>\n<p>\u201cFoi uma verdadeira surpresa \u2013 explica Lucia Ercoli \u2013 Diretora da Associa\u00e7\u00e3o Medicina Solid\u00e1ria &#8211; quando recebi o telefonema que anunciava a chegada de alimentos para as fam\u00edlias mais pobres do bairro. O Papa n\u00e3o se esqueceu de n\u00f3s e, ap\u00f3s 10 dias da sua visita a Tor Bella Monaca, quis dar um sinal de sua proximidade para com aqueles que se encontram em dificuldade\u201d.<\/p>\n<p>\u201cEu n\u00e3o sou uma te\u00f3loga &#8211; acrescenta Ercoli &#8211; mas com estes gestos de miseric\u00f3rdia, idealmente, o Papa deu uma antecipa\u00e7\u00e3o sobre o Ano Santo extraordin\u00e1rio e por isso n\u00f3s o agradecemos de cora\u00e7\u00e3o por ter dado esperan\u00e7a a muitos que vivem no sofrimento e exclu\u00eddos\u201d.<\/p>\n<p style=\"text-align: justify;\"><strong>Fonte:<\/strong> R\u00e1dio Vaticano<\/p>\n","protected":false},"excerpt":{"rendered":"<p>O Papa Francisco enviou mais de 500 kg de alimentos \u00e0 Associa\u00e7\u00e3o Medicina Solid\u00e1ria para fam\u00edlias em dificuldade no bairro romano de Tor Bella Monaca. Tratam-se de bens alimentares como tomates, vegetais enlatados, queijos, cereais e geleias entregues pelo Elemosiniere do Papa, D. Konrad Krajewski. A distribui\u00e7\u00e3o de cestas de alimentos ser\u00e1 feita no pr\u00f3ximo [&hellip;]<\/p>\n","protected":false},"author":1,"featured_media":0,"comment_status":"closed","ping_status":"closed","sticky":false,"template":"","format":"standard","meta":{"footnotes":""},"categories":[3],"tags":[],"class_list":["post-5653","post","type-post","status-publish","format-standard","hentry","category-vaticano"],"_links":{"self":[{"href":"https:\/\/catolicanet.net\/wp-cnet\/wp-json\/wp\/v2\/posts\/5653","targetHints":{"allow":["GET"]}}],"collection":[{"href":"https:\/\/catolicanet.net\/wp-cnet\/wp-json\/wp\/v2\/posts"}],"about":[{"href":"https:\/\/catolicanet.net\/wp-cnet\/wp-json\/wp\/v2\/types\/post"}],"author":[{"embeddable":true,"href":"https:\/\/catolicanet.net\/wp-cnet\/wp-json\/wp\/v2\/users\/1"}],"replies":[{"embeddable":true,"href":"https:\/\/catolicanet.net\/wp-cnet\/wp-json\/wp\/v2\/comments?post=5653"}],"version-history":[{"count":1,"href":"https:\/\/catolicanet.net\/wp-cnet\/wp-json\/wp\/v2\/posts\/5653\/revisions"}],"predecessor-version":[{"id":10504,"href":"https:\/\/catolicanet.net\/wp-cnet\/wp-json\/wp\/v2\/posts\/5653\/revisions\/10504"}],"wp:attachment":[{"href":"https:\/\/catolicanet.net\/wp-cnet\/wp-json\/wp\/v2\/media?parent=5653"}],"wp:term":[{"taxonomy":"category","embeddable":true,"href":"https:\/\/catolicanet.net\/wp-cnet\/wp-json\/wp\/v2\/categories?post=5653"},{"taxonomy":"post_tag","embeddable":true,"href":"https:\/\/catolicanet.net\/wp-cnet\/wp-json\/wp\/v2\/tags?post=5653"}],"curies":[{"name":"wp","href":"https:\/\/api.w.org\/{rel}","templated":true}]}}