{"id":56501,"date":"2020-01-29T11:11:38","date_gmt":"2020-01-29T14:11:38","guid":{"rendered":"https:\/\/catolicanet.net\/wp-cnet\/?p=56501"},"modified":"2020-01-29T11:11:38","modified_gmt":"2020-01-29T14:11:38","slug":"pontificia-academia-para-a-vida-realiza-encontro-sobre-inteligencia-artificial","status":"publish","type":"post","link":"https:\/\/catolicanet.net\/wp-cnet\/pontificia-academia-para-a-vida-realiza-encontro-sobre-inteligencia-artificial\/","title":{"rendered":"Pontif\u00edcia Academia para a Vida realiza encontro sobre intelig\u00eancia artificial"},"content":{"rendered":"<div class=\"article__subTitle\" style=\"text-align: justify;\">O encontro ter\u00e1 in\u00edcio \u00e0s 8h30 da manh\u00e3, (hora de Roma) do dia 28 de fevereiro pr\u00f3ximo e se encerrar\u00e1 \u00e0s 13h no Auditorium da Via della Conciliazione, 4. A abertura dos trabalhos ser\u00e1 feita dom Vincenzo Paglia, presidente da Pontif\u00edcia Academia para a Vida.<\/div>\n<div class=\"title__separator\" style=\"text-align: justify;\"><\/div>\n<div class=\"article__text\">\n<p style=\"text-align: justify;\"><b>Vatican News<\/b><\/p>\n<p style=\"text-align: justify;\">&#8220;Por uma Intelig\u00eancia Artificial humanista&#8221; \u00e9 o encontro previsto para o dia 28 de fevereiro pr\u00f3ximo, organizado pela Pontif\u00edcia Academia para a Vida, com a participa\u00e7\u00e3o de Brad Smith, presidente da Microsoft, John Kelly III, vice-diretor executivo da IBM, do Presidente do Parlamento Europeu David Sassoli, do diretor-geral da FAO Qu Dongyu.<\/p>\n<p style=\"text-align: justify;\">Durante a manh\u00e3, Microsoft e IBIM assinar\u00e3o um &#8220;Call for Ethics&#8221; que quer ajudar as empresas num processo de avalia\u00e7\u00e3o dos efeitos das tecnologias coligadas com a intelig\u00eancia artificial, os riscos que envolvem, e poss\u00edveis estradas de regulamenta\u00e7\u00e3o, incluindo a n\u00edvel educacional.<\/p>\n<p>\u201cEstamos comprometidos neste setor\u201d, explica dom Vincenzo Paglia, presidente da Pontif\u00edcia Academia para a Vida, porque &#8220;com o desenvolvimento da Intelig\u00eancia Artificial, o risco \u00e9 que o acesso e a elabora\u00e7\u00e3o se tornem seletivamente reservados \u00e0s grandes <i>holdings<\/i> econ\u00f4micas, aos sistemas de seguran\u00e7a p\u00fablica e aos atores da governan\u00e7a pol\u00edtica. Em outras palavras, est\u00e1 em jogo a equidade na busca de informa\u00e7\u00f5es ou na manuten\u00e7\u00e3o do contato com os outros, se a sofistica\u00e7\u00e3o dos servi\u00e7os ser\u00e1 automaticamente tirada daqueles que n\u00e3o pertencem a grupos privilegiados ou n\u00e3o possuem particulares compet\u00eancias&#8221;.<\/p>\n<p>O encontro ter\u00e1 in\u00edcio \u00e0s 8h30 da manh\u00e3, (hora de Roma) e se encerrar\u00e1 \u00e0s 13h no Auditorium da Via della Conciliazione 4.\u00a0A abertura dos trabalhos ser\u00e1 feita dom Vincenzo Paglia. Durante os trabalhos da manh\u00e3 o Papa Francisco do Pal\u00e1cio Apost\u00f3lico ir\u00e1 dirigir a sua palavra aos participantes atrav\u00e9s de uma coliga\u00e7\u00e3o v\u00eddeo.<\/p>\n<p style=\"text-align: justify;\">(ingresso livre com inscri\u00e7\u00e3o\u00a0<a href=\"https:\/\/www.academivita.org\/2020_ai_registration_form1a.php\" rel=\"external nofollow\">https:\/\/www.academivita.org\/2020_ai_registration_form1a.php<\/a> )<\/p>\n<\/div>\n","protected":false},"excerpt":{"rendered":"<p>O encontro ter\u00e1 in\u00edcio \u00e0s 8h30 da manh\u00e3, (hora de Roma) do dia 28 de fevereiro pr\u00f3ximo e se encerrar\u00e1 \u00e0s 13h no Auditorium da Via della Conciliazione, 4. A abertura dos trabalhos ser\u00e1 feita dom Vincenzo Paglia, presidente da Pontif\u00edcia Academia para a Vida. Vatican News &#8220;Por uma Intelig\u00eancia Artificial humanista&#8221; \u00e9 o encontro [&hellip;]<\/p>\n","protected":false},"author":1,"featured_media":56502,"comment_status":"open","ping_status":"closed","sticky":false,"template":"","format":"standard","meta":{"footnotes":""},"categories":[3],"tags":[],"class_list":["post-56501","post","type-post","status-publish","format-standard","has-post-thumbnail","hentry","category-vaticano"],"_links":{"self":[{"href":"https:\/\/catolicanet.net\/wp-cnet\/wp-json\/wp\/v2\/posts\/56501","targetHints":{"allow":["GET"]}}],"collection":[{"href":"https:\/\/catolicanet.net\/wp-cnet\/wp-json\/wp\/v2\/posts"}],"about":[{"href":"https:\/\/catolicanet.net\/wp-cnet\/wp-json\/wp\/v2\/types\/post"}],"author":[{"embeddable":true,"href":"https:\/\/catolicanet.net\/wp-cnet\/wp-json\/wp\/v2\/users\/1"}],"replies":[{"embeddable":true,"href":"https:\/\/catolicanet.net\/wp-cnet\/wp-json\/wp\/v2\/comments?post=56501"}],"version-history":[{"count":1,"href":"https:\/\/catolicanet.net\/wp-cnet\/wp-json\/wp\/v2\/posts\/56501\/revisions"}],"predecessor-version":[{"id":56503,"href":"https:\/\/catolicanet.net\/wp-cnet\/wp-json\/wp\/v2\/posts\/56501\/revisions\/56503"}],"wp:featuredmedia":[{"embeddable":true,"href":"https:\/\/catolicanet.net\/wp-cnet\/wp-json\/wp\/v2\/media\/56502"}],"wp:attachment":[{"href":"https:\/\/catolicanet.net\/wp-cnet\/wp-json\/wp\/v2\/media?parent=56501"}],"wp:term":[{"taxonomy":"category","embeddable":true,"href":"https:\/\/catolicanet.net\/wp-cnet\/wp-json\/wp\/v2\/categories?post=56501"},{"taxonomy":"post_tag","embeddable":true,"href":"https:\/\/catolicanet.net\/wp-cnet\/wp-json\/wp\/v2\/tags?post=56501"}],"curies":[{"name":"wp","href":"https:\/\/api.w.org\/{rel}","templated":true}]}}