{"id":56420,"date":"2020-01-26T08:12:29","date_gmt":"2020-01-26T11:12:29","guid":{"rendered":"https:\/\/catolicanet.net\/wp-cnet\/?p=56420"},"modified":"2020-01-27T08:14:15","modified_gmt":"2020-01-27T11:14:15","slug":"a-revelacao-de-deus","status":"publish","type":"post","link":"https:\/\/catolicanet.net\/wp-cnet\/a-revelacao-de-deus\/","title":{"rendered":"A revela\u00e7\u00e3o de Deus"},"content":{"rendered":"<p style=\"text-align: justify;\">Pensemos, como S\u00e3o Paulo, no ocaso da vida a penetrar na escurid\u00e3o da noite, sem jamais se afastar da aurora, indicador e an\u00fancio do dia, dia este que nos ajuda a imaginar a vida envolvida em mist\u00e9rios, pedindo-nos disposi\u00e7\u00e3o para acolher, num abra\u00e7o esperan\u00e7oso, os passos de Nosso Senhor Jesus Cristo, encontrando-O no \u00e1pice da crucifix\u00e3o, morte e ressurrei\u00e7\u00e3o. Os ap\u00f3stolos foram verdadeiros continuadores da miss\u00e3o iniciada por Jesus Cristo, confiando-lhes essa miss\u00e3o, e iam de comunidade em comunidade, querendo, na fidelidade, sensibilizar o cora\u00e7\u00e3o das pessoas, no sentido de viverem virtuosamente a ascese crist\u00e3, ou mesmo os ideais apost\u00f3licos.<\/p>\n<p style=\"text-align: justify;\">Com um olhar de f\u00e9 e confian\u00e7a em Jesus de Nazar\u00e9, o ap\u00f3stolo Paulo t\u00e3o bem anunciou o Evangelho, e revelou-o \u00e0s pessoas sedentas e desejosas de mudan\u00e7a de vida, ao mesmo tempo voltadas \u00e0 Justi\u00e7a divina, que significa paz em abund\u00e2ncia. Semelhante sinal nos faz compreender o an\u00fancio do Reino, que se tornou vis\u00edvel pelo nosso modo de pensar, de agir e de ver o mundo, mas segundo a vontade do nosso bom Deus, que quer supera\u00e7\u00e3o de todas as for\u00e7as contr\u00e1rias ao poder do mal, como na convic\u00e7\u00e3o do ap\u00f3stolo: \u201cPela gra\u00e7a de Deus, sou o que sou, e a gra\u00e7a que Ele me deu n\u00e3o tem sido in\u00fatil\u201d (cf. 1 Cor 15, 10).<\/p>\n<p style=\"text-align: justify;\">Neste dia 25 de janeiro, voltemo-nos para o ap\u00f3stolo Paulo, pelo fato de ele ser chamado \u00e0 convers\u00e3o, e por o luminoso mist\u00e9rio ter sido ao meio-dia. Gosto muito de recordar Dom Helder C\u00e2mara, ao externar, numa met\u00e1fora terna e m\u00edstica, como S\u00e3o Paulo, a partir de sua vida coberta de mist\u00e9rios, numa n\u00edtida vis\u00e3o do Sol da Justi\u00e7a: \u201cH\u00e1 pessoas que, independentemente de idade, pelo que s\u00e3o, pelo que dizem e pelo que fazem, s\u00e3o sempre meio-dia\u201d. Nesse sentido, pode-se adaptar tal pensamento ao Ap\u00f3stolo dos Gentios, seja no an\u00fancio do Evangelho e nos carismas, seja na miss\u00e3o e nas viagens, identificado com o pacifismo de Dom Helder, em sua disposi\u00e7\u00e3o, sabedoria e esfor\u00e7o de imit\u00e1-lo.<\/p>\n<p style=\"text-align: justify;\">Viver a vida, como na convers\u00e3o de S\u00e3o Paulo, \u00e9 reconhec\u00ea-la como um dom maravilhoso. Temos consci\u00eancia de que n\u00e3o \u00e9 f\u00e1cil correspond\u00ea-la, mesmo tendo, com grande nitidez, seu \u201csim\u201d corajoso e prof\u00e9tico, a partir do momento luminoso de sua convers\u00e3o, acima citado. Nele a luz verdadeira brilhou; aquela, que desceu do c\u00e9u e se encarnou no meio do povo de Deus, conforme a profecia que se realiza, de uma vez por todas, no povo que vivia nas trevas, mas que, categoricamente, recebeu esse mesmo convite: \u201cConvertei-vos, porque o reino dos c\u00e9us est\u00e1 pr\u00f3ximo\u201d (cf. Mt 4, 12-17). Assim seja!<\/p>\n","protected":false},"excerpt":{"rendered":"<p>Pensemos, como S\u00e3o Paulo, no ocaso da vida a penetrar na escurid\u00e3o da noite, sem jamais se afastar da aurora, indicador e an\u00fancio do dia, dia este que nos ajuda a imaginar a vida envolvida em mist\u00e9rios, pedindo-nos disposi\u00e7\u00e3o para acolher, num abra\u00e7o esperan\u00e7oso, os passos de Nosso Senhor Jesus Cristo, encontrando-O no \u00e1pice da [&hellip;]<\/p>\n","protected":false},"author":6,"featured_media":55824,"comment_status":"open","ping_status":"closed","sticky":false,"template":"","format":"standard","meta":{"footnotes":""},"categories":[9],"tags":[],"class_list":["post-56420","post","type-post","status-publish","format-standard","has-post-thumbnail","hentry","category-artigos"],"_links":{"self":[{"href":"https:\/\/catolicanet.net\/wp-cnet\/wp-json\/wp\/v2\/posts\/56420","targetHints":{"allow":["GET"]}}],"collection":[{"href":"https:\/\/catolicanet.net\/wp-cnet\/wp-json\/wp\/v2\/posts"}],"about":[{"href":"https:\/\/catolicanet.net\/wp-cnet\/wp-json\/wp\/v2\/types\/post"}],"author":[{"embeddable":true,"href":"https:\/\/catolicanet.net\/wp-cnet\/wp-json\/wp\/v2\/users\/6"}],"replies":[{"embeddable":true,"href":"https:\/\/catolicanet.net\/wp-cnet\/wp-json\/wp\/v2\/comments?post=56420"}],"version-history":[{"count":1,"href":"https:\/\/catolicanet.net\/wp-cnet\/wp-json\/wp\/v2\/posts\/56420\/revisions"}],"predecessor-version":[{"id":56421,"href":"https:\/\/catolicanet.net\/wp-cnet\/wp-json\/wp\/v2\/posts\/56420\/revisions\/56421"}],"wp:featuredmedia":[{"embeddable":true,"href":"https:\/\/catolicanet.net\/wp-cnet\/wp-json\/wp\/v2\/media\/55824"}],"wp:attachment":[{"href":"https:\/\/catolicanet.net\/wp-cnet\/wp-json\/wp\/v2\/media?parent=56420"}],"wp:term":[{"taxonomy":"category","embeddable":true,"href":"https:\/\/catolicanet.net\/wp-cnet\/wp-json\/wp\/v2\/categories?post=56420"},{"taxonomy":"post_tag","embeddable":true,"href":"https:\/\/catolicanet.net\/wp-cnet\/wp-json\/wp\/v2\/tags?post=56420"}],"curies":[{"name":"wp","href":"https:\/\/api.w.org\/{rel}","templated":true}]}}