{"id":56401,"date":"2020-01-24T08:52:47","date_gmt":"2020-01-24T11:52:47","guid":{"rendered":"https:\/\/catolicanet.net\/wp-cnet\/?p=56401"},"modified":"2020-01-24T08:52:47","modified_gmt":"2020-01-24T11:52:47","slug":"o-abecedario-para-uma-boa-oracao","status":"publish","type":"post","link":"https:\/\/catolicanet.net\/wp-cnet\/o-abecedario-para-uma-boa-oracao\/","title":{"rendered":"O abeced\u00e1rio para uma boa ora\u00e7\u00e3o"},"content":{"rendered":"<div class=\"io-div\" data-io-article-url=\"https:\/\/pt.aleteia.org\/cp1\/2020\/01\/23\/o-abecedario-para-uma-boa-oracao\/\">\n<h2 class=\"subtitle\" style=\"text-align: justify;\">De A a V, descubra as palavras que revelam algumas facetas desse mist\u00e9rio que \u00e9 a ora\u00e7\u00e3o<\/h2>\n<div class=\"base-post-content\">\n<p class=\"p4\" style=\"text-align: justify;\"><span class=\"s1\">O que \u00e9 a ora\u00e7\u00e3o? \u00c9 uma op\u00e7\u00e3o apenas para quando temos tempo? \u00c9 uma ora\u00e7\u00e3o praticada ao quotidiano? S\u00e3o os salmos que lemos ou os pensamentos em Deus durante o nosso dia? Aqui est\u00e1 uma cartilha de ora\u00e7\u00e3o que o ajudar\u00e1 a responder a todas essas perguntas.<\/span><\/p>\n<p class=\"p4\" style=\"text-align: justify;\"><span class=\"s1\"><b>ABBA <\/b><\/span><\/p>\n<p class=\"p4\" style=\"text-align: justify;\"><span class=\"s1\">Qual \u00e9 a originalidade da ora\u00e7\u00e3o crist\u00e3? \u00c9 para ser a ora\u00e7\u00e3o do pr\u00f3prio Cristo. De fato, foi quando viu Jesus em ora\u00e7\u00e3o que um dia um disc\u00edpulo lhe perguntou: \u201cSenhor, ensina-nos a orar\u201d (Lc 11: 1). Jesus n\u00e3o nos deu uma ora\u00e7\u00e3o apenas para ser recitada. Ele coloca em nossos l\u00e1bios, e o Esp\u00edrito Santo coloca em nossos cora\u00e7\u00f5es, sua pr\u00f3pria ora\u00e7\u00e3o: sua confian\u00e7a perdida, sua adora\u00e7\u00e3o amorosa, sua s\u00faplica ardente, seu louvor incessante. Em uma palavra, um grito caracter\u00edstico: \u201cAbba\u201d (Pai).<\/span><\/p>\n<p class=\"p4\" style=\"text-align: justify;\"><span class=\"s1\"><b>ADORA\u00c7\u00c3O<\/b><\/span><\/p>\n<p class=\"p4\" style=\"text-align: justify;\"><span class=\"s1\">Em latim, a adoratio evoca o envio de um beijo, que o Santo Padre n\u00e3o hesitou em entender como um gesto de comunh\u00e3o, boca a boca. Em grego, por outro lado, proskyn\u00e9sis evoca prostra\u00e7\u00e3o: o homem que se reconhece pequeno diante do infinito.<\/span><\/p>\n<p class=\"p4\" style=\"text-align: justify;\"><span class=\"s1\"><b>AMOR<\/b><\/span><\/p>\n<div class=\"nativo-inread\" style=\"text-align: justify;\"><\/div>\n<p class=\"p4\" style=\"text-align: justify;\"><span class=\"s1\">\u201cNa ora\u00e7\u00e3o, o que importa n\u00e3o \u00e9 pensar muito, mas amar muito\u201d, disse Santa Teresa de \u00c1vila. E o Beato Charles de Foucauld: \u201cQuando amamos, queremos conversar constantemente sobre o ser que amamos, ou, pelo menos, observ\u00e1-lo constantemente: a ora\u00e7\u00e3o n\u00e3o \u00e9 outra coisa.\u201d<\/span><\/p>\n<p class=\"p4\" style=\"text-align: justify;\"><span class=\"s1\"><b>ABEN\u00c7OAR<\/b><\/span><\/p>\n<p class=\"p4\" style=\"text-align: justify;\"><span class=\"s1\">Na B\u00edblia, esse verbo que literalmente quer dizer \u201cfalar coisas boas\u201d \u2013 cont\u00e9m uma variedade de usos, desde a conversa trocada ao longo do caminho at\u00e9 a express\u00e3o dos mais elevados dons de Deus. Em primeiro lugar, quem aben\u00e7oa \u00e9 Deus, \u00e9 uma b\u00ean\u00e7\u00e3o que faz a vida surgir. E se aben\u00e7oamos algu\u00e9m, \u00e9 em nome de Deus, pois apenas ele \u00e9 capaz de aben\u00e7oar. As muitas b\u00ean\u00e7\u00e3os em uso na vida crist\u00e3 sempre lembram \u2013 em menor grau \u2013 a b\u00ean\u00e7\u00e3o fundamental da Eucaristia.<\/span><\/p>\n<p class=\"p4\" style=\"text-align: justify;\"><span class=\"s1\"><b>CORPO<\/b><\/span><\/p>\n<p class=\"p4\" style=\"text-align: justify;\"><span class=\"s1\">O corpo \u00e9 fundamental no ato de orar. \u201cSeu corpo \u00e9 um santu\u00e1rio do Esp\u00edrito Santo\u201d (Cor 6:19), ele foi criado para a doa\u00e7\u00e3o. A postura corporal ajuda a internalizar as ora\u00e7\u00f5es mais simples e express\u00e1-las na liturgia s\u00f3bria ou grandiosa, na ora\u00e7\u00e3o silenciosa ou nas ora\u00e7\u00f5es aprendidas de cor. Cada religi\u00e3o tem a sua forma comum de rezar, mesmo que as representa\u00e7\u00f5es do divino divirjam: em p\u00e9, sentado, prostrado, m\u00e3os unidas que adoram ou m\u00e3os levantadas que imploram.<\/span><\/p>\n<p class=\"p4\" style=\"text-align: justify;\"><span class=\"s1\"><b>ENCONTROS<\/b><\/span><\/p>\n<p class=\"p4\" style=\"text-align: justify;\"><span class=\"s1\">Estamos amando nossos filhos, nossa esposa, nosso amigo que est\u00e1 no hospital, nossos pais idosos? \u00c9 suficiente \u201cpensar neles, \u00e0s vezes, durante o dia\u201d? Certamente isso os faz felizes, mas nunca substituir\u00e1 os poucos momentos que dedicamos inteiramente a eles. Voc\u00ea precisa ir visita-los. Caso contr\u00e1rio, nossos bons pensamentos se tornam em apenas \u00e1libis ruins. E se desejamos encontra-los \u00e9 preciso dar um primeiro passo, fazer uma liga\u00e7\u00e3o, reservar um tempo na nossa agenda. E \u00e9 preciso fazer o mesmo com Deus, reservar pelo menos 15 minutos por dia para conversar com ele.<\/span><\/p>\n<p class=\"p4\" style=\"text-align: justify;\"><span class=\"s1\"><b>ESTAR JUNTO<\/b><\/span><\/p>\n<p class=\"p4\" style=\"text-align: justify;\"><span class=\"s1\">Orar n\u00e3o \u00e9 uma meta, mas um meio. O objetivo \u00e9 a vida com Cristo: \u201cQue eu nunca me separe de Ti\u201d. Ser capaz de dizer com o ap\u00f3stolo Paulo: \u201cPara mim, a vida \u00e9 Cristo\u201d. Mas aqui est\u00e1: para estar com o Senhor o tempo todo, precisamos, de tempos em tempos, ser somente dele, deixar tudo por Ele, para que Ele se torne o cora\u00e7\u00e3o de tudo.<\/span><\/p>\n<p class=\"p4\" style=\"text-align: justify;\"><span class=\"s1\"><b>ESVAZIAR-SE<\/b><\/span><\/p>\n<p class=\"p4\" style=\"text-align: justify;\"><span class=\"s1\">O crist\u00e3o, quando reza, n\u00e3o est\u00e1 tentando se esvaziar, mas se preencher. Ele se impregna da Palavra de Deus, e s\u00e3o essas \u201cdeclara\u00e7\u00f5es de amor\u201d de seu Senhor que substituem as lembran\u00e7as e preocupa\u00e7\u00f5es de sua vida cotidiana. Existe, portanto, um abismo entre as t\u00e9cnicas de vazio mental ensinadas aqui e ali e o caminho real da ora\u00e7\u00e3o crist\u00e3, onde o sil\u00eancio n\u00e3o \u00e9 um pr\u00e9-requisito, mas a consequ\u00eancia l\u00f3gica de uma escuta pac\u00edfica da Palavra de Deus.<\/span><\/p>\n<p class=\"p4\" style=\"text-align: justify;\"><span class=\"s1\"><b>SER<\/b><\/span><\/p>\n<p class=\"p4\" style=\"text-align: justify;\"><span class=\"s1\">N\u00f3s utilizamos muito o verbo \u201cfazer\u201d em rela\u00e7\u00e3o \u00e0 ora\u00e7\u00e3o, contudo, o verbo mais importante \u00e9 o verbo ser. Estar l\u00e1, com Ele, Nele, para Ele. \u00c9 esse o segredo da ora\u00e7\u00e3o: n\u00e3o fazer sua ora\u00e7\u00e3o, mas \u201cestar\u201d em ora\u00e7\u00e3o.<\/span><\/p>\n<p class=\"p4\" style=\"text-align: justify;\"><span class=\"s1\"><b>JACULAT\u00d3RIAS<\/b><\/span><\/p>\n<p class=\"p4\" style=\"text-align: justify;\"><span class=\"s1\">S\u00e3o pequenas ora\u00e7\u00f5es vocais que s\u00e3o lan\u00e7adas a Deus como flechas durante o seu dia e que s\u00e3o chamadas de ora\u00e7\u00f5es jaculat\u00f3rias: palavras de ang\u00fastia ou alegria, confiss\u00e3o de sua mis\u00e9ria ou declara\u00e7\u00e3o de amor. Existem muitos vers\u00edculos de Salmos que podem ser usados para isso: \u201cSenhor, ajude-me!\u201d, \u201c\u00d3 Senhor, nosso Deus, qu\u00e3o grande \u00e9 o seu nome em todo o universo!\u201d, \u201cMinha alma tem sede do Deus vivo!\u201d, dentre outros.<\/span><\/p>\n<p class=\"p4\" style=\"text-align: justify;\"><span class=\"s1\"><b>JESUS <\/b><\/span><\/p>\n<p class=\"p4\" style=\"text-align: justify;\"><span class=\"s1\">\u201cSemeie em n\u00f3s palavras que falem a Ti\u201d rezou Patrice de La Tour du Pin. O nome de Jesus \u00e9 a ora\u00e7\u00e3o mais simples e f\u00e1cil, acess\u00edvel a todos, especialmente aos pobres e aos que sofrem. Saint-Simon, o Novo Te\u00f3logo, explica: \u201cA repeti\u00e7\u00e3o incans\u00e1vel do nome do amado de todo o cora\u00e7\u00e3o, com todos os a nossa ternura, certamente nos leva a receber o beijo do amor. \u201c<\/span><\/p>\n<p class=\"p4\" style=\"text-align: justify;\"><span class=\"s1\"><b>LITURGIA<\/b><\/span><\/p>\n<p class=\"p4\" style=\"text-align: justify;\"><span class=\"s1\">A liturgia \u00e9 um \u201cfazer\u201d que ajuda a \u201cser\u201d ora\u00e7\u00e3o. Por meio de seus ritos, palavras, gestos, can\u00e7\u00f5es, m\u00fasica, a liturgia ensina a orar enquanto oferece uma experi\u00eancia: o encontro do Ressuscitado que conduz ao Pai, e que nos doa o Esp\u00edrito.<\/span><\/p>\n<p class=\"p4\" style=\"text-align: justify;\"><span class=\"s1\"><b>LOUVOR<\/b><\/span><\/p>\n<p class=\"p4\" style=\"text-align: justify;\"><span class=\"s1\">\u00c9 uma quest\u00e3o de louvar ao Senhor, de agradec\u00ea-lo com nossas pr\u00f3prias palavras vindas dos nossos cora\u00e7\u00f5es e de nossa vida cotidiana. Louve a Deus pelo que Ele \u00e9, pelo que Ele faz por n\u00f3s. Louvar ao Senhor \u00e9 aplaudi-lo, agradec\u00ea-lo por ser Deus e por nos encher de felicidade. Devemos ter em mente uma conquista de Deus quando O louvamos, olhamos em nossa vida e em nossa experi\u00eancia por coisas pelas quais podemos louvar ao Senhor.<\/span><\/p>\n<p class=\"p4\" style=\"text-align: justify;\"><span class=\"s1\"><b>MISSA<\/b><\/span><\/p>\n<p class=\"p4\" style=\"text-align: justify;\"><span class=\"s1\">A maior ora\u00e7\u00e3o da Igreja \u00e9 a missa. \u00c9 o banquete no qual Deus convida seus filhos para ench\u00ea-los de gra\u00e7a e receber suas ofertas. \u00c9 a festa do povo de Deus chamado \u00e0 comunh\u00e3o e \u00e0 partilha. \u00c9 o lugar onde culmina a ora\u00e7\u00e3o de Jesus que da a sua vida para salvar a humanidade. Nossa livre resposta ao dom de Deus em Jesus, feito na Igreja, \u00e9 a melhor a\u00e7\u00e3o de gra\u00e7as, a mais bela can\u00e7\u00e3o de louvor, a mais sublime ora\u00e7\u00e3o.<\/span><\/p>\n<p class=\"p4\" style=\"text-align: justify;\"><span class=\"s1\"><b>OCASI\u00d5ES<\/b><\/span><\/p>\n<p class=\"p4\" style=\"text-align: justify;\"><span class=\"s1\">Durante nossos dias, aproveitemos todas as oportunidades que a vida nos oferece para nos preencher do seu amor e entrar em comunh\u00e3o com Deus.<\/span><\/p>\n<p class=\"p4\" style=\"text-align: justify;\"><span class=\"s1\"><b>ORA\u00c7\u00c3O<\/b><\/span><\/p>\n<p class=\"p4\" style=\"text-align: justify;\"><span class=\"s1\">A ora\u00e7\u00e3o pessoal e silenciosa, que consiste em parar para pensar em Deus, em falar com ele e ama-lo, \u201ccomo um amigo que fala com um outro amigo e que deve ficar em sil\u00eancio para ouvi-lo\u201d (Santo In\u00e1cio de Loyola). A m\u00edstica Martha Robin sustentava: \u201c\u00c9 imposs\u00edvel encontrar uma alma que ora todos os dias e que permanece em pecado\u201d.<\/span><\/p>\n<p class=\"p4\" style=\"text-align: justify;\"><span class=\"s1\"><b>PERD\u00c3O<\/b><\/span><\/p>\n<p class=\"p4\" style=\"text-align: justify;\"><span class=\"s1\">Qu\u00e3o longe estamos de Deus, quando Ele est\u00e1 t\u00e3o perto! Afirmamos sua presen\u00e7a, sua fidelidade, sua proximidade e estamos certos, mas devemos ao mesmo tempo reconhecer a dist\u00e2ncia que nos separa dEle. A diferen\u00e7a \u00e9 infinita e, al\u00e9m disso, \u00e9 dupla. Primeiro, h\u00e1 uma dist\u00e2ncia ontol\u00f3gica de nossa condi\u00e7\u00e3o de criatura. E al\u00e9m disso, o nosso pecado. N\u00e3o podemos entrar na presen\u00e7a de Deus sem pedir perd\u00e3o.<\/span><\/p>\n<p class=\"p4\" style=\"text-align: justify;\"><span class=\"s1\"><b>SALMOS<\/b><\/span><\/p>\n<p class=\"p4\" style=\"text-align: justify;\"><span class=\"s1\">Para aqueles que acham dif\u00edcil rezar, por que n\u00e3o se deixar levar pela ora\u00e7\u00e3o dos Salmos? Ora\u00e7\u00f5es de muitos que, h\u00e1 mil\u00eanios, cantam e recitam esses \u201cgritos do homem\u201d, e atrav\u00e9s deles voltam ao Todo Poderoso suplica\u00e7\u00f5es, louvor, admira\u00e7\u00e3o, exalta\u00e7\u00e3o, l\u00e1grimas de afli\u00e7\u00e3o, b\u00ean\u00e7\u00e3o, a\u00e7\u00e3o de gra\u00e7as. Todos os estados da alma est\u00e3o expressos nesses 150 poemas seculares que eram a pr\u00f3pria ora\u00e7\u00e3o de Cristo.<\/span><\/p>\n<p class=\"p4\" style=\"text-align: justify;\"><span class=\"s1\"><b>SANTO SACRAMENTO<\/b><\/span><\/p>\n<p class=\"p4\" style=\"text-align: justify;\"><span class=\"s1\">S\u00e3o Jo\u00e3o Paulo II passou mais de dez vezes por dia a curvar-se ao tabern\u00e1culo de sua capela particular para cumprimentar o rei dos reis escondido sob a mais humilde apar\u00eancia do p\u00e3o eucar\u00edstico. \u201cN\u00e3o h\u00e1 risco de exagero na aten\u00e7\u00e3o que dedicamos a esse mist\u00e9rio\u201d, disse ele, \u201cporque neste sacramento se resume todo o mist\u00e9rio de nossa salva\u00e7\u00e3o. \u201c<\/span><\/p>\n<p class=\"p4\" style=\"text-align: justify;\"><span class=\"s1\"><b>SEDE<\/b><\/span><\/p>\n<p class=\"p4\" style=\"text-align: justify;\"><span class=\"s1\">Jesus tem sede, seu pedido vem das profundezas de Deus que nos deseja. A ora\u00e7\u00e3o, quer saibamos ou n\u00e3o, \u00e9 o encontro entre a sede de Deus e a nossa. Deus deseja que tenhamos sede Dele.<\/span><\/p>\n<p class=\"p4\" style=\"text-align: justify;\"><span class=\"s1\"><b>VALOR<\/b><\/span><\/p>\n<p class=\"p4\" style=\"text-align: justify;\"><span class=\"s1\">O valor de nossa ora\u00e7\u00e3o n\u00e3o \u00e9 medido pelo n\u00famero de grandes ideias ou sensa\u00e7\u00f5es maravilhosas que encontraremos l\u00e1, mas pelo fato de que, neste lugar do mundo em que estamos, neste momento de nossa vida onde nos encontramos, ousamos nos expor ao encontro com Deus. Um encontro de ser para ser. A B\u00edblia diz \u201cface a face\u201d. Escritores espirituais dizem \u201ccora\u00e7\u00e3o a cora\u00e7\u00e3o\u201d. O importante? Que Ele possa nos encontrar. Ent\u00e3o teremos alguma chance de encontr\u00e1-lo tamb\u00e9m.<\/span><\/p>\n<p class=\"p4\" style=\"text-align: justify;\"><span class=\"s1\"><b>VIDA<\/b><\/span><\/p>\n<p class=\"p4\" style=\"text-align: justify;\"><span class=\"s1\">Nunca ser\u00e1 demais repetir que podemos rezar com a vida, atrav\u00e9s de nossos encontros fraternos, das informa\u00e7\u00f5es, \u00e9 excelente! E precisamos tamb\u00e9m treinar jovens nessa pr\u00e1tica. Mas \u00e9 essencial ensin\u00e1-los tamb\u00e9m a orar de outra maneira, \u201cda B\u00edblia\u201d, da Palavra de Deus. Caso contr\u00e1rio, \u00e9 sempre o homem que fala durante a ora\u00e7\u00e3o, e Deus n\u00e3o pode colocar uma palavra!<\/span><\/p>\n<p class=\"p5\" style=\"text-align: justify;\"><em><span class=\"s1\">P\u00e8re Alain Bandelier, Jean Plya, P\u00e8re Pierre Descouvemont et Jacques Gauthier<\/span><\/em><\/p>\n<\/div>\n<\/div>\n","protected":false},"excerpt":{"rendered":"<p>De A a V, descubra as palavras que revelam algumas facetas desse mist\u00e9rio que \u00e9 a ora\u00e7\u00e3o O que \u00e9 a ora\u00e7\u00e3o? \u00c9 uma op\u00e7\u00e3o apenas para quando temos tempo? \u00c9 uma ora\u00e7\u00e3o praticada ao quotidiano? S\u00e3o os salmos que lemos ou os pensamentos em Deus durante o nosso dia? Aqui est\u00e1 uma cartilha de [&hellip;]<\/p>\n","protected":false},"author":1,"featured_media":56402,"comment_status":"open","ping_status":"closed","sticky":false,"template":"","format":"standard","meta":{"footnotes":""},"categories":[4],"tags":[],"class_list":["post-56401","post","type-post","status-publish","format-standard","has-post-thumbnail","hentry","category-cotidiano"],"_links":{"self":[{"href":"https:\/\/catolicanet.net\/wp-cnet\/wp-json\/wp\/v2\/posts\/56401","targetHints":{"allow":["GET"]}}],"collection":[{"href":"https:\/\/catolicanet.net\/wp-cnet\/wp-json\/wp\/v2\/posts"}],"about":[{"href":"https:\/\/catolicanet.net\/wp-cnet\/wp-json\/wp\/v2\/types\/post"}],"author":[{"embeddable":true,"href":"https:\/\/catolicanet.net\/wp-cnet\/wp-json\/wp\/v2\/users\/1"}],"replies":[{"embeddable":true,"href":"https:\/\/catolicanet.net\/wp-cnet\/wp-json\/wp\/v2\/comments?post=56401"}],"version-history":[{"count":1,"href":"https:\/\/catolicanet.net\/wp-cnet\/wp-json\/wp\/v2\/posts\/56401\/revisions"}],"predecessor-version":[{"id":56403,"href":"https:\/\/catolicanet.net\/wp-cnet\/wp-json\/wp\/v2\/posts\/56401\/revisions\/56403"}],"wp:featuredmedia":[{"embeddable":true,"href":"https:\/\/catolicanet.net\/wp-cnet\/wp-json\/wp\/v2\/media\/56402"}],"wp:attachment":[{"href":"https:\/\/catolicanet.net\/wp-cnet\/wp-json\/wp\/v2\/media?parent=56401"}],"wp:term":[{"taxonomy":"category","embeddable":true,"href":"https:\/\/catolicanet.net\/wp-cnet\/wp-json\/wp\/v2\/categories?post=56401"},{"taxonomy":"post_tag","embeddable":true,"href":"https:\/\/catolicanet.net\/wp-cnet\/wp-json\/wp\/v2\/tags?post=56401"}],"curies":[{"name":"wp","href":"https:\/\/api.w.org\/{rel}","templated":true}]}}