{"id":5640,"date":"2015-03-12T03:00:00","date_gmt":"2015-03-12T06:00:00","guid":{"rendered":"http:\/\/catolicanet.net\/wp-cnet\/quaresma-tempo-de-aprender-o-desprendimento\/"},"modified":"2017-04-07T14:48:35","modified_gmt":"2017-04-07T17:48:35","slug":"quaresma-tempo-de-aprender-o-desprendimento","status":"publish","type":"post","link":"https:\/\/catolicanet.net\/wp-cnet\/quaresma-tempo-de-aprender-o-desprendimento\/","title":{"rendered":"Quaresma: Tempo de aprender o Desprendimento"},"content":{"rendered":"<p style=\"text-align: justify;\">Na ora\u00e7\u00e3o para o Terceiro Domingo da Quaresma pedimos: \u201c\u00d3 Deus, fonte de toda miseric\u00f3rdia e de toda bondade, v\u00f3s nos indicastes o jejum, a esmola e a ora\u00e7\u00e3o como rem\u00e9dios contra o pecado&#8230;\u201d Neste tempo da Quaresma, a Igreja nos faz repetidas chamadas para que nos desprendamos das coisas da Terra, e assim cumulemos o nosso cora\u00e7\u00e3o de Deus. Em Jr 17,7-8, nos diz: \u201cBendito o homem que deposita a sua confian\u00e7a no Senhor e p\u00f5e n\u00b4Ele a sua esperan\u00e7a. Assemelha-se \u00e0 \u00e1rvore plantada perto da \u00e1gua, que estende as suas ra\u00edzes para o arroio. Quando chegar o estio, n\u00e3o o temer\u00e1, e a sua folhagem continuar\u00e1 verdejante. N\u00e3o a inquieta o ano de seca; continua a produzir frutos\u201d. O Senhor cuida da alma que colocou n\u00b4Ele o seu cora\u00e7\u00e3o.<br \/> O Senhor deseja que nos ocupemos das coisas da Terra e as amemos corretamente: \u201cEnchei a terra e submetei-a\u201d (Jr 17, 6). Mas uma pessoa que ama \u201cdesordenadamente\u201d as coisas da Terra n\u00e3o deixa lugar na sua alma para o amor a Deus. S\u00e3o incompat\u00edveis o \u201capego\u201d aos bens e o amor ao Senhor: \u201cN\u00e3o podeis servir a Deus e \u00e0s riquezas\u201d (Mt 6,24). As coisas podem converter-se numa amarra que nos impe\u00e7a de chegar a Cristo. E se n\u00e3o o alcan\u00e7armos, para que serve a nossa vida?<br \/> Para chegar a Deus, Cristo \u00e9 o caminho. Mas Cristo est\u00e1 na cruz, e, para subir \u00e0 cruz, \u00e9 preciso ter o cora\u00e7\u00e3o livre, desprendido das coisas da Terra. Ele nos deu o exemplo: passou pelos bens desta terra com perfeito senhorio e com mais plena liberdade. \u201cSendo rico, fez-se pobre por n\u00f3s\u201d (2 Cor 8,9). Para segui-Lo, estabeleceu-nos uma condi\u00e7\u00e3o indispens\u00e1vel: \u201cQualquer um de v\u00f3s que n\u00e3o renuncie a tudo o que possui n\u00e3o pode ser meu disc\u00edpulo\u201d (Lc 14, 33). Este n\u00e3o renunciar aos bens encheu de tristeza o jovem rico, que tinha posses e estava muito apegado a elas. Quanto n\u00e3o perdeu nesse dia este homem jovem que tinha meia d\u00fazia de coisas que em breve lhe fugiriam das m\u00e3os!<br \/> Os bens materiais s\u00e3o bons, porque s\u00e3o de Deus. S\u00e3o meios que Deus p\u00f4s \u00e0 disposi\u00e7\u00e3o do homem desde a cria\u00e7\u00e3o, para que se desenvolvesse em sociedade com os outros. Somos administradores desses bens por um breve espa\u00e7o de tempo. Tudo nos deve servir para amar a Deus \u2013 Criador e Pai \u2013 e aos outros. Se nos apegamos \u00e0s coisas que temos e n\u00e3o praticamos atos de desprendimento efetivo, se os bens n\u00e3o nos servem para fazer o bem, se nos separam do Senhor, ent\u00e3o n\u00e3o s\u00e3o bens, convertem-se em males.<br \/> Exclui-se do Reino dos c\u00e9us todo aquele que p\u00f5e as riquezas como centro da sua vida; idolatria, \u00e9 como chama S\u00e3o Paulo a avareza. Um \u00eddolo ocupa o lugar que s\u00f3 Deus deve ocupar. Exclui-se de uma verdadeira vida interior, de um relacionamento de amor com o Senhor todo aquele que n\u00e3o quebra as amarras, ainda que finas, que o atam de um modo desordenado \u00e0s coisas, \u00e0s pessoas e a si pr\u00f3prio.<br \/> Com o bom uso que fizemos dos bens materiais \u2013 muitos ou poucos \u2013 que Deus colocou em nossas m\u00e3os, ganharemos a vida eterna. A vida \u00e9 o tempo acolher a gra\u00e7a de Deus e responder generosamente. Se formos generosos e tratarmos os outros como filhos de Deus, seremos felizes aqui na Terra e depois na outra vida. A caridade, nas suas diversas formas, \u00e9 sempre realiza\u00e7\u00e3o do Reino de Deus, bem como a \u00fanica bagagem que nos sobrar\u00e1 deste mundo que passa.<br \/> O nosso desprendimento deve ser efetivo, com resultados bem determinados, que n\u00e3o se conseguem sem sacrif\u00edcios; e tamb\u00e9m natural e discreto, como \u00e9 pr\u00f3prio de crist\u00e3os correntes que devem servir-se de bens materiais no seu trabalho ou nas tarefas apost\u00f3licos. Trata-se de um desprendimento positivo, porque todas as coisas da Terra s\u00e3o ridiculamente pequenas e insuficientes em compara\u00e7\u00e3o com o bem imenso e infinito que pretendemos alcan\u00e7ar; e ainda interno, pois diz respeito aos desejos; atual, porque exige que examinemos com frequ\u00eancia onde pomos o cora\u00e7\u00e3o e tomemos resolu\u00e7\u00f5es concretas que assegurem a liberdade interior; e alegre, porque temos os olhos postos em Cristo, bem incompar\u00e1vel, e porque n\u00e3o \u00e9 uma mera priva\u00e7\u00e3o, mas riqueza espiritual, dom\u00ednio das coisas e plenitude.<br \/> O desprendimento nasce do amor a Cristo e, ao mesmo tempo, possibilita que esse amor cres\u00e7a e viva. Por isso, \u00e9 necess\u00e1rio um firme trabalho de vigil\u00e2ncia e de limpeza interior.<br \/> Este tempo da Quaresma \u00e9 muito oportuno para examinarmos a nossa atitude em face das coisas e em face de n\u00f3s mesmos: tenho coisas desnecess\u00e1rias ou sup\u00e9rfluas? Evito tudo o que para mim significa luxo e mero capricho, ainda que n\u00e3o o sejam outros? Estou apegado \u00e0s coisas ou instrumentos que devo utilizar no meu trabalho? Queixo-me quando n\u00e3o disponho do necess\u00e1rio? Levo uma vida s\u00f3bria, pr\u00f3pria de uma pessoa que quer ser santa? Fa\u00e7o gastos in\u00fateis por precipita\u00e7\u00e3o ou falta de previs\u00e3o? Pratico habitualmente a esmola, generosamente, sem avareza? Contribuo para a manuten\u00e7\u00e3o de alguma obra apost\u00f3lica e para o culto da Igreja com uma ajuda proporcionada aos meus ganhos e despesas?<br \/> Estamos em plena Quaresma e somos chamados a entrar mais plenamente neste tempo prop\u00edcio de penit\u00eancia e de convers\u00e3o para bem celebrar a vit\u00f3ria sobre o pecado e a morte, com a Ressurrei\u00e7\u00e3o do Senhor. <br \/> Que Santa Maria, nossa M\u00e3e, ajude-nos a limpar e ordenar os afetos do nosso cora\u00e7\u00e3o para que s\u00f3 o Seu filho reine nele. Agora e por toda a eternidade. Cora\u00e7\u00e3o dulc\u00edssimo de Maria, guardai o nosso cora\u00e7\u00e3o e preparai-lhe um caminho seguro.<\/p>\n","protected":false},"excerpt":{"rendered":"<p>Na ora\u00e7\u00e3o para o Terceiro Domingo da Quaresma pedimos: \u201c\u00d3 Deus, fonte de toda miseric\u00f3rdia e de toda bondade, v\u00f3s nos indicastes o jejum, a esmola e a ora\u00e7\u00e3o como rem\u00e9dios contra o pecado&#8230;\u201d Neste tempo da Quaresma, a Igreja nos faz repetidas chamadas para que nos desprendamos das coisas da Terra, e assim cumulemos [&hellip;]<\/p>\n","protected":false},"author":5,"featured_media":0,"comment_status":"closed","ping_status":"closed","sticky":false,"template":"","format":"standard","meta":{"footnotes":""},"categories":[9],"tags":[],"class_list":["post-5640","post","type-post","status-publish","format-standard","hentry","category-artigos"],"_links":{"self":[{"href":"https:\/\/catolicanet.net\/wp-cnet\/wp-json\/wp\/v2\/posts\/5640","targetHints":{"allow":["GET"]}}],"collection":[{"href":"https:\/\/catolicanet.net\/wp-cnet\/wp-json\/wp\/v2\/posts"}],"about":[{"href":"https:\/\/catolicanet.net\/wp-cnet\/wp-json\/wp\/v2\/types\/post"}],"author":[{"embeddable":true,"href":"https:\/\/catolicanet.net\/wp-cnet\/wp-json\/wp\/v2\/users\/5"}],"replies":[{"embeddable":true,"href":"https:\/\/catolicanet.net\/wp-cnet\/wp-json\/wp\/v2\/comments?post=5640"}],"version-history":[{"count":1,"href":"https:\/\/catolicanet.net\/wp-cnet\/wp-json\/wp\/v2\/posts\/5640\/revisions"}],"predecessor-version":[{"id":10526,"href":"https:\/\/catolicanet.net\/wp-cnet\/wp-json\/wp\/v2\/posts\/5640\/revisions\/10526"}],"wp:attachment":[{"href":"https:\/\/catolicanet.net\/wp-cnet\/wp-json\/wp\/v2\/media?parent=5640"}],"wp:term":[{"taxonomy":"category","embeddable":true,"href":"https:\/\/catolicanet.net\/wp-cnet\/wp-json\/wp\/v2\/categories?post=5640"},{"taxonomy":"post_tag","embeddable":true,"href":"https:\/\/catolicanet.net\/wp-cnet\/wp-json\/wp\/v2\/tags?post=5640"}],"curies":[{"name":"wp","href":"https:\/\/api.w.org\/{rel}","templated":true}]}}