{"id":56377,"date":"2020-01-24T08:34:26","date_gmt":"2020-01-24T11:34:26","guid":{"rendered":"https:\/\/catolicanet.net\/wp-cnet\/?p=56377"},"modified":"2020-01-24T08:34:26","modified_gmt":"2020-01-24T11:34:26","slug":"fundo-nacional-de-solidariedade-fortalece-assistencia-social-do-educandario-sao-joao-batista-em-itapecerica-mg","status":"publish","type":"post","link":"https:\/\/catolicanet.net\/wp-cnet\/fundo-nacional-de-solidariedade-fortalece-assistencia-social-do-educandario-sao-joao-batista-em-itapecerica-mg\/","title":{"rendered":"Fundo Nacional de Solidariedade fortalece assist\u00eancia social do Educand\u00e1rio S\u00e3o Jo\u00e3o Batista, em Itapecerica (MG)"},"content":{"rendered":"<p style=\"text-align: justify;\">O Educand\u00e1rio S\u00e3o Jo\u00e3o Batista, que atualmente atende 97 educandos, entre crian\u00e7as e jovens em situa\u00e7\u00e3o de vulnerabilidade social do munic\u00edpio de Itapecerica (MG) foi uma das institui\u00e7\u00f5es filantr\u00f3picas atendidas pelo Fundo Nacional de Solidariedade\u00a0(FNS) da Confer\u00eancia Nacional dos Bispos do Brasil (CNBB) em 2019.<\/p>\n<p style=\"text-align: justify;\">Fundado pela Congrega\u00e7\u00e3o de S\u00e3o Jo\u00e3o Batista em 1940 e inaugurado no outubro do mesmo ano, a institui\u00e7\u00e3o \u00e9 o primeiro Educand\u00e1rio da Congrega\u00e7\u00e3o no Brasil, que tem o objetivo de acolher meninas \u00f3rf\u00e3s e pobres em regime de internato, oferecendo-lhes educa\u00e7\u00e3o b\u00e1sica e forma\u00e7\u00e3o em todos os n\u00edveis.\u00a0 <a href=\"https:\/\/www.cnbb.org.br\/?attachment_id=232287\"><img loading=\"lazy\" decoding=\"async\" class=\"wp-image-232287 alignright\" src=\"https:\/\/www.cnbb.org.br\/wp-content\/uploads\/sites\/32\/2020\/01\/61-2019-foto-1-1024x768.jpeg\" srcset=\"https:\/\/www.cnbb.org.br\/wp-content\/uploads\/sites\/32\/2020\/01\/61-2019-foto-1-1024x768.jpeg 1024w, https:\/\/www.cnbb.org.br\/wp-content\/uploads\/sites\/32\/2020\/01\/61-2019-foto-1-300x225.jpeg 300w, https:\/\/www.cnbb.org.br\/wp-content\/uploads\/sites\/32\/2020\/01\/61-2019-foto-1-768x576.jpeg 768w, https:\/\/www.cnbb.org.br\/wp-content\/uploads\/sites\/32\/2020\/01\/61-2019-foto-1.jpeg 1280w\" alt=\"\" width=\"339\" height=\"254\" \/><\/a><\/p>\n<p style=\"text-align: justify;\">Com o projeto \u201cSemeando valores e Cultivando Vidas\u2019\u2019, a institui\u00e7\u00e3o conseguiu que o Fundo Nacional de Solidariedade da CNBB aprovasse recursos, em 2019, para que o Educand\u00e1rio pudesse realizar\u00a0servi\u00e7os de conviv\u00eancia e fortalecimento de v\u00ednculos para crian\u00e7as de 06 a 11 anos e adolescentes e de 12 a 16 anos, no per\u00edodo matutino e vespertino.<\/p>\n<p style=\"text-align: justify;\">A coordenadora do projeto, irm\u00e3 Maria Concei\u00e7\u00e3o Mendes da Fonseca, explica que a institui\u00e7\u00e3o\u00a0atua na cidade h\u00e1 80 anos e busca fazer um trabalho de evangeliza\u00e7\u00e3o, promo\u00e7\u00e3o e educa\u00e7\u00e3o. \u201cA import\u00e2ncia da nossa participa\u00e7\u00e3o na iniciativa apresentada ao Fundo Nacional de Solidariedade se deu pelo nosso trabalho que \u00e9 voltado a pol\u00edticas p\u00fablicas e, principalmente, pela assist\u00eancia social onde desenvolvemos v\u00e1rios trabalhos organizados por oficinas e sempre resgatando a import\u00e2ncia da quest\u00e3o social que muitas das vezes enfrentamos desafios\u201d, apontou.<\/p>\n<p style=\"text-align: justify;\"><strong>Materiais educativos<\/strong> \u2013 Devido \u00e0 aus\u00eancia de recursos financeiros e tendo em vista a necessidade de repor materiais educativos e esportivos para oficinas, o projeto \u201cSemeando\u00a0valores e Cultivando Vidas\u2019\u2019\u00a0buscou\u00a0atender as atividades espec\u00edficas de cada modalidade ofertada nas depend\u00eancias da institui\u00e7\u00e3o, entre elas, a oficina de Educa\u00e7\u00e3o F\u00edsica, a de Jiu-Jitsu, a brinquedoteca e a sala de v\u00eddeo.\u00a0Dessa forma, com os recursos do Fundo, a institui\u00e7\u00e3o p\u00f4de comprar materiais educativos e esportivos para atender as oficinas. <a href=\"https:\/\/www.cnbb.org.br\/?attachment_id=232286\"><img loading=\"lazy\" decoding=\"async\" class=\"wp-image-232286 alignleft\" src=\"https:\/\/www.cnbb.org.br\/wp-content\/uploads\/sites\/32\/2020\/01\/61-2019-8-576x1024.jpeg\" srcset=\"https:\/\/www.cnbb.org.br\/wp-content\/uploads\/sites\/32\/2020\/01\/61-2019-8-576x1024.jpeg 576w, https:\/\/www.cnbb.org.br\/wp-content\/uploads\/sites\/32\/2020\/01\/61-2019-8-169x300.jpeg 169w, https:\/\/www.cnbb.org.br\/wp-content\/uploads\/sites\/32\/2020\/01\/61-2019-8.jpeg 720w\" alt=\"\" width=\"255\" height=\"453\" \/><\/a><\/p>\n<p style=\"text-align: justify;\">Segundo a irm\u00e3 Maria Concei\u00e7\u00e3o, a import\u00e2ncia do Fundo para o projeto foi e continua sendo importante principalmente pela quest\u00e3o financeira, porque a institui\u00e7\u00e3o n\u00e3o recebe verbas necess\u00e1rias, nem mesmo do governo para o seu desenvolvimento como um todo. \u201cVivemos muitas vezes de doa\u00e7\u00f5es de benfeitores, por isso fa\u00e7o quest\u00e3o de refor\u00e7ar que o Fundo de Solidariedade sempre veio no momento certo para nos ajudar a dar continuidade no Reino de Deus\u201d, disse.<\/p>\n<p style=\"text-align: justify;\">No ano em que a Campanha da Fraternidade de 2019 tratou sobre \u201cFraternidade e Pol\u00edticas P\u00fablicas\u201d, o projeto do Educand\u00e1rio ajudou crian\u00e7as e jovens, particularmente os mais necessitados, abandonados em situa\u00e7\u00e3o de risco, a se integrarem na sociedade, na igreja e se tornarem agentes de transforma\u00e7\u00e3o, de justi\u00e7a e paz. \u201cA Campanha da Fraternidade de 2019 nos motivou e continua nos motivando, principalmente a subsidiar Pol\u00edticas P\u00fablicas ausentes em nossa comunidade\u201d, finaliza a coordenadora do projeto, irm\u00e3 Maria Concei\u00e7\u00e3o.<\/p>\n","protected":false},"excerpt":{"rendered":"<p>O Educand\u00e1rio S\u00e3o Jo\u00e3o Batista, que atualmente atende 97 educandos, entre crian\u00e7as e jovens em situa\u00e7\u00e3o de vulnerabilidade social do munic\u00edpio de Itapecerica (MG) foi uma das institui\u00e7\u00f5es filantr\u00f3picas atendidas pelo Fundo Nacional de Solidariedade\u00a0(FNS) da Confer\u00eancia Nacional dos Bispos do Brasil (CNBB) em 2019. Fundado pela Congrega\u00e7\u00e3o de S\u00e3o Jo\u00e3o Batista em 1940 e [&hellip;]<\/p>\n","protected":false},"author":1,"featured_media":56378,"comment_status":"open","ping_status":"closed","sticky":false,"template":"","format":"standard","meta":{"footnotes":""},"categories":[7,13],"tags":[],"class_list":["post-56377","post","type-post","status-publish","format-standard","has-post-thumbnail","hentry","category-cnbb","category-featured"],"_links":{"self":[{"href":"https:\/\/catolicanet.net\/wp-cnet\/wp-json\/wp\/v2\/posts\/56377","targetHints":{"allow":["GET"]}}],"collection":[{"href":"https:\/\/catolicanet.net\/wp-cnet\/wp-json\/wp\/v2\/posts"}],"about":[{"href":"https:\/\/catolicanet.net\/wp-cnet\/wp-json\/wp\/v2\/types\/post"}],"author":[{"embeddable":true,"href":"https:\/\/catolicanet.net\/wp-cnet\/wp-json\/wp\/v2\/users\/1"}],"replies":[{"embeddable":true,"href":"https:\/\/catolicanet.net\/wp-cnet\/wp-json\/wp\/v2\/comments?post=56377"}],"version-history":[{"count":1,"href":"https:\/\/catolicanet.net\/wp-cnet\/wp-json\/wp\/v2\/posts\/56377\/revisions"}],"predecessor-version":[{"id":56379,"href":"https:\/\/catolicanet.net\/wp-cnet\/wp-json\/wp\/v2\/posts\/56377\/revisions\/56379"}],"wp:featuredmedia":[{"embeddable":true,"href":"https:\/\/catolicanet.net\/wp-cnet\/wp-json\/wp\/v2\/media\/56378"}],"wp:attachment":[{"href":"https:\/\/catolicanet.net\/wp-cnet\/wp-json\/wp\/v2\/media?parent=56377"}],"wp:term":[{"taxonomy":"category","embeddable":true,"href":"https:\/\/catolicanet.net\/wp-cnet\/wp-json\/wp\/v2\/categories?post=56377"},{"taxonomy":"post_tag","embeddable":true,"href":"https:\/\/catolicanet.net\/wp-cnet\/wp-json\/wp\/v2\/tags?post=56377"}],"curies":[{"name":"wp","href":"https:\/\/api.w.org\/{rel}","templated":true}]}}