{"id":56361,"date":"2020-01-22T16:41:30","date_gmt":"2020-01-22T19:41:30","guid":{"rendered":"https:\/\/catolicanet.net\/wp-cnet\/?p=56361"},"modified":"2020-01-22T16:41:30","modified_gmt":"2020-01-22T19:41:30","slug":"fundo-nacional-de-solidariedade-contribui-com-prevencao-a-depressao-e-ao-suicidio","status":"publish","type":"post","link":"https:\/\/catolicanet.net\/wp-cnet\/fundo-nacional-de-solidariedade-contribui-com-prevencao-a-depressao-e-ao-suicidio\/","title":{"rendered":"Fundo Nacional de Solidariedade contribui com preven\u00e7\u00e3o \u00e0 depress\u00e3o e ao suic\u00eddio"},"content":{"rendered":"<p style=\"text-align: justify;\">Os recursos do Fundo Nacional de Solidariedade (FNS), arrecadados durante a Campanha da Fraternidade 2019, contribu\u00edram na realiza\u00e7\u00e3o do Projeto de Preven\u00e7\u00e3o \u00e0 depress\u00e3o e \u00e0 idea\u00e7\u00e3o de suic\u00eddio, iniciativa do Instituto Nacional de Sa\u00fade Ps\u00edquica (Inasp). A entidade est\u00e1 configurada como uma Organiza\u00e7\u00e3o da Sociedade Civil de Interesse P\u00fablico (Oscip) e promove acolhimento de pessoas que sofrem com transtornos mentais leves, moderados e graves.<\/p>\n<p style=\"text-align: justify;\">De acordo com o Inasp, o objetivo do projeto \u00e9 a preven\u00e7\u00e3o ao suic\u00eddio. \u201cA OSCIP tem como foco principal pessoas que n\u00e3o podem pagar por esse tipo de tratamento e se encontram em instabilidade emocional e vulnerabilidade social\u201d, informa o instituto.<\/p>\n<p style=\"text-align: justify;\">Em seu trabalho, o Inasp trata das quest\u00f5es emocionais com encontros mensais do grupo \u201cA arte de amar\u201d. Nestes momentos, o indiv\u00edduo \u00e9 levado a re\ufb02etir sobre suas quest\u00f5es emocionais internas e sobre os relacionamentos com as outras pessoas e familiares. A entidade tamb\u00e9m oferece cursos gratuitos como cuidador de idoso e economia dom\u00e9stica, por exemplo.<\/p>\n<blockquote><p><em>\u201cO acolhimento de pessoas que sofrem de doen\u00e7as ps\u00edquicas pela rede de sa\u00fade p\u00fablica do Distrito Federal \u00e9 bem prec\u00e1rio e nunca acontece da forma como deveria por causa de uma s\u00e9rie de fatores. Devido ao alto n\u00famero de suic\u00eddio na nossa cidade e visualizando a precariedade da sa\u00fade mental desde a aten\u00e7\u00e3o prim\u00e1ria \u00e9 que surgiu esse projeto como forma de acolher pessoas que sofrem de depress\u00e3o e pessoas com idea\u00e7\u00e3o de suic\u00eddio e oferecer melhor qualidade de vida e a diminui\u00e7\u00e3o dos autoexterm\u00ednios t\u00e3o frequentes\u201d<\/em>, explicou o Inasp na apresenta\u00e7\u00e3o do projeto ao Conselho Gestor do Fundo Nacional de Solidariedade.<\/p><\/blockquote>\n<p style=\"text-align: justify;\">A realidade tocada pelo projeto est\u00e1 inserida em um contexto no qual o Brasil \u00e9 considerado o pa\u00eds mais ansioso e estressado da Am\u00e9rica Latina, com 9,3% da popula\u00e7\u00e3o afetada. Em rela\u00e7\u00e3o \u00e0 depress\u00e3o, s\u00e3o 5,8% dos brasileiros, de acordo com dados da Organiza\u00e7\u00e3o Mundial da Sa\u00fade. Em 2016, foram contabilizadas 11.433 mortes por suic\u00eddio no Brasil.<\/p>\n<p style=\"text-align: justify;\"><strong>Investimentos em cuidado da vida<\/strong><\/p>\n<div id=\"attachment_232178\" class=\"wp-caption alignleft\" style=\"text-align: justify;\"><img loading=\"lazy\" decoding=\"async\" class=\"size-medium wp-image-232178\" src=\"https:\/\/www.cnbb.org.br\/wp-content\/uploads\/sites\/32\/2020\/01\/Dalzi-280x300.jpg\" srcset=\"https:\/\/www.cnbb.org.br\/wp-content\/uploads\/sites\/32\/2020\/01\/Dalzi-280x300.jpg 280w, https:\/\/www.cnbb.org.br\/wp-content\/uploads\/sites\/32\/2020\/01\/Dalzi.jpg 554w\" alt=\"\" width=\"280\" height=\"300\" aria-describedby=\"caption-attachment-232178\" \/><\/p>\n<p id=\"caption-attachment-232178\" class=\"wp-caption-text\"><em>Dalzi Neres, coordenadora do projeto apoiado pelo FNS<\/em><\/p>\n<\/div>\n<p style=\"text-align: justify;\">\u201cOs recursos t\u00eam nos ajudado muito porque n\u00f3s somos uma institui\u00e7\u00e3o bastante carente, atendemos pessoas muito carentes, principalmente no tratamento de depress\u00e3o, pessoas que tentaram suic\u00eddio. E essa verba nos ajudou muito nas oficinas terap\u00eauticas, nas din\u00e2micas de grupo, musicoterapia e dan\u00e7a s\u00eanior\u201d, conta a psic\u00f3loga Dalzi Neres Moreira, respons\u00e1vel pelo projeto.<\/p>\n<p style=\"text-align: justify;\">Segundo Dalzi, com os recursos foi poss\u00edvel a compra de materiais para os trabalhos manuais terap\u00eauticos, como a fabrica\u00e7\u00e3o de bijuterias, diademas, colares e chaveiros de fuxico; material de maquiagem e para corte de cabelo \u201cpara trabalharem a autoestima\u201d; duas macas, uma massagem terap\u00eautica e outra para a terapia Reike. O Inasp tamb\u00e9m comprou m\u00e1quina de costura para a produ\u00e7\u00e3o de aventais e tapetes; materiais para din\u00e2mica de grupo, como bal\u00f5es, cartolina e pinc\u00e9is; instrumentos musicais para aula de musicoterapia, entre outros recursos que contribuem para auxiliar no tratamento dos pacientes.<\/p>\n<p style=\"text-align: justify;\">\u201cEssa ajuda da CNBB \u00e9 uma ajuda maravilhosa, \u00e9 uma coisa que eu falo que vem de Deus, porque a gente que n\u00e3o tem verba nenhuma precisa muito dessa ajuda aben\u00e7oada\u201d, agradece Dalzi.<\/p>\n<div class=\"wp-caption aligncenter\" style=\"text-align: justify;\"><img loading=\"lazy\" decoding=\"async\" class=\"\" src=\"https:\/\/scontent.frao1-1.fna.fbcdn.net\/v\/t31.0-8\/s960x960\/18238451_638018933063199_2682585177167818855_o.jpg?_nc_cat=106&amp;_nc_ohc=9Q7Hbq4TGw0AX_dY19T&amp;_nc_ht=scontent.frao1-1.fna&amp;_nc_tp=1002&amp;oh=dc3c5e469503c9ea9115dffdb0b0d272&amp;oe=5ED471EF\" alt=\"Instituto oferece oficinas de maquiagem\" width=\"305\" height=\"203\" \/><\/p>\n<p class=\"wp-caption-text\"><em>Instituto oferece oficinas de maquiagem | Foto: reprodu\u00e7\u00e3o\/Facebook<\/em><\/p>\n<\/div>\n<p style=\"text-align: justify;\">A respons\u00e1vel pelo projeto ainda partilha que tiveram v\u00e1rios \u00eaxitos em pacientes, \u201cinclusive alguns s\u00e3o volunt\u00e1rios hoje por gratid\u00e3o por todo o tratamento, o trabalho\u201d.<\/p>\n","protected":false},"excerpt":{"rendered":"<p>Os recursos do Fundo Nacional de Solidariedade (FNS), arrecadados durante a Campanha da Fraternidade 2019, contribu\u00edram na realiza\u00e7\u00e3o do Projeto de Preven\u00e7\u00e3o \u00e0 depress\u00e3o e \u00e0 idea\u00e7\u00e3o de suic\u00eddio, iniciativa do Instituto Nacional de Sa\u00fade Ps\u00edquica (Inasp). A entidade est\u00e1 configurada como uma Organiza\u00e7\u00e3o da Sociedade Civil de Interesse P\u00fablico (Oscip) e promove acolhimento de [&hellip;]<\/p>\n","protected":false},"author":1,"featured_media":56362,"comment_status":"open","ping_status":"closed","sticky":false,"template":"","format":"standard","meta":{"footnotes":""},"categories":[7,13],"tags":[],"class_list":["post-56361","post","type-post","status-publish","format-standard","has-post-thumbnail","hentry","category-cnbb","category-featured"],"_links":{"self":[{"href":"https:\/\/catolicanet.net\/wp-cnet\/wp-json\/wp\/v2\/posts\/56361","targetHints":{"allow":["GET"]}}],"collection":[{"href":"https:\/\/catolicanet.net\/wp-cnet\/wp-json\/wp\/v2\/posts"}],"about":[{"href":"https:\/\/catolicanet.net\/wp-cnet\/wp-json\/wp\/v2\/types\/post"}],"author":[{"embeddable":true,"href":"https:\/\/catolicanet.net\/wp-cnet\/wp-json\/wp\/v2\/users\/1"}],"replies":[{"embeddable":true,"href":"https:\/\/catolicanet.net\/wp-cnet\/wp-json\/wp\/v2\/comments?post=56361"}],"version-history":[{"count":1,"href":"https:\/\/catolicanet.net\/wp-cnet\/wp-json\/wp\/v2\/posts\/56361\/revisions"}],"predecessor-version":[{"id":56363,"href":"https:\/\/catolicanet.net\/wp-cnet\/wp-json\/wp\/v2\/posts\/56361\/revisions\/56363"}],"wp:featuredmedia":[{"embeddable":true,"href":"https:\/\/catolicanet.net\/wp-cnet\/wp-json\/wp\/v2\/media\/56362"}],"wp:attachment":[{"href":"https:\/\/catolicanet.net\/wp-cnet\/wp-json\/wp\/v2\/media?parent=56361"}],"wp:term":[{"taxonomy":"category","embeddable":true,"href":"https:\/\/catolicanet.net\/wp-cnet\/wp-json\/wp\/v2\/categories?post=56361"},{"taxonomy":"post_tag","embeddable":true,"href":"https:\/\/catolicanet.net\/wp-cnet\/wp-json\/wp\/v2\/tags?post=56361"}],"curies":[{"name":"wp","href":"https:\/\/api.w.org\/{rel}","templated":true}]}}