{"id":56355,"date":"2020-01-22T08:35:46","date_gmt":"2020-01-22T11:35:46","guid":{"rendered":"https:\/\/catolicanet.net\/wp-cnet\/?p=56355"},"modified":"2020-01-22T08:35:46","modified_gmt":"2020-01-22T11:35:46","slug":"assembleias-reforcam-colegialidade-entre-os-pastores-e-definem-linhas-de-atuacao-no-pais","status":"publish","type":"post","link":"https:\/\/catolicanet.net\/wp-cnet\/assembleias-reforcam-colegialidade-entre-os-pastores-e-definem-linhas-de-atuacao-no-pais\/","title":{"rendered":"Assembleias refor\u00e7am colegialidade entre os pastores e definem linhas de atua\u00e7\u00e3o no pa\u00eds"},"content":{"rendered":"<div class=\"wp-caption\"><\/div>\n<div id=\"attachment_232100\" class=\"wp-caption alignright\"><a href=\"https:\/\/www.cnbb.org.br\/assembleias-da-cnbb-reforcam-colegialidade-entre-os-pastores-e-definem-linhas-de-atuacao-no-pais\/centro-de-eventos\/\"><img loading=\"lazy\" decoding=\"async\" class=\"wp-image-232100\" src=\"https:\/\/www.cnbb.org.br\/wp-content\/uploads\/sites\/32\/2020\/01\/Centro-de-eventos.jpg\" srcset=\"https:\/\/www.cnbb.org.br\/wp-content\/uploads\/sites\/32\/2020\/01\/Centro-de-eventos.jpg 1024w, https:\/\/www.cnbb.org.br\/wp-content\/uploads\/sites\/32\/2020\/01\/Centro-de-eventos-300x169.jpg 300w, https:\/\/www.cnbb.org.br\/wp-content\/uploads\/sites\/32\/2020\/01\/Centro-de-eventos-768x432.jpg 768w\" alt=\"\" width=\"354\" height=\"199\" aria-describedby=\"caption-attachment-232100\" \/><\/a><\/p>\n<p id=\"caption-attachment-232100\" class=\"wp-caption-text\">Centro de Eventos Padre V\u00edtor Coelho de Almeira, em Aparecida (SP)<\/p>\n<\/div>\n<p style=\"text-align: justify;\">A revista Bote F\u00e9, uma produ\u00e7\u00e3o da Assessoria de Comunica\u00e7\u00e3o da Confer\u00eancia Nacional dos Bispos do Brasil (CNBB) em parceria com a Edi\u00e7\u00f5es CNBB, traz uma mat\u00e9ria especial sobre as Assembleias Gerais da Confer\u00eancia. Desde 2011, os encontros acontecem no Centro de Eventos Padre Vitor Coelho de Almeida, em Aparecida (SP), e re\u00fanem cardeais, arcebispos, bispos diocesanos e auxiliares, coadjutores, al\u00e9m dos bispos em\u00e9ritos e representantes de organismos e pastorais da Igreja que s\u00e3o convidados.<\/p>\n<p style=\"text-align: justify;\">Segundo o Estatuto\u00a0Can\u00f4nico e\u00a0o\u00a0Regimento da CNBB, a Assembleia Geral \u00e9 o \u201c\u00f3rg\u00e3o supremo da CNBB, express\u00e3o e realiza\u00e7\u00e3o maior do afeto colegial, da comunh\u00e3o e corresponsabilidade dos Pastores da Igreja no Brasil\u201d, e tem a finalidade de realizar os \u201cobjetivos da CNBB, para o bem do povo de Deus\u201d (art. 27). E, para fazer \u201ccrescer a comunh\u00e3o e a participa\u00e7\u00e3o\u201d (art. 28).\u00a0Sobre os assuntos abordados nela, o Documento indica que \u201ca Assembleia Geral trata de assuntos pastorais de ordem espiritual e de ordem temporal e os problemas emergentes da vida das pessoas e da sociedade, sempre na\u00a0perspectiva\u00a0da evangeliza\u00e7\u00e3o\u201d (art. 29).<\/p>\n<div id=\"attachment_232099\" class=\"wp-caption alignleft\" style=\"text-align: justify;\"><a href=\"https:\/\/www.cnbb.org.br\/assembleias-da-cnbb-reforcam-colegialidade-entre-os-pastores-e-definem-linhas-de-atuacao-no-pais\/56agcnbb\/\"><img loading=\"lazy\" decoding=\"async\" class=\"wp-image-232099\" src=\"https:\/\/www.cnbb.org.br\/wp-content\/uploads\/sites\/32\/2020\/01\/56AGCNBB-1024x683.jpg\" srcset=\"https:\/\/www.cnbb.org.br\/wp-content\/uploads\/sites\/32\/2020\/01\/56AGCNBB-1024x683.jpg 1024w, https:\/\/www.cnbb.org.br\/wp-content\/uploads\/sites\/32\/2020\/01\/56AGCNBB-300x200.jpg 300w, https:\/\/www.cnbb.org.br\/wp-content\/uploads\/sites\/32\/2020\/01\/56AGCNBB-768x512.jpg 768w, https:\/\/www.cnbb.org.br\/wp-content\/uploads\/sites\/32\/2020\/01\/56AGCNBB-1536x1024.jpg 1536w, https:\/\/www.cnbb.org.br\/wp-content\/uploads\/sites\/32\/2020\/01\/56AGCNBB-2048x1365.jpg 2048w\" alt=\"\" width=\"360\" height=\"240\" aria-describedby=\"caption-attachment-232099\" \/><\/a><\/p>\n<p id=\"caption-attachment-232099\" class=\"wp-caption-text\">Bispos reunidos na 56\u00aa Assembleia Geral da CNBB<\/p>\n<\/div>\n<p style=\"text-align: justify;\">O regimento atribui ainda ao Conselho Permanente, \u00f3rg\u00e3o de orienta\u00e7\u00e3o\u202fe acompanhamento da atua\u00e7\u00e3o da CNBB e dos organismos a ela vinculados,\u202fa incumb\u00eancia de \u201cdeterminar a pauta para a Assembleia Geral\u201d (art. 90).\u00a0Em 2018, por exemplo, a 56\u00aa Assembleia Geral trouxe como tema central\u202f\u201cDiretrizes para a Forma\u00e7\u00e3o dos Presb\u00edteros da Igreja no Brasil\u201d. Realizada em Aparecida (SP), de 10 a 20 de abril de 2018, seu texto do tema central percorreu um longo caminho.<\/p>\n<p style=\"text-align: justify;\">Tomando como base a\u202f <em>Ratio\u00a0Fundamentalis\u00a0Instituitionis\u00a0Sacerdotalis<\/em>, documento considerado pela equipe que cuidou do texto central e que\u00a0d\u00e1\u00a0indica\u00e7\u00f5es claras e vinculantes\u00a0para a forma\u00e7\u00e3o de seminaristas e do clero, o futuro padre deve ser acompanhado nas\u00a0quatro dimens\u00f5es que interagem simultaneamente no processo formativo e na vida dos ministros ordenados: humana, espiritual, intelectual e pastoral.<\/p>\n<p style=\"text-align: justify;\">O arcebispo de Porto Alegre (RS) e atual vice-presidente da CNBB, dom Jaime\u00a0Spengler, foi um dos respons\u00e1veis pela elabora\u00e7\u00e3o do texto\u00a0das Diretrizes\u00a0Nacionais. Ele conta que o novo presb\u00edtero, a ser buscado pela Igreja no Brasil, tem as seguintes caracter\u00edsticas: \u201c<em>Homens verdadeiramente apaixonados pelo Evangelho do crucificado\/ressuscitado, homens entusiasmados pela proposta do\u00a0<\/em><em>Reino e por isso capazes de se lan\u00e7ar generosamente no trabalho apost\u00f3lico<\/em>\u201d, afirma. O texto\u00a0brasileiro, ap\u00f3s a aprova\u00e7\u00e3o da 56\u00aa Assembleia, seguiu para a Congrega\u00e7\u00e3o para o Clero do Vaticano para ser referendado. Ap\u00f3s a aprova\u00e7\u00e3o de Roma,\u00a0se tornou um documento, de n\u00famero 110\u00a0da CNBB,\u00a0e hoje orienta a forma\u00e7\u00e3o de novos presb\u00edteros no Brasil.<\/p>\n<p style=\"text-align: justify;\"><b>57\u00aa AGCNBB<\/b><\/p>\n<div id=\"attachment_232101\" class=\"wp-caption alignright\" style=\"text-align: justify;\"><a href=\"https:\/\/www.cnbb.org.br\/assembleias-da-cnbb-reforcam-colegialidade-entre-os-pastores-e-definem-linhas-de-atuacao-no-pais\/diretrizes-2\/\"><img loading=\"lazy\" decoding=\"async\" class=\"wp-image-232101\" src=\"https:\/\/www.cnbb.org.br\/wp-content\/uploads\/sites\/32\/2020\/01\/Diretrizes-1024x683.jpg\" srcset=\"https:\/\/www.cnbb.org.br\/wp-content\/uploads\/sites\/32\/2020\/01\/Diretrizes-1024x683.jpg 1024w, https:\/\/www.cnbb.org.br\/wp-content\/uploads\/sites\/32\/2020\/01\/Diretrizes-300x200.jpg 300w, https:\/\/www.cnbb.org.br\/wp-content\/uploads\/sites\/32\/2020\/01\/Diretrizes-768x512.jpg 768w, https:\/\/www.cnbb.org.br\/wp-content\/uploads\/sites\/32\/2020\/01\/Diretrizes-1536x1025.jpg 1536w, https:\/\/www.cnbb.org.br\/wp-content\/uploads\/sites\/32\/2020\/01\/Diretrizes.jpg 2048w\" alt=\"\" width=\"327\" height=\"218\" aria-describedby=\"caption-attachment-232101\" \/><\/a><\/p>\n<p id=\"caption-attachment-232101\" class=\"wp-caption-text\">Documento publicado pela Editora CNBB<\/p>\n<\/div>\n<p style=\"text-align: justify;\">Em 2019 aconteceu a\u00a057\u00aa Assembleia Geral (AG) dos Bispos do Brasil\u00a0de 1\u00ba a 10 de maio de 2019,\u00a0no Centro de Eventos Padre Vitor Coelho de Almeida do Santu\u00e1rio Nacional de Aparecida (SP). Na ocasi\u00e3o, a AG teve a tarefa central de atualizar as Diretrizes Gerais da A\u00e7\u00e3o Evangelizadora (DGAE) da Igreja no Brasil para o quadri\u00eanio 2019 a 2023.\u00a0Estruturadas a partir da concep\u00e7\u00e3o da Igreja como \u201cComunidade Eclesial Mission\u00e1ria\u201d,\u00a0as Diretrizes\u00a0aprovadas\u00a0convidam\u00a0todas as comunidades de f\u00e9 a abra\u00e7arem e vivenciarem a miss\u00e3o como escola de santidade.<\/p>\n<p style=\"text-align: justify;\">Na apresenta\u00e7\u00e3o da publica\u00e7\u00e3o, a presid\u00eancia da CNBB ressalta que as diretrizes s\u00e3o o caminho encontrado para responder aos desafios do Brasil, \u201cum pa\u00eds que, na segunda d\u00e9cada deste s\u00e9culo XXI, experimenta grandes transforma\u00e7\u00f5es em todos os sentidos\u201d. A introdu\u00e7\u00e3o da publica\u00e7\u00e3o defende que as diretrizes constituem uma das express\u00f5es mais significativas da colegialidade e da\u00a0missionariedade da Igreja no Brasil.<\/p>\n<p style=\"text-align: justify;\"><b>58\u00aa AGCNBB<\/b><\/p>\n<p style=\"text-align: justify;\">Em 2020, a 58\u00aa Assembleia Geral da CNBB ser\u00e1 realizada nos dias 22 de abril a 01\u00ba de maio. At\u00e9 agora uma pergunta orienta as reflex\u00f5es em torno do tema central:\u202fcomo fazer\u00a0para que a palavra de Deus seja o fundamento da vida das\u00a0comunidades eclesiais mission\u00e1rias? O arcebispo de Belo Horizonte e presidente da Confer\u00eancia Nacional dos Bispos do Brasil (CNBB), dom Walmor Oliveira de Azevedo, j\u00e1 ressaltou que a ideia \u00e9 produzir um documento n\u00e3o muito extenso, mas\u00a0com\u00a0orienta\u00e7\u00f5es para efetivar a centralidade da B\u00edblia e que aponte para uma verdadeira cultura\u00a0da Palavra de Deus na vida comunit\u00e1ria\u00a0e individual.<\/p>\n<div id=\"attachment_232103\" class=\"wp-caption alignleft\" style=\"text-align: justify;\"><a href=\"https:\/\/www.cnbb.org.br\/assembleias-da-cnbb-reforcam-colegialidade-entre-os-pastores-e-definem-linhas-de-atuacao-no-pais\/dom-joel-2\/\"><img loading=\"lazy\" decoding=\"async\" class=\"wp-image-232103\" src=\"https:\/\/www.cnbb.org.br\/wp-content\/uploads\/sites\/32\/2020\/01\/Dom-Joel.jpg\" srcset=\"https:\/\/www.cnbb.org.br\/wp-content\/uploads\/sites\/32\/2020\/01\/Dom-Joel.jpg 1024w, https:\/\/www.cnbb.org.br\/wp-content\/uploads\/sites\/32\/2020\/01\/Dom-Joel-300x169.jpg 300w, https:\/\/www.cnbb.org.br\/wp-content\/uploads\/sites\/32\/2020\/01\/Dom-Joel-768x433.jpg 768w\" alt=\"\" width=\"355\" height=\"200\" aria-describedby=\"caption-attachment-232103\" \/><\/a><\/p>\n<p id=\"caption-attachment-232103\" class=\"wp-caption-text\">Dom Joel Portella Amado, secret\u00e1rio-geral da CNBB<\/p>\n<\/div>\n<p style=\"text-align: justify;\">Dom Joel Amado,\u00a0secret\u00e1rio-geral da CNBB, afirma que a\u00a0proposta\u00a0do tema n\u00e3o \u00e9 fazer um estudo\u00a0te\u00f3rico,\u00a0pois para a Igreja,\u00a0a teoria\u00a0j\u00e1\u00a0est\u00e1 muito clara. \u201c<em>N\u00e3o d\u00e1 para ser crist\u00e3o sem a Palavra de Deus. O problema \u00e9 o\u00a0como!<\/em>\u201d, disse. Ao longo desses dois mil anos,\u00a0segundo dom Joel,\u00a0a Igreja sempre se alimentou da\u00a0Palavra de Deus,\u00a0seja\u00a0na liturgia, nas reuni\u00f5es\u00a0comunit\u00e1rias, nos grupos, na vida pessoal, s\u00f3 que\u00a0de acordo com ele, o mundo mudou e \u00e9 preciso encontrar\u00a0outros\u00a0modos para que a Palavra cumpra a fun\u00e7\u00e3o dela.<\/p>\n<p style=\"text-align: justify;\">Por isso,\u00a0a ideia \u00e9 que na 58\u00aa Assembleia Geral seja produzido um documento com\u00a0ajuda para as dioceses levarem adiante a anima\u00e7\u00e3o b\u00edblica da vida e da pastoral.\u00a0Entre as perguntas que o Documento buscar\u00e1 responder est\u00e1 a quest\u00e3o\u00a0dos problemas enfrentados hoje\u00a0quando se\u00a0lida com a Palavra de Deus; como a Leitura\u00a0Orante\u00a0pode ser utilizada na vida pessoal e comunit\u00e1ria, entre outras. \u201c<em>Nossa proposta \u00e9 que seja um material pequeno, de linguagem, conte\u00fado\u00a0e custo acess\u00edvel<\/em>\u201d, finaliza dom Joel.<\/p>\n<p style=\"text-align: justify;\">A Revista Bote F\u00e9 atualmente \u00e9 distribu\u00edda em todas as par\u00f3quias do Brasil. Conhe\u00e7a as edi\u00e7\u00f5es: <a href=\"https:\/\/www.edicoescnbb.com.br\/bote-fe\">https:\/\/www.edicoescnbb.com.br\/bote-fe<\/a><\/p>\n","protected":false},"excerpt":{"rendered":"<p>Centro de Eventos Padre V\u00edtor Coelho de Almeira, em Aparecida (SP) A revista Bote F\u00e9, uma produ\u00e7\u00e3o da Assessoria de Comunica\u00e7\u00e3o da Confer\u00eancia Nacional dos Bispos do Brasil (CNBB) em parceria com a Edi\u00e7\u00f5es CNBB, traz uma mat\u00e9ria especial sobre as Assembleias Gerais da Confer\u00eancia. Desde 2011, os encontros acontecem no Centro de Eventos Padre [&hellip;]<\/p>\n","protected":false},"author":1,"featured_media":56356,"comment_status":"open","ping_status":"closed","sticky":false,"template":"","format":"standard","meta":{"footnotes":""},"categories":[7],"tags":[],"class_list":["post-56355","post","type-post","status-publish","format-standard","has-post-thumbnail","hentry","category-cnbb"],"_links":{"self":[{"href":"https:\/\/catolicanet.net\/wp-cnet\/wp-json\/wp\/v2\/posts\/56355","targetHints":{"allow":["GET"]}}],"collection":[{"href":"https:\/\/catolicanet.net\/wp-cnet\/wp-json\/wp\/v2\/posts"}],"about":[{"href":"https:\/\/catolicanet.net\/wp-cnet\/wp-json\/wp\/v2\/types\/post"}],"author":[{"embeddable":true,"href":"https:\/\/catolicanet.net\/wp-cnet\/wp-json\/wp\/v2\/users\/1"}],"replies":[{"embeddable":true,"href":"https:\/\/catolicanet.net\/wp-cnet\/wp-json\/wp\/v2\/comments?post=56355"}],"version-history":[{"count":1,"href":"https:\/\/catolicanet.net\/wp-cnet\/wp-json\/wp\/v2\/posts\/56355\/revisions"}],"predecessor-version":[{"id":56357,"href":"https:\/\/catolicanet.net\/wp-cnet\/wp-json\/wp\/v2\/posts\/56355\/revisions\/56357"}],"wp:featuredmedia":[{"embeddable":true,"href":"https:\/\/catolicanet.net\/wp-cnet\/wp-json\/wp\/v2\/media\/56356"}],"wp:attachment":[{"href":"https:\/\/catolicanet.net\/wp-cnet\/wp-json\/wp\/v2\/media?parent=56355"}],"wp:term":[{"taxonomy":"category","embeddable":true,"href":"https:\/\/catolicanet.net\/wp-cnet\/wp-json\/wp\/v2\/categories?post=56355"},{"taxonomy":"post_tag","embeddable":true,"href":"https:\/\/catolicanet.net\/wp-cnet\/wp-json\/wp\/v2\/tags?post=56355"}],"curies":[{"name":"wp","href":"https:\/\/api.w.org\/{rel}","templated":true}]}}