{"id":56349,"date":"2020-01-22T08:26:14","date_gmt":"2020-01-22T11:26:14","guid":{"rendered":"https:\/\/catolicanet.net\/wp-cnet\/?p=56349"},"modified":"2020-01-22T08:26:14","modified_gmt":"2020-01-22T11:26:14","slug":"papa-acolhe-renuncia-de-dom-edney-gouvea-bispo-de-nova-friburgo-rj","status":"publish","type":"post","link":"https:\/\/catolicanet.net\/wp-cnet\/papa-acolhe-renuncia-de-dom-edney-gouvea-bispo-de-nova-friburgo-rj\/","title":{"rendered":"Papa acolhe ren\u00fancia de dom Edney Gouvea, bispo de Nova Friburgo (RJ)"},"content":{"rendered":"<p style=\"text-align: justify;\">O Papa Francisco acolheu, nesta quarta-feira, 22 de janeiro, o pedido de ren\u00fancia apresentado por dom Edney Gouvea Mattoso ao governo pastoral da diocese de Nova Friburgo (RJ).\u00a0 Com a decis\u00e3o do Papa, dom Edney, o 4\u00ba bispo diocesano de Nova Friburgo, torna-se agora bispo em\u00e9rito.<\/p>\n<p style=\"text-align: justify;\">O bispo em\u00e9rito fica desobrigado das fun\u00e7\u00f5es concernentes ao governo de sua diocese, mas permanece no exerc\u00edcio de seu minist\u00e9rio durante toda a vida.<\/p>\n<p style=\"text-align: justify;\">No mesmo ato, o Santo Padre nomeou como administrador apost\u00f3lico de Nova Friburgo dom Paulo de Conto, bispo em\u00e9rito de Montenegro (RS), a quem a CNBB envia votos de um frut\u00edfero trabalho no zelo pastoral desta Igreja particular confiada at\u00e9 ent\u00e3o a dom Edney. A Confer\u00eancia Nacional dos Bispos do Brasil (CNBB) enviou agradecimento a dom Edney Gouvea.<\/p>\n<p style=\"text-align: justify;\">Confira abaixo a biografia e o agradecimento da CNBB.<\/p>\n<p style=\"text-align: justify;\"><strong>Novo bispo em\u00e9rito<\/strong><\/p>\n<p style=\"text-align: justify;\">Edney Gouvea nasceu no Rio de Janeiro (RJ) no dia 2 fevereiro de 1957. Foi ordenado presb\u00edtero em 29 de agosto de 1987, no Rio de Janeiro (SP). Sua sagra\u00e7\u00e3o como bispo auxiliar da arquidiocese do Rio de Janeiro ocorreu em 12 de janeiro de 1998. Dom Edney Gouvea foi nomeado para a diocese de Nova Friburgo em 20 de janeiro de 2010, onde tomou posse em 13 de mar\u00e7o do mesmo ano.<\/p>\n<p style=\"text-align: justify;\">Antes do episcopado, dom Edney foi p\u00e1roco em diversas par\u00f3quias da arquidiocese do Rio de Janeiro; exerceu os cargos de prefeito de disciplina no Semin\u00e1rio Arquidiocesano S\u00e3o Jos\u00e9, coordenador arquidiocesano da linha 3 Evangeliza\u00e7\u00e3o e Catequese, diretor do Departamento Arquidiocesano de Ensino Religioso, c\u00f4nego Catedr\u00e1tico do Cabido da Catedral de S\u00e3o Sebasti\u00e3o do Rio de Janeiro, assistente eclesi\u00e1stico da Comiss\u00e3o Arquidiocesana de Catequese e vig\u00e1rio episcopal no Vicariato Oeste (2000-2005). Foi membro dos seguintes organismos e equipes: Conselho Presbiteral, Col\u00e9gio de Consultores, Comiss\u00e3o Arquidiocesana de Liturgia, Comiss\u00e3o Arquidiocesana de Pastoral Vocacional.<\/p>\n<p style=\"text-align: justify;\">Como bispo exerceu as fun\u00e7\u00f5es de bispo auxiliar de S\u00e3o Sebasti\u00e3o do Rio de Janeiro (RJ), de 2005 a 2010, e vig\u00e1rio geral. Ele foi animador de v\u00e1rias iniciativas: Vicariato Episcopal Leopoldina, Minist\u00e9rios, Pastoral da Educa\u00e7\u00e3o, Ensino Religioso, Inicia\u00e7\u00e3o Crist\u00e3, Pastoral da Liturgia, M\u00fasica e Arte Sacra. Tamb\u00e9m foi bispo animador do Diaconato Permanente, Liturgia e do Conselho de Leigos do Brasil no Regional Leste 1 \u2013 CNBB. Foi diretor das Escolas de F\u00e9 e Catequese Mater Ecclesiae e Luz e Vida e membro do Conselho Diretor da Associa\u00e7\u00e3o Mantenedora da PUC-RJ e do Conselho Universit\u00e1rio da mesma universidade. Seu lema episcopal \u00e9: \u201cFiat Voluntas Tua\u201d, que se traduz por \u201cSeja feita a tua vontade\u201d.<\/p>\n<blockquote>\n<h3 style=\"text-align: justify;\">Agradecimento da CNBB a dom Edney Gouvea Mattoso<\/h3>\n<p>Bras\u00edlia-DF, 22 de janeiro de 2020<\/p>\n<p>Estimado irm\u00e3o, Dom Edney Gouvea Mattoso, sa\u00fade e paz!<\/p>\n<p>A Confer\u00eancia Nacional dos Bispos do Brasil \u2013 CNBB manifesta agradecimento a Deus por sua trajet\u00f3ria episcopal ao lado do povo do Rio de Janeiro e especialmente na diocese de Nova Friburgo. Neste novo ciclo de emeritude, rogamos a Deus que seja um tempo de gra\u00e7as em sua vida.<\/p>\n<p>\u00c9 grande nossa gratid\u00e3o ao recordar a sua contribui\u00e7\u00e3o para a caminhada da Igreja no Brasil, especialmente no Regional Leste 1 da CNBB onde exerceu a anima\u00e7\u00e3o de v\u00e1rios servi\u00e7os. Neste tempo em que se celebra a mem\u00f3ria de S\u00e3o Sebasti\u00e3o, padroeiro da arquidiocese do Rio de Janeiro, a CNBB expressa gratid\u00e3o por sua entrega \u00e0 vontade Deus, como est\u00e1 expresso em seu lema episcopal \u201cSeja feita a tua vontade\u201d e a doa\u00e7\u00e3o \u00e0s igrejas particulares do Rio de Janeiro e de Nova Friburgo.<\/p>\n<p>Do Papa Francisco, destacamos as palavras proferidas em celebra\u00e7\u00e3o na Casa Santa Marta, no dia 21 de janeiro deste ano, para quem ser bispo \u00e9 um dom gratuito do Senhor. A Santidade, refor\u00e7ou o Santo Padre, consiste justamente em \u201ccustodiar\u201d este dom recebido gratuitamente e n\u00e3o por nossos m\u00e9ritos.<\/p>\n<p>Rogamos a prote\u00e7\u00e3o de S\u00e3o Sebasti\u00e3o, nesta prece cheia de gratid\u00e3o.<\/p>\n<p>Em Cristo,<\/p>\n<p><strong>Dom Walmor Oliveira de Azevedo<\/strong><br \/>\nArcebispo de Belo Horizonte (MG)<br \/>\nPresidente da CNBB<\/p>\n<p><strong>Dom Jaime Spengler<\/strong><br \/>\nArcebispo de Porto Alegre (RS)<br \/>\nPrimeiro Vice-Presidente da CNBB<\/p>\n<p><strong>Dom M\u00e1rio Ant\u00f4nio da Silva<\/strong><br \/>\nBispo de Roraima (RR)<br \/>\nSegundo Vice-Presidente da CNBB<\/p>\n<p><strong>Dom Joel Portella Amado<\/strong><br \/>\nBispo auxiliar da arquidiocese de S\u00e3o Sebasti\u00e3o do Rio de Janeiro (RJ)<br \/>\nSecret\u00e1rio-geral da CNBB<\/p><\/blockquote>\n","protected":false},"excerpt":{"rendered":"<p>O Papa Francisco acolheu, nesta quarta-feira, 22 de janeiro, o pedido de ren\u00fancia apresentado por dom Edney Gouvea Mattoso ao governo pastoral da diocese de Nova Friburgo (RJ).\u00a0 Com a decis\u00e3o do Papa, dom Edney, o 4\u00ba bispo diocesano de Nova Friburgo, torna-se agora bispo em\u00e9rito. O bispo em\u00e9rito fica desobrigado das fun\u00e7\u00f5es concernentes ao [&hellip;]<\/p>\n","protected":false},"author":1,"featured_media":56350,"comment_status":"open","ping_status":"closed","sticky":false,"template":"","format":"standard","meta":{"footnotes":""},"categories":[7],"tags":[],"class_list":["post-56349","post","type-post","status-publish","format-standard","has-post-thumbnail","hentry","category-cnbb"],"_links":{"self":[{"href":"https:\/\/catolicanet.net\/wp-cnet\/wp-json\/wp\/v2\/posts\/56349","targetHints":{"allow":["GET"]}}],"collection":[{"href":"https:\/\/catolicanet.net\/wp-cnet\/wp-json\/wp\/v2\/posts"}],"about":[{"href":"https:\/\/catolicanet.net\/wp-cnet\/wp-json\/wp\/v2\/types\/post"}],"author":[{"embeddable":true,"href":"https:\/\/catolicanet.net\/wp-cnet\/wp-json\/wp\/v2\/users\/1"}],"replies":[{"embeddable":true,"href":"https:\/\/catolicanet.net\/wp-cnet\/wp-json\/wp\/v2\/comments?post=56349"}],"version-history":[{"count":1,"href":"https:\/\/catolicanet.net\/wp-cnet\/wp-json\/wp\/v2\/posts\/56349\/revisions"}],"predecessor-version":[{"id":56351,"href":"https:\/\/catolicanet.net\/wp-cnet\/wp-json\/wp\/v2\/posts\/56349\/revisions\/56351"}],"wp:featuredmedia":[{"embeddable":true,"href":"https:\/\/catolicanet.net\/wp-cnet\/wp-json\/wp\/v2\/media\/56350"}],"wp:attachment":[{"href":"https:\/\/catolicanet.net\/wp-cnet\/wp-json\/wp\/v2\/media?parent=56349"}],"wp:term":[{"taxonomy":"category","embeddable":true,"href":"https:\/\/catolicanet.net\/wp-cnet\/wp-json\/wp\/v2\/categories?post=56349"},{"taxonomy":"post_tag","embeddable":true,"href":"https:\/\/catolicanet.net\/wp-cnet\/wp-json\/wp\/v2\/tags?post=56349"}],"curies":[{"name":"wp","href":"https:\/\/api.w.org\/{rel}","templated":true}]}}