{"id":56312,"date":"2020-01-22T16:42:23","date_gmt":"2020-01-22T19:42:23","guid":{"rendered":"https:\/\/catolicanet.net\/wp-cnet\/?p=56312"},"modified":"2020-01-22T16:43:26","modified_gmt":"2020-01-22T19:43:26","slug":"diocese-de-santo-amaro-envia-padre-em-missao-para-prelazia-de-tefe-am","status":"publish","type":"post","link":"https:\/\/catolicanet.net\/wp-cnet\/diocese-de-santo-amaro-envia-padre-em-missao-para-prelazia-de-tefe-am\/","title":{"rendered":"Diocese de Santo Amaro envia padre em miss\u00e3o para Prelazia de Tef\u00e9 &#8211; AM"},"content":{"rendered":"<p style=\"text-align: justify;\">Atendendo ao mandado de Jesus \u201cIde por todo o mundo e pregai o Evangelho a toda criatura (Marcos 16:15)\u201d, Diocese de Santo Amaro envia em miss\u00e3o, para a Prelazia de Tef\u00e9 \u2013 AM, o padre Francisco Jos\u00e9 de Freitas da Par\u00f3quia Nossa senhora do Rossio, setor Graja\u00fa.<\/p>\n<p style=\"text-align: justify;\">O envio aconteceu neste s\u00e1bado, 18, na celebra\u00e7\u00e3o da Santa Missa no santu\u00e1rio M\u00e3e de Deus e foi presidida por Dom Jos\u00e9 Negri, PIME, bispo da Diocese de Santo Amaro.<\/p>\n<p style=\"text-align: justify;\">Estavam presentes na celebra\u00e7\u00e3o, o assessor e coordenador do COMIDI desta diocese,<img loading=\"lazy\" decoding=\"async\" class=\"wp-image-56314 size-medium alignright\" src=\"https:\/\/catolicanet.net\/wp-cnet\/wp-content\/uploads\/WhatsApp-Image-2020-01-20-at-09.15.57-e1579549424596-300x231.jpeg\" alt=\"\" width=\"300\" height=\"231\" srcset=\"https:\/\/catolicanet.net\/wp-cnet\/wp-content\/uploads\/WhatsApp-Image-2020-01-20-at-09.15.57-e1579549424596-300x231.jpeg 300w, https:\/\/catolicanet.net\/wp-cnet\/wp-content\/uploads\/WhatsApp-Image-2020-01-20-at-09.15.57-e1579549424596-768x592.jpeg 768w, https:\/\/catolicanet.net\/wp-cnet\/wp-content\/uploads\/WhatsApp-Image-2020-01-20-at-09.15.57-e1579549424596-600x463.jpeg 600w, https:\/\/catolicanet.net\/wp-cnet\/wp-content\/uploads\/WhatsApp-Image-2020-01-20-at-09.15.57-e1579549424596-696x537.jpeg 696w, https:\/\/catolicanet.net\/wp-cnet\/wp-content\/uploads\/WhatsApp-Image-2020-01-20-at-09.15.57-e1579549424596-545x420.jpeg 545w, https:\/\/catolicanet.net\/wp-cnet\/wp-content\/uploads\/WhatsApp-Image-2020-01-20-at-09.15.57-e1579549424596.jpeg 838w\" sizes=\"auto, (max-width: 300px) 100vw, 300px\" \/> padre Osvair Cavalheiro e Belchior respectivamente, al\u00e9m dos pais do padre Francisco Jos\u00e9 de Freitas, padre Marcelo Rossi e demais convidados.<\/p>\n<p style=\"text-align: justify;\">Dom Jos\u00e9 Negri, PIME, atendeu ao pedido de Dom Fernando Barbosa dos Santos, CM, bispo da Prelazia de Tef\u00e9, que \u00e9 o centro do Amazonas e, que tem um per\u00edmetro de mais de 264 mil km\u00b2, para serem atendidos por apenas 25 padres entre religiosos e clero local. As dist\u00e2ncias a serem percorridas entre uma par\u00f3quia e outra geralmente s\u00e3o feitas por barcos e\u00a0 as dificuldades s\u00e3o muitas.<\/p>\n<p style=\"text-align: justify;\">O povo necessita de pastores. Em 2016 o padre Osvair Cavalheiro fez uma visita a Prelazia de Tef\u00e9, visitou a Par\u00f3quia de Uarini, onde iniciou o projeto Sul 1, Norte 1 e ficou impressionado com as grandes dificuldades da Prelazia o que o levou a motivar o COMIDI de Santo Amaro a realizar uma miss\u00e3o em 2017 com alguns seminaristas e leigos na Prelazia de Tef\u00e9. Desta pequena miss\u00e3o nasceu o desejo de Dom Jos\u00e9 Negri, PIME, de atender o pedido de Dom Fernando Barbosa dos Santos para enviar ajuda material e tamb\u00e9m sacerdotes.<\/p>\n<p style=\"text-align: justify;\">Em sua homilia, Dom Jos\u00e9 Negri, PIME, expressou a grande alegria de realizar o sonho de enviar o primeiro sacerdote para a Amaz\u00f4nia.<\/p>\n","protected":false},"excerpt":{"rendered":"<p>Atendendo ao mandado de Jesus \u201cIde por todo o mundo e pregai o Evangelho a toda criatura (Marcos 16:15)\u201d, Diocese de Santo Amaro envia em miss\u00e3o, para a Prelazia de Tef\u00e9 \u2013 AM, o padre Francisco Jos\u00e9 de Freitas da Par\u00f3quia Nossa senhora do Rossio, setor Graja\u00fa. O envio aconteceu neste s\u00e1bado, 18, na celebra\u00e7\u00e3o [&hellip;]<\/p>\n","protected":false},"author":1,"featured_media":56313,"comment_status":"open","ping_status":"closed","sticky":false,"template":"","format":"standard","meta":{"footnotes":""},"categories":[4,13],"tags":[],"class_list":["post-56312","post","type-post","status-publish","format-standard","has-post-thumbnail","hentry","category-cotidiano","category-featured"],"_links":{"self":[{"href":"https:\/\/catolicanet.net\/wp-cnet\/wp-json\/wp\/v2\/posts\/56312","targetHints":{"allow":["GET"]}}],"collection":[{"href":"https:\/\/catolicanet.net\/wp-cnet\/wp-json\/wp\/v2\/posts"}],"about":[{"href":"https:\/\/catolicanet.net\/wp-cnet\/wp-json\/wp\/v2\/types\/post"}],"author":[{"embeddable":true,"href":"https:\/\/catolicanet.net\/wp-cnet\/wp-json\/wp\/v2\/users\/1"}],"replies":[{"embeddable":true,"href":"https:\/\/catolicanet.net\/wp-cnet\/wp-json\/wp\/v2\/comments?post=56312"}],"version-history":[{"count":3,"href":"https:\/\/catolicanet.net\/wp-cnet\/wp-json\/wp\/v2\/posts\/56312\/revisions"}],"predecessor-version":[{"id":56337,"href":"https:\/\/catolicanet.net\/wp-cnet\/wp-json\/wp\/v2\/posts\/56312\/revisions\/56337"}],"wp:featuredmedia":[{"embeddable":true,"href":"https:\/\/catolicanet.net\/wp-cnet\/wp-json\/wp\/v2\/media\/56313"}],"wp:attachment":[{"href":"https:\/\/catolicanet.net\/wp-cnet\/wp-json\/wp\/v2\/media?parent=56312"}],"wp:term":[{"taxonomy":"category","embeddable":true,"href":"https:\/\/catolicanet.net\/wp-cnet\/wp-json\/wp\/v2\/categories?post=56312"},{"taxonomy":"post_tag","embeddable":true,"href":"https:\/\/catolicanet.net\/wp-cnet\/wp-json\/wp\/v2\/tags?post=56312"}],"curies":[{"name":"wp","href":"https:\/\/api.w.org\/{rel}","templated":true}]}}