{"id":56302,"date":"2020-01-20T13:57:05","date_gmt":"2020-01-20T16:57:05","guid":{"rendered":"https:\/\/catolicanet.net\/wp-cnet\/?p=56302"},"modified":"2020-01-20T13:57:05","modified_gmt":"2020-01-20T16:57:05","slug":"sombras-na-desuniao","status":"publish","type":"post","link":"https:\/\/catolicanet.net\/wp-cnet\/sombras-na-desuniao\/","title":{"rendered":"Sombras na desuni\u00e3o"},"content":{"rendered":"<p style=\"text-align: justify;\">A disc\u00f3rdia entre as pessoas \u00e9 uma sombra destruidora da unidade, porque impede o brilho da luz e dificulta a vida da comunidade. Reflete fortemente tamb\u00e9m na vida e estrutura das fam\u00edlias, impedindo-as de cumprir a sublime miss\u00e3o de educar bem seus filhos para a pr\u00e1tica da f\u00e9 e da cidadania. Jesus Cristo, com sua mensagem, \u00e9 a luz capaz de sublimar todo tipo de desuni\u00e3o.<\/p>\n<p style=\"text-align: justify;\">As sombras est\u00e3o fortemente presentes nas realidades da cultura hodierna. Uma delas \u00e9 a exist\u00eancia intermin\u00e1vel de guerras no mundo, revelando a incapacidade de negocia\u00e7\u00e3o e di\u00e1logo entre as autoridades desses pa\u00edses em conflito. Mas essa realidade atinge tamb\u00e9m as desaven\u00e7as internas nas na\u00e7\u00f5es e descontroles entre as pessoas. Significa presen\u00e7a de sombras em todos os ambientes.<\/p>\n<p style=\"text-align: justify;\">As trevas e as sombras revelam aus\u00eancia do sentido da vida e de Deus para as pessoas. \u00c9 dif\u00edcil caminhar no escuro, isto \u00e9, sem o b\u00e1sico necess\u00e1rio exigido para a harmonia social que, em grande parte, \u00e9 conseguido no seio familiar. Quando ofuscamos o brilho do Reino de Deus e o seu projeto, as dificuldades na conviv\u00eancia tomam conta e as pessoas perdem a capacidade para o di\u00e1logo fraterno.<\/p>\n<p style=\"text-align: justify;\">A palavra \u201cfraternidade\u201d n\u00e3o pode ser colocada na onda do ostracismo, como sombra, no desprezo pelos instrumentos pr\u00f3prios que ajudam a construir o caminho da conc\u00f3rdia e da uni\u00e3o. As pessoas n\u00e3o podem confiar apenas em suas for\u00e7as individuais, descartando o aux\u00edlio da Palavra de Deus como fonte de luz. A possibilidade da uni\u00e3o encontra ref\u00fagio em Jesus Cristo.<\/p>\n<p style=\"text-align: justify;\">O profeta Isa\u00edas, com cinco s\u00e9culos de anteced\u00eancia, havia anunciado a vinda da luz como proje\u00e7\u00e3o da chegada de Jesus Cristo, para construir a unidade do povo de Deus. A unidade \u00e9 consequ\u00eancia das atitudes de liberdade, mas feitas com muita responsabilidade, com rela\u00e7\u00f5es de proximidade na justi\u00e7a, na verdade, no perd\u00e3o, na solidariedade e no servi\u00e7o, e supera\u00e7\u00e3o do individualismo.<\/p>\n<p style=\"text-align: justify;\">Existe dentro da cultura brasileira e no transcurso de sua hist\u00f3ria a sombra do preconceito nos diversos campos da sociedade, que dificulta a rela\u00e7\u00e3o fraterna e a vida digna na conviv\u00eancia comunit\u00e1ria. Somente atrav\u00e9s de um processo coerente e constante de convers\u00e3o ser\u00e1 capaz de mudar o rumo das pr\u00e1ticas e dos crit\u00e9rios que perpassam pela vida do povo.<\/p>\n","protected":false},"excerpt":{"rendered":"<p>A disc\u00f3rdia entre as pessoas \u00e9 uma sombra destruidora da unidade, porque impede o brilho da luz e dificulta a vida da comunidade. Reflete fortemente tamb\u00e9m na vida e estrutura das fam\u00edlias, impedindo-as de cumprir a sublime miss\u00e3o de educar bem seus filhos para a pr\u00e1tica da f\u00e9 e da cidadania. Jesus Cristo, com sua [&hellip;]<\/p>\n","protected":false},"author":11,"featured_media":55820,"comment_status":"open","ping_status":"closed","sticky":false,"template":"","format":"standard","meta":{"footnotes":""},"categories":[9],"tags":[],"class_list":["post-56302","post","type-post","status-publish","format-standard","has-post-thumbnail","hentry","category-artigos"],"_links":{"self":[{"href":"https:\/\/catolicanet.net\/wp-cnet\/wp-json\/wp\/v2\/posts\/56302","targetHints":{"allow":["GET"]}}],"collection":[{"href":"https:\/\/catolicanet.net\/wp-cnet\/wp-json\/wp\/v2\/posts"}],"about":[{"href":"https:\/\/catolicanet.net\/wp-cnet\/wp-json\/wp\/v2\/types\/post"}],"author":[{"embeddable":true,"href":"https:\/\/catolicanet.net\/wp-cnet\/wp-json\/wp\/v2\/users\/11"}],"replies":[{"embeddable":true,"href":"https:\/\/catolicanet.net\/wp-cnet\/wp-json\/wp\/v2\/comments?post=56302"}],"version-history":[{"count":1,"href":"https:\/\/catolicanet.net\/wp-cnet\/wp-json\/wp\/v2\/posts\/56302\/revisions"}],"predecessor-version":[{"id":56303,"href":"https:\/\/catolicanet.net\/wp-cnet\/wp-json\/wp\/v2\/posts\/56302\/revisions\/56303"}],"wp:featuredmedia":[{"embeddable":true,"href":"https:\/\/catolicanet.net\/wp-cnet\/wp-json\/wp\/v2\/media\/55820"}],"wp:attachment":[{"href":"https:\/\/catolicanet.net\/wp-cnet\/wp-json\/wp\/v2\/media?parent=56302"}],"wp:term":[{"taxonomy":"category","embeddable":true,"href":"https:\/\/catolicanet.net\/wp-cnet\/wp-json\/wp\/v2\/categories?post=56302"},{"taxonomy":"post_tag","embeddable":true,"href":"https:\/\/catolicanet.net\/wp-cnet\/wp-json\/wp\/v2\/tags?post=56302"}],"curies":[{"name":"wp","href":"https:\/\/api.w.org\/{rel}","templated":true}]}}