{"id":56300,"date":"2020-01-20T13:53:05","date_gmt":"2020-01-20T16:53:05","guid":{"rendered":"https:\/\/catolicanet.net\/wp-cnet\/?p=56300"},"modified":"2020-01-20T13:53:05","modified_gmt":"2020-01-20T16:53:05","slug":"amigos-para-sempre","status":"publish","type":"post","link":"https:\/\/catolicanet.net\/wp-cnet\/amigos-para-sempre\/","title":{"rendered":"AMIGOS PARA SEMPRE"},"content":{"rendered":"<p style=\"text-align: justify;\">\u00a0\u00a0\u00a0\u00a0\u00a0\u00a0\u00a0\u00a0\u00a0\u00a0\u00a0 Dentre os poucos valores que a humanidade cultiva sem distin\u00e7\u00e3o de credos, ra\u00e7a ou cor da pele est\u00e1 a amizade. S\u00f3 por isso, ainda a considero como forte sinal de esperan\u00e7a e atributo important\u00edssimo para a constru\u00e7\u00e3o do mundo novo que desejamos.<\/p>\n<p style=\"text-align: justify;\">\u00a0\u00a0\u00a0\u00a0\u00a0\u00a0\u00a0\u00a0\u00a0\u00a0\u00a0 Mesmo assim, essa qualidade entre os seres humanos j\u00e1 d\u00e1 sinais de cansa\u00e7o, descren\u00e7a. Torna-se coisa rara numa sociedade atropelada pelos interesses individuais e n\u00e3o coletivos. Truman, ex-presidente norte americano, j\u00e1 em sua \u00e9poca constatou a degrada\u00e7\u00e3o desse valor social ao afirmar: \u201cSe voc\u00ea quer ter um amigo em Washington, compre um cachorro\u201d. A que ponto chegou a humanidade! Amigo leal j\u00e1 n\u00e3o se encontra gratuitamente, nem entre aqueles da pr\u00f3pria ra\u00e7a! Amigo fiel s\u00f3 um c\u00e3o!<\/p>\n<p style=\"text-align: justify;\">\u00a0\u00a0\u00a0\u00a0\u00a0\u00a0\u00a0\u00a0\u00a0\u00a0\u00a0 Num passado mais remoto, mais precisamente nos anos 330 DC, encontramos um perfeito exemplo de amizade verdadeira. Dois amigos, dois santos homens enfrentaram os preconceitos que distorciam o esp\u00edrito de amizade e a f\u00e9 que os uniram sempre. Leais e fraternos desde a juventude apoiavam-se mutuamente na amizade que devotavam, a ponto de tudo fazerem para a alegria um do outro. \u201cAmbos lut\u00e1vamos n\u00e3o para ver quem tirava o primeiro lugar, mas para ced\u00ea-lo ao outro. Cada um considerava como pr\u00f3pria a gl\u00f3ria do outro\u201d (Or\u00e1tio 130 \u2013 S. Bas\u00edlio e S. Greg\u00f3rio). A \u00fanica competi\u00e7\u00e3o entre eles era para fazer a felicidade do outro. N\u00e3o lhes importavam os louros da vit\u00f3ria, a gl\u00f3ria pessoal, a vaidade de uma conquista, desde que tudo isso fosse m\u00e9rito pessoal de um deles. Tornaram-se os protetores da verdadeira amizade.<\/p>\n<p style=\"text-align: justify;\">\u00a0\u00a0\u00a0\u00a0\u00a0\u00a0\u00a0\u00a0\u00a0\u00a0\u00a0 J\u00e1 em nossos dias, um conterr\u00e2neo famoso deixou registrado um dos mais belos textos sobre o tema. Vin\u00edcius de Moraes, nosso poeta, assim definiu suas amizades: \u201cEu poderia suportar, embora n\u00e3o sem dor, que tivessem morrido todos os meus amores, mas enlouqueceria se morressem todos os meus amigos! Se um deles morrer, ficarei torto para um lado. Se todos eles morrerem, eu desabo\u201d!<\/p>\n<p style=\"text-align: justify;\">\u00a0\u00a0\u00a0\u00a0\u00a0\u00a0\u00a0\u00a0\u00a0\u00a0\u00a0 Exageros \u00e0 parte, a verdade \u00e9 que n\u00e3o vivemos sem esse relacionamento interpessoal, com o qual nos identificamos ou sobre o qual nos espelhamos. O princ\u00edpio de uma amizade leal, verdadeira, \u00e9 o encontro de uma alma g\u00eamea, que se une \u00e0 nossa, que faz seus os sentimentos da pessoa \u00e0 qual devotamos nossa vida, confiamos nossas fraquezas ou com quem comungamos nossos sonhos e realiza\u00e7\u00f5es. \u00c9 a outra face de n\u00f3s mesmos.<\/p>\n<p style=\"text-align: justify;\">\u00a0\u00a0\u00a0\u00a0\u00a0\u00a0\u00a0\u00a0\u00a0\u00a0\u00a0 Amizade assim est\u00e1 isenta de segundas inten\u00e7\u00f5es. Quando ela acontece, deixa de ser um sentimento de interesses pessoais para dar lugar \u00e0 mais aut\u00eantica express\u00e3o da verdade, sem subterf\u00fagios. Por isso, n\u00e3o se confunde amizade com relacionamento casual, dotado de segundas inten\u00e7\u00f5es, atra\u00e7\u00e3o f\u00edsica ou oportunismo para se conquistar posi\u00e7\u00f5es, sucesso profissional ou qualquer outra raz\u00e3o que n\u00e3o perfaz o bem comum.\u00a0 Nesta perspectiva, torna-se rara nos dias de hoje a verdadeira amizade, pois quase todas est\u00e3o contaminadas com o v\u00edrus do oportunismo. Quase todas possuem uma carta marcada no jogo de interesses em que se afundam as rela\u00e7\u00f5es humanas.<\/p>\n<p style=\"text-align: justify;\">\u00a0\u00a0\u00a0\u00a0\u00a0\u00a0\u00a0\u00a0\u00a0\u00a0\u00a0 Um referencial de peso \u00e9 a defini\u00e7\u00e3o mais que perfeita sobre esse sentimento: um tesouro! O mestre de Nazar\u00e9 gostava de repetir: \u201cQuem encontrou um amigo, encontrou um tesouro\u201d. Na v\u00e9spera de sua paix\u00e3o, incluiu o tema em seu discurso de despedida, dizendo: \u201cV\u00f3s sois meus amigos&#8230; J\u00e1 n\u00e3o vos chamo de servos, porque o servo n\u00e3o sabe o que faz o seu senhor. Mas chamei-vos amigos, pois vos dei a conhecer tudo quanto ouvi do meu Pai\u201d (Jo 15, 14-15). Em outras palavras, a amizade sincera \u00e9 a revela\u00e7\u00e3o de Deus entre n\u00f3s. No entanto, uma \u00fanica declara\u00e7\u00e3o de Jesus refor\u00e7a a santidade e nos prova a lealdade desse sentimento humano, quando casto e sincero aos planos do Pai: \u201cNingu\u00e9m (repito: ningu\u00e9m) tem maior amor do que aquele que d\u00e1 a vida por seus amigos\u201d (Jo 15,13).<\/p>\n","protected":false},"excerpt":{"rendered":"<p>\u00a0\u00a0\u00a0\u00a0\u00a0\u00a0\u00a0\u00a0\u00a0\u00a0\u00a0 Dentre os poucos valores que a humanidade cultiva sem distin\u00e7\u00e3o de credos, ra\u00e7a ou cor da pele est\u00e1 a amizade. S\u00f3 por isso, ainda a considero como forte sinal de esperan\u00e7a e atributo important\u00edssimo para a constru\u00e7\u00e3o do mundo novo que desejamos. \u00a0\u00a0\u00a0\u00a0\u00a0\u00a0\u00a0\u00a0\u00a0\u00a0\u00a0 Mesmo assim, essa qualidade entre os seres humanos j\u00e1 d\u00e1 sinais [&hellip;]<\/p>\n","protected":false},"author":17,"featured_media":55826,"comment_status":"open","ping_status":"closed","sticky":false,"template":"","format":"standard","meta":{"footnotes":""},"categories":[9],"tags":[],"class_list":["post-56300","post","type-post","status-publish","format-standard","has-post-thumbnail","hentry","category-artigos"],"_links":{"self":[{"href":"https:\/\/catolicanet.net\/wp-cnet\/wp-json\/wp\/v2\/posts\/56300","targetHints":{"allow":["GET"]}}],"collection":[{"href":"https:\/\/catolicanet.net\/wp-cnet\/wp-json\/wp\/v2\/posts"}],"about":[{"href":"https:\/\/catolicanet.net\/wp-cnet\/wp-json\/wp\/v2\/types\/post"}],"author":[{"embeddable":true,"href":"https:\/\/catolicanet.net\/wp-cnet\/wp-json\/wp\/v2\/users\/17"}],"replies":[{"embeddable":true,"href":"https:\/\/catolicanet.net\/wp-cnet\/wp-json\/wp\/v2\/comments?post=56300"}],"version-history":[{"count":1,"href":"https:\/\/catolicanet.net\/wp-cnet\/wp-json\/wp\/v2\/posts\/56300\/revisions"}],"predecessor-version":[{"id":56301,"href":"https:\/\/catolicanet.net\/wp-cnet\/wp-json\/wp\/v2\/posts\/56300\/revisions\/56301"}],"wp:featuredmedia":[{"embeddable":true,"href":"https:\/\/catolicanet.net\/wp-cnet\/wp-json\/wp\/v2\/media\/55826"}],"wp:attachment":[{"href":"https:\/\/catolicanet.net\/wp-cnet\/wp-json\/wp\/v2\/media?parent=56300"}],"wp:term":[{"taxonomy":"category","embeddable":true,"href":"https:\/\/catolicanet.net\/wp-cnet\/wp-json\/wp\/v2\/categories?post=56300"},{"taxonomy":"post_tag","embeddable":true,"href":"https:\/\/catolicanet.net\/wp-cnet\/wp-json\/wp\/v2\/tags?post=56300"}],"curies":[{"name":"wp","href":"https:\/\/api.w.org\/{rel}","templated":true}]}}