{"id":56298,"date":"2020-01-20T13:47:45","date_gmt":"2020-01-20T16:47:45","guid":{"rendered":"https:\/\/catolicanet.net\/wp-cnet\/?p=56298"},"modified":"2020-01-20T13:47:45","modified_gmt":"2020-01-20T16:47:45","slug":"nao-deixe-morrer-a-profecia","status":"publish","type":"post","link":"https:\/\/catolicanet.net\/wp-cnet\/nao-deixe-morrer-a-profecia\/","title":{"rendered":"N\u00e3o deixe morrer a profecia"},"content":{"rendered":"<p style=\"text-align: justify;\">Deus, Nosso Senhor, neste ano de 2020, quer contar com nosso empenho e fidelidade para seu projeto de amor, e tamb\u00e9m com nossa aten\u00e7\u00e3o na administra\u00e7\u00e3o de nossos dons e talentos, para que produzamos muitos e bons frutos. Ele, atrav\u00e9s da sua Igreja, espera muito de n\u00f3s, membros, come\u00e7ando por aqueles que t\u00eam altas fun\u00e7\u00f5es, al\u00e9m de vida interior, despojamento e sensibilidade, ao olhar o contradit\u00f3rio mundo dos seres humanos, percebendo o que \u00e9 essencial e o que d\u00e1 sentido \u00e0 exist\u00eancia humana.<\/p>\n<p style=\"text-align: justify;\">N\u00e3o devemos procur\u00e1-lo l\u00e1 fora, mas a partir do sil\u00eancio interior, porque, sem este, tudo se torna barulhento e vazio, n\u00e3o nos permitindo separar o verdadeiro do n\u00e3o verdadeiro. Inseridos em incont\u00e1veis sinais paradoxais, tomemos, como algo vital, nossa proximidade com a profecia de Dom Helder: \u201cQuando houver contraste entre a tua alegria e um c\u00e9u cinzento, ou entre a tua tristeza e um c\u00e9u em festa, bendiz o desencontro, que \u00e9 um aviso divino de que o mundo n\u00e3o come\u00e7a e nem acaba em ti\u201d. Que possamos nos agarrar \u00e0 m\u00edstica e consequente aventura da esperan\u00e7a crist\u00e3.<\/p>\n<p style=\"text-align: justify;\">&#8220;Sil\u00eancio&#8221; gira em torno do contexto encantador e admir\u00e1vel da cria\u00e7\u00e3o, na compreens\u00e3o do que encontramos de belo e sagrado em S\u00e3o Francisco, &#8220;il poverello di Assisi&#8221;, ao chamar de irm\u00e3os e irm\u00e3s tudo o que existe, e com a maior ternura, come\u00e7ando pelo Sol, continuando pela Lua, as estrelas, os animais e as plantas! Precisamos, de verdade, aprender com o Servo de Deus, Dom Helder C\u00e2mara, grande dom e heran\u00e7a de todos n\u00f3s, ao voltar-se para o povo brasileiro, quando por ocasi\u00e3o das visitas de seus amigos e admiradores, implorando: \u201cN\u00e3o deixe morrer a profecia\u201d.<\/p>\n<p style=\"text-align: justify;\">N\u00f3s, seguidores de Jesus de Nazar\u00e9, afastados dos pecados do medo, da in\u00e9rcia e do n\u00e3o arriscar, saibamos escutar o sil\u00eancio de Deus em meio \u00e0 dor e \u00e0 ang\u00fastia humanas. Seria a melhor maneira de compreender e interiorizar o que o referido sil\u00eancio significa para n\u00f3s, numa atitude interior, com o mesmo clamor, a pedir coragem, indispens\u00e1vel na caminhada. O exemplo e o rigor do art\u00edfice da n\u00e3o viol\u00eancia foram anunciados e ensinados na mais elevada esperan\u00e7a: \u201cUm mundo melhor \u00e9 poss\u00edvel\u201d. Assim seja!<\/p>\n","protected":false},"excerpt":{"rendered":"<p>Deus, Nosso Senhor, neste ano de 2020, quer contar com nosso empenho e fidelidade para seu projeto de amor, e tamb\u00e9m com nossa aten\u00e7\u00e3o na administra\u00e7\u00e3o de nossos dons e talentos, para que produzamos muitos e bons frutos. Ele, atrav\u00e9s da sua Igreja, espera muito de n\u00f3s, membros, come\u00e7ando por aqueles que t\u00eam altas fun\u00e7\u00f5es, [&hellip;]<\/p>\n","protected":false},"author":6,"featured_media":55824,"comment_status":"open","ping_status":"closed","sticky":false,"template":"","format":"standard","meta":{"footnotes":""},"categories":[9],"tags":[],"class_list":["post-56298","post","type-post","status-publish","format-standard","has-post-thumbnail","hentry","category-artigos"],"_links":{"self":[{"href":"https:\/\/catolicanet.net\/wp-cnet\/wp-json\/wp\/v2\/posts\/56298","targetHints":{"allow":["GET"]}}],"collection":[{"href":"https:\/\/catolicanet.net\/wp-cnet\/wp-json\/wp\/v2\/posts"}],"about":[{"href":"https:\/\/catolicanet.net\/wp-cnet\/wp-json\/wp\/v2\/types\/post"}],"author":[{"embeddable":true,"href":"https:\/\/catolicanet.net\/wp-cnet\/wp-json\/wp\/v2\/users\/6"}],"replies":[{"embeddable":true,"href":"https:\/\/catolicanet.net\/wp-cnet\/wp-json\/wp\/v2\/comments?post=56298"}],"version-history":[{"count":1,"href":"https:\/\/catolicanet.net\/wp-cnet\/wp-json\/wp\/v2\/posts\/56298\/revisions"}],"predecessor-version":[{"id":56299,"href":"https:\/\/catolicanet.net\/wp-cnet\/wp-json\/wp\/v2\/posts\/56298\/revisions\/56299"}],"wp:featuredmedia":[{"embeddable":true,"href":"https:\/\/catolicanet.net\/wp-cnet\/wp-json\/wp\/v2\/media\/55824"}],"wp:attachment":[{"href":"https:\/\/catolicanet.net\/wp-cnet\/wp-json\/wp\/v2\/media?parent=56298"}],"wp:term":[{"taxonomy":"category","embeddable":true,"href":"https:\/\/catolicanet.net\/wp-cnet\/wp-json\/wp\/v2\/categories?post=56298"},{"taxonomy":"post_tag","embeddable":true,"href":"https:\/\/catolicanet.net\/wp-cnet\/wp-json\/wp\/v2\/tags?post=56298"}],"curies":[{"name":"wp","href":"https:\/\/api.w.org\/{rel}","templated":true}]}}