{"id":56281,"date":"2020-01-20T13:23:22","date_gmt":"2020-01-20T16:23:22","guid":{"rendered":"https:\/\/catolicanet.net\/wp-cnet\/?p=56281"},"modified":"2020-01-20T13:23:22","modified_gmt":"2020-01-20T16:23:22","slug":"como-a-vida-de-santa-ines-pode-nos-ensinar-a-levar-as-criancas-a-serio","status":"publish","type":"post","link":"https:\/\/catolicanet.net\/wp-cnet\/como-a-vida-de-santa-ines-pode-nos-ensinar-a-levar-as-criancas-a-serio\/","title":{"rendered":"Como a vida de Santa In\u00eas pode nos ensinar a levar as crian\u00e7as a s\u00e9rio"},"content":{"rendered":"<div class=\"io-div\" data-io-article-url=\"https:\/\/pt.aleteia.org\/2020\/01\/20\/como-a-vida-de-santa-ines-pode-nos-ensinar-a-levar-as-criancas-a-serio\/\">\n<h2 class=\"subtitle\" style=\"text-align: justify;\">Como adultos, h\u00e1 li\u00e7\u00f5es a aprender, mesmo com crian\u00e7as muito pequenas<\/h2>\n<div class=\"base-post-content\">Minha filha de cinco anos, como costumam fazer as crian\u00e7as, recentemente me deu uma obra de arte que ela havia criado. Eram as palavras \u201cOra\u00e7\u00e3o do Senhor\u201d em letras chiques \u2013 ou pelo menos eram chiques na imagina\u00e7\u00e3o de uma crian\u00e7a de cinco anos.<\/div>\n<div class=\"base-post-content\">\n<p style=\"text-align: justify;\">Quando as crian\u00e7as nos d\u00e3o obras de arte, n\u00f3s sempre ficamos felizes. Essas pequenas lembran\u00e7as da inf\u00e2ncia s\u00e3o especiais para n\u00f3s, n\u00e3o pela qualidade art\u00edstica, mas pelo que o trabalho envolve.<\/p>\n<p style=\"text-align: justify;\">O desenho de uma crian\u00e7a \u00e9 um verdadeiro presente, um ato generoso simplesmente porque elas te amam e pensam que o presente te deixar\u00e1 feliz. A motiva\u00e7\u00e3o subjacente ao presente \u00e9 s\u00e9ria.<\/p>\n<p style=\"text-align: justify;\">Quando minha filha me deu a \u201cOra\u00e7\u00e3o do Senhor\u201d, foi especialmente emocionante porque mostrou que ela est\u00e1 pensando em seu relacionamento com Deus de uma maneira profunda e significativa. N\u00e3o importa como as palavras est\u00e3o escritas, o ponto \u00e9 que ela passou um tempo em contempla\u00e7\u00e3o silenciosa, elaborando em esp\u00edrito de ora\u00e7\u00e3o uma bela express\u00e3o visual de sua f\u00e9.<\/p>\n<p style=\"text-align: justify;\">Meus meninos t\u00eam uma vers\u00e3o infantil dos itens usados \u200b\u200bdurante uma missa. Eles tamb\u00e9m t\u00eam roupas de padre do tamanho de crian\u00e7as. Ocasionalmente, eles pegam o kit de brinquedos, vestem-se e lideram uma grande prociss\u00e3o pela sala de jantar antes de se estabelecerem para cantar suas aleluias e come\u00e7ar a missa.<\/p>\n<p style=\"text-align: justify;\">Eles confundem a maior parte, obviamente. Durante muito tempo, pensei que essa missa fingida era apenas uma brincadeira, mas quanto mais pensava nisso, mais comecei a v\u00ea-la como outra forma de algo como o desenho da minha filha. Os meninos brincam disso porque levam a s\u00e9rio a missa.<\/p>\n<div class=\"nativo-inread\" style=\"text-align: justify;\"><\/div>\n<div id=\"aleteia-welcome\" style=\"text-align: justify;\" data-google-query-id=\"CMzVnvnKkucCFbEE1AodntwNmQ\">\n<div id=\"google_ads_iframe_\/64500793\/PT_DESK_ARTICLE_WELCOME_1X1_0__container__\"><iframe id=\"google_ads_iframe_\/64500793\/PT_DESK_ARTICLE_WELCOME_1X1_0\" title=\"3rd party ad content\" name=\"google_ads_iframe_\/64500793\/PT_DESK_ARTICLE_WELCOME_1X1_0\" width=\"1\" height=\"1\" frameborder=\"0\" marginwidth=\"0\" marginheight=\"0\" scrolling=\"no\" data-google-container-id=\"2\" data-load-complete=\"true\" data-mce-fragment=\"1\"><\/iframe><\/div>\n<\/div>\n<p style=\"text-align: justify;\">Eu estive pensando sobre tudo isso ao recordar Santa In\u00eas (Agnes). Minha esposa e eu amamos tanto santa In\u00eas que nomeamos uma de nossas filhas em homenagem a ela, ent\u00e3o seu dia de festa \u00e9 especial para nossa fam\u00edlia.<\/p>\n<p style=\"text-align: justify;\">O que as pessoas podem n\u00e3o saber sobre In\u00eas \u00e9 como ela era jovem quando morreu. Por volta do ano 304, uma curiosa multid\u00e3o se reuniu na corte de um poderoso prefeito romano. Diante dele, estava In\u00eas, com 12 anos. Pelos padr\u00f5es de hoje, apenas uma crian\u00e7a.<\/p>\n<p style=\"text-align: justify;\">Naquele dia, as meninas dessa idade se comprometeriam em casamento com homens mais velhos, e quando um nobre romano pedisse que ela se casasse com ele, n\u00e3o considerava a recusa.<\/p>\n<p style=\"text-align: justify;\">Mas In\u00eas recusou, porque ela queria dedicar sua vida a Deus. Sua determina\u00e7\u00e3o foi feroz \u2013 n\u00e3o era brincadeira de crian\u00e7a. De fato, ela continuou a recusar o casamento, mesmo depois que o homem mais velho a denunciou \u00e0s autoridades pelo crime de ser crist\u00e3. Ela continuou mantendo sua f\u00e9, enquanto a multid\u00e3o observava o prefeito a questionar. Ela continuou a confiar em Deus, mesmo quando um carrasco a levou a ser queimada em uma estaca.<\/p>\n<p style=\"text-align: justify;\">As crian\u00e7as podem ser pequenas, mas t\u00eam grandes cora\u00e7\u00f5es. Elas brincam e parecem se envolver em atividades fr\u00edvolas, mas todos os seus jogos e pensamentos, mesmo que mostrem um ser ainda em processo de amadurecimento, s\u00e3o bastante s\u00e9rios.<\/p>\n<p style=\"text-align: justify;\">Elas n\u00e3o conseguem ficar quietas no banco durante a missa, mas sua f\u00e9 pode ser mais forte do que qualquer outra pessoa ao redor. Eu j\u00e1 vi isso v\u00e1rias vezes com meus pr\u00f3prios filhos, e tamb\u00e9m notei isso nas hist\u00f3rias de santos muito jovens como In\u00eas.<\/p>\n<p style=\"text-align: justify;\">As crian\u00e7as, estou bastante confiante, devem ser levadas a s\u00e9rio, n\u00e3o apenas por elas mesmas, mas tamb\u00e9m por n\u00f3s. Quando adultos, h\u00e1 li\u00e7\u00f5es a serem aprendidas com nossos filhos pequenos.<\/p>\n<p style=\"text-align: justify;\">Onde um adulto pode ser capaz de se justificar, as crian\u00e7as se apegam \u00e0 verdade com sinceridade e tenacidade. Uma crian\u00e7a nunca aceita uma meia-verdade, e tem respostas sinceras e honestas para o que acredita. Isso resulta em grande for\u00e7a de car\u00e1ter.<\/p>\n<p style=\"text-align: justify;\">Em sua depend\u00eancia do sobrenatural, In\u00eas conseguiu reivindicar sua liberdade para fazer suas pr\u00f3prias escolhas e teve a coragem de sustent\u00e1-las. Suas motiva\u00e7\u00f5es eram puras e suas convic\u00e7\u00f5es, intransigentes. Ela era como uma crian\u00e7a oferecendo a seu pai sua melhor obra de arte \u2013 um presente muito s\u00e9rio.<\/p>\n<p style=\"text-align: justify;\">In\u00eas (Agnes), a santa padroeira da inoc\u00eancia e pureza, \u00e9 uma epifania. Ela \u00e9 uma revela\u00e7\u00e3o de que, como qualquer crian\u00e7a sabe, Deus merece ser amado com cada pedacinho do nosso cora\u00e7\u00e3o.<\/p>\n<p style=\"text-align: justify;\">\u00c9 hora dos adultos ultrapassarem seus h\u00e1bitos egoc\u00eantricos e reconhecerem as verdades que simples que nunca deveriam esquecer: aqueles que amam veem com mais clareza, e a inoc\u00eancia anda de m\u00e3os dadas com a sabedoria.<\/p>\n<p style=\"text-align: justify;\">Foi isso que meus filhos e Santa In\u00eas me ensinaram. E isso \u00e9 muito s\u00e9rio.<\/p>\n<\/div>\n<\/div>\n","protected":false},"excerpt":{"rendered":"<p>Como adultos, h\u00e1 li\u00e7\u00f5es a aprender, mesmo com crian\u00e7as muito pequenas Minha filha de cinco anos, como costumam fazer as crian\u00e7as, recentemente me deu uma obra de arte que ela havia criado. Eram as palavras \u201cOra\u00e7\u00e3o do Senhor\u201d em letras chiques \u2013 ou pelo menos eram chiques na imagina\u00e7\u00e3o de uma crian\u00e7a de cinco anos. [&hellip;]<\/p>\n","protected":false},"author":1,"featured_media":56282,"comment_status":"open","ping_status":"closed","sticky":false,"template":"","format":"standard","meta":{"footnotes":""},"categories":[4,13],"tags":[],"class_list":["post-56281","post","type-post","status-publish","format-standard","has-post-thumbnail","hentry","category-cotidiano","category-featured"],"_links":{"self":[{"href":"https:\/\/catolicanet.net\/wp-cnet\/wp-json\/wp\/v2\/posts\/56281","targetHints":{"allow":["GET"]}}],"collection":[{"href":"https:\/\/catolicanet.net\/wp-cnet\/wp-json\/wp\/v2\/posts"}],"about":[{"href":"https:\/\/catolicanet.net\/wp-cnet\/wp-json\/wp\/v2\/types\/post"}],"author":[{"embeddable":true,"href":"https:\/\/catolicanet.net\/wp-cnet\/wp-json\/wp\/v2\/users\/1"}],"replies":[{"embeddable":true,"href":"https:\/\/catolicanet.net\/wp-cnet\/wp-json\/wp\/v2\/comments?post=56281"}],"version-history":[{"count":1,"href":"https:\/\/catolicanet.net\/wp-cnet\/wp-json\/wp\/v2\/posts\/56281\/revisions"}],"predecessor-version":[{"id":56283,"href":"https:\/\/catolicanet.net\/wp-cnet\/wp-json\/wp\/v2\/posts\/56281\/revisions\/56283"}],"wp:featuredmedia":[{"embeddable":true,"href":"https:\/\/catolicanet.net\/wp-cnet\/wp-json\/wp\/v2\/media\/56282"}],"wp:attachment":[{"href":"https:\/\/catolicanet.net\/wp-cnet\/wp-json\/wp\/v2\/media?parent=56281"}],"wp:term":[{"taxonomy":"category","embeddable":true,"href":"https:\/\/catolicanet.net\/wp-cnet\/wp-json\/wp\/v2\/categories?post=56281"},{"taxonomy":"post_tag","embeddable":true,"href":"https:\/\/catolicanet.net\/wp-cnet\/wp-json\/wp\/v2\/tags?post=56281"}],"curies":[{"name":"wp","href":"https:\/\/api.w.org\/{rel}","templated":true}]}}