{"id":56216,"date":"2020-01-16T09:27:42","date_gmt":"2020-01-16T12:27:42","guid":{"rendered":"https:\/\/catolicanet.net\/wp-cnet\/?p=56216"},"modified":"2020-01-16T09:27:42","modified_gmt":"2020-01-16T12:27:42","slug":"francisco-encontra-crianca-do-senegal-operada-do-coracao-no-hospital-do-papa","status":"publish","type":"post","link":"https:\/\/catolicanet.net\/wp-cnet\/francisco-encontra-crianca-do-senegal-operada-do-coracao-no-hospital-do-papa\/","title":{"rendered":"Francisco encontra crian\u00e7a do Senegal operada do cora\u00e7\u00e3o no Hospital do Papa"},"content":{"rendered":"<div class=\"article__subTitle\" style=\"text-align: justify;\">A pequena Daba Diouf perdeu a m\u00e3e aos 15 dias de vida e tinha uma grav\u00edssima malforma\u00e7\u00e3o card\u00edaca. Com o apoio da Santa S\u00e9 e de uma for\u00e7a-tarefa solid\u00e1ria do Senegal e da It\u00e1lia, o beb\u00ea enfrentou a viagem a\u00e9rea entre os dois pa\u00edses e uma opera\u00e7\u00e3o do cora\u00e7\u00e3o para se salvar. Nesta quarta-feira (16), na Audi\u00eancia Geral no Vaticano, Daba, hoje com 1 ano e meio, recebeu a solidariedade do Papa Francisco.<\/div>\n<div class=\"title__separator\" style=\"text-align: justify;\"><\/div>\n<div class=\"article__text\">\n<p style=\"text-align: justify;\"><b>Andressa Collet \u2013 Cidade do Vaticano<\/b><\/p>\n<p style=\"text-align: justify;\">O Papa Francisco teve um encontro especial na Audi\u00eancia Geral desta quarta-feira (15) quando abra\u00e7ou a pequena Daba Diouf, do Senegal, que hoje tem 1 ano e meio. Ela estava acompanhada de uma tia \u2013 j\u00e1 que a m\u00e3e morreu 15 dias depois do parto \u2013 e tamb\u00e9m da equipe \u201csolid\u00e1ria\u201d que ajudou o beb\u00ea a escapar da morte.<\/p>\n<p style=\"text-align: justify;\">Na edi\u00e7\u00e3o desta quinta-feira (16), o jornal <a href=\"http:\/\/www.osservatoreromano.va\/vaticanresources\/pdf\/QUO_2020_011_1601.pdf\" target=\"_self\" rel=\"external noopener noreferrer\">L\u2019Osservatore Romano<\/a> conta a curta, mas j\u00e1 importante hist\u00f3ria de vida de Daba que conseguiu reverter uma \u201csenten\u00e7a de morte\u201d aos 6 meses de idade. Em fevereiro de 2019, o cardeal Peter Turkson, prefeito do Dicast\u00e9rio para o Servi\u00e7o do Desenvolvimento Humano Integral, pediu \u00e0 Irm\u00e3 C\u00e9lestine, \u00e0s irm\u00e3s franciscanas polonesas do orfanato de Dakar e \u00e0 sua colaboradora, Alessandra Silvi, para \u201cfazer o imposs\u00edvel para que a pequena, com uma grav\u00edssima malforma\u00e7\u00e3o card\u00edaca\u201d, fosse operada do cora\u00e7\u00e3o no Hospital Pedi\u00e1trico Bambino Ges\u00f9, de Roma, conhecido como Hospital do Papa.<\/p>\n<p style=\"text-align: justify;\">A diplomacia da Santa S\u00e9, segundo Alessandra Silvi, resolveu as quest\u00f5es burocr\u00e1ticas para ajudar a \u201csalvar a vida de Daba\u201d. A equipe solid\u00e1ria e as associa\u00e7\u00f5es Kim e Flying Angels de G\u00eanova, empresa italiana especializada nesse tipo de transporte, tornaram poss\u00edvel a complicada viagem de avi\u00e3o entre Dakar e Roma.<\/p>\n<h2 style=\"text-align: justify;\">H\u00e1 23 anos ajudando pequenos doentes<\/h2>\n<p style=\"text-align: justify;\">A <a href=\"http:\/\/www.associazionekim.it\/\" target=\"_self\" rel=\"external nofollow noopener noreferrer\">Associa\u00e7\u00e3o Kim<\/a>, como explica a vice-presidente Bernadette Guarrera, h\u00e1 23 anos acolhe menores italianos e estrangeiros, gravemente doentes e em dif\u00edcil situa\u00e7\u00e3o econ\u00f4mica, de mais de 60 pa\u00edses. O direito \u00e0 sa\u00fade dos pequenos \u00e9 dado de forma gratuita, desde a acolhida, a tutela e a interna\u00e7\u00e3o em hospital. O compromisso da entidade italiana, finaliza a vice-presidente, \u201cse estende tamb\u00e9m \u00e0s atividades de sensibiliza\u00e7\u00e3o e de difus\u00e3o da cultura de integra\u00e7\u00e3o, da solidariedade e do voluntariado\u201d, fazendo justi\u00e7a \u00e0s crian\u00e7as doentes e suas fam\u00edlias.<\/p>\n<\/div>\n","protected":false},"excerpt":{"rendered":"<p>A pequena Daba Diouf perdeu a m\u00e3e aos 15 dias de vida e tinha uma grav\u00edssima malforma\u00e7\u00e3o card\u00edaca. Com o apoio da Santa S\u00e9 e de uma for\u00e7a-tarefa solid\u00e1ria do Senegal e da It\u00e1lia, o beb\u00ea enfrentou a viagem a\u00e9rea entre os dois pa\u00edses e uma opera\u00e7\u00e3o do cora\u00e7\u00e3o para se salvar. Nesta quarta-feira (16), [&hellip;]<\/p>\n","protected":false},"author":1,"featured_media":56217,"comment_status":"open","ping_status":"closed","sticky":false,"template":"","format":"standard","meta":{"footnotes":""},"categories":[3],"tags":[],"class_list":["post-56216","post","type-post","status-publish","format-standard","has-post-thumbnail","hentry","category-vaticano"],"_links":{"self":[{"href":"https:\/\/catolicanet.net\/wp-cnet\/wp-json\/wp\/v2\/posts\/56216","targetHints":{"allow":["GET"]}}],"collection":[{"href":"https:\/\/catolicanet.net\/wp-cnet\/wp-json\/wp\/v2\/posts"}],"about":[{"href":"https:\/\/catolicanet.net\/wp-cnet\/wp-json\/wp\/v2\/types\/post"}],"author":[{"embeddable":true,"href":"https:\/\/catolicanet.net\/wp-cnet\/wp-json\/wp\/v2\/users\/1"}],"replies":[{"embeddable":true,"href":"https:\/\/catolicanet.net\/wp-cnet\/wp-json\/wp\/v2\/comments?post=56216"}],"version-history":[{"count":1,"href":"https:\/\/catolicanet.net\/wp-cnet\/wp-json\/wp\/v2\/posts\/56216\/revisions"}],"predecessor-version":[{"id":56218,"href":"https:\/\/catolicanet.net\/wp-cnet\/wp-json\/wp\/v2\/posts\/56216\/revisions\/56218"}],"wp:featuredmedia":[{"embeddable":true,"href":"https:\/\/catolicanet.net\/wp-cnet\/wp-json\/wp\/v2\/media\/56217"}],"wp:attachment":[{"href":"https:\/\/catolicanet.net\/wp-cnet\/wp-json\/wp\/v2\/media?parent=56216"}],"wp:term":[{"taxonomy":"category","embeddable":true,"href":"https:\/\/catolicanet.net\/wp-cnet\/wp-json\/wp\/v2\/categories?post=56216"},{"taxonomy":"post_tag","embeddable":true,"href":"https:\/\/catolicanet.net\/wp-cnet\/wp-json\/wp\/v2\/tags?post=56216"}],"curies":[{"name":"wp","href":"https:\/\/api.w.org\/{rel}","templated":true}]}}