{"id":56210,"date":"2020-01-16T08:51:34","date_gmt":"2020-01-16T11:51:34","guid":{"rendered":"https:\/\/catolicanet.net\/wp-cnet\/?p=56210"},"modified":"2020-01-16T08:51:34","modified_gmt":"2020-01-16T11:51:34","slug":"i-congresso-missionario-nacional-e-v-missao-sem-fronteiras-reune-jovens-de-todo-o-brasil","status":"publish","type":"post","link":"https:\/\/catolicanet.net\/wp-cnet\/i-congresso-missionario-nacional-e-v-missao-sem-fronteiras-reune-jovens-de-todo-o-brasil\/","title":{"rendered":"I Congresso Mission\u00e1rio Nacional e V Miss\u00e3o Sem Fronteiras re\u00fane jovens de todo o Brasil"},"content":{"rendered":"<p style=\"text-align: justify;\">Desembarcam em Bras\u00edlia, nesta semana, vindos de todos os cantos do pa\u00eds, jovens que atuam nos grupos da Juventude Mission\u00e1ria (JM), atividade da Pontif\u00edcia Obra da Propaga\u00e7\u00e3o da F\u00e9. O grande objetivo \u00e9 celebrar os 15 anos de exist\u00eancia da JM no Brasil e viver uma experi\u00eancia mission\u00e1ria juntos \u00e0s comunidades de Planaltina (DF).<\/p>\n<p style=\"text-align: justify;\"><a href=\"http:\/\/www.pom.org.br\/wp-content\/uploads\/2020\/01\/20200114-141650.jpg\"><img loading=\"lazy\" decoding=\"async\" class=\"alignleft wp-image-13008\" src=\"http:\/\/www.pom.org.br\/wp-content\/uploads\/2020\/01\/20200114-141650-300x225.jpg\" alt=\"20200114_141650\" width=\"400\" height=\"300\" \/><\/a>O I Congresso Mission\u00e1rio Nacional e a V Miss\u00e3o Sem Fronteiras v\u00e3o reunir mais de 200 participantes, entre os dias 15 e 19 de janeiro. Com o tema \u201cBatizados e enviados: as juventudes em miss\u00e3o no mundo\u201d, os eventos buscam fortalecer a identidade da JM, favorecendo a comunh\u00e3o dos grupos, bem como, o protagonismo juvenil.<\/p>\n<p style=\"text-align: justify;\">O secret\u00e1rio da Obra da Propaga\u00e7\u00e3o da F\u00e9, padre Badacer Neto, destaca que as expectativas s\u00e3o positivas para acolher as lideran\u00e7as da JM nesta semana. \u201cEsperamos que o carisma e a identidade da JM sejam fortalecidos, para que os jovens possam retornar para suas localidades contribuindo de forma mais eficaz na viv\u00eancia da anima\u00e7\u00e3o mission\u00e1ria. O clima \u00e9 de alegria e de partilha da f\u00e9\u201d, destacou.<\/p>\n<p style=\"text-align: justify;\">O diretor das Pontif\u00edcias Obras Mission\u00e1rias (POM), padre Maur\u00edcio Jardim, ao falar sobre a hist\u00f3ria de 15 anos de protagonismo da Juventude Mission\u00e1ria no Brasil, agradeceu pela viv\u00eancia que \u201cvem desencadeando processos de reflex\u00e3o e forma\u00e7\u00e3o\u201d. O padre explica que o encontro na regi\u00e3o administrativa de Planaltina conclui o percurso definido pelo Plano Trienal (2017-2020): \u201cO importante \u00e9 desencadear processos de forma\u00e7\u00e3o integral, de acompanhamento \u00e0s juventudes, de articula\u00e7\u00e3o, miss\u00e3o e espiritualidade. O tema deste congresso quer recuperar o M\u00eas Mission\u00e1rio Extraordin\u00e1rio, de outubro de 2019. \u00c9 uma alegria neste tempo do magist\u00e9rio do Papa Francisco, que convida toda a Igreja a estar em sa\u00edda, celebrarmos esse congresso e a Miss\u00e3o Sem Fronteiras, nos 15 anos de caminhada da Juventude Mission\u00e1ria\u201d, lembrou padre Maur\u00edcio.<\/p>\n<p style=\"text-align: justify;\"><strong>Miss\u00e3o Sem Fronteiras<\/strong><br \/>\nEm sua quinta edi\u00e7\u00e3o, a experi\u00eancia Miss\u00e3o Sem Fronteiras vai ganhar as ruas de Planaltina atrav\u00e9s de vistas \u00e0s comunidades, realiza\u00e7\u00e3o de oficinas e colabora\u00e7\u00e3o em projetos locais. \u00c9 a oportunidade dos jovens manifestarem, do seu jeito, atitudes que promovam a inclus\u00e3o e a transforma\u00e7\u00e3o social.<\/p>\n<p style=\"text-align: justify;\">Em seu hist\u00f3rico, a Miss\u00e3o Sem Fronteiras visa fortalecer o v\u00ednculo e a intera\u00e7\u00e3o entre os jovens de todo o Brasil. Para essa experi\u00eancia, escolhe-se uma realidade do pa\u00eds onde os jovens possam realizar visitas, forma\u00e7\u00f5es e oficinas mission\u00e1rias. O projeto j\u00e1 foi realizado em Contagem (MG), em 2019; Viam\u00e3o (RS), em 2018; Itapebussu (CE), em 2017; e Ananindeua (PA), em 2016. Em 2020, o projeto acontece em Planaltina (DF), nas par\u00f3quias de Santa Rita, Nossa Senhora de Nazar\u00e9 e S\u00e3o Vicente.<\/p>\n<p style=\"text-align: justify;\"><a href=\"http:\/\/www.pom.org.br\/wp-content\/uploads\/2020\/01\/20200114-130531.jpg\"><img loading=\"lazy\" decoding=\"async\" class=\"alignright wp-image-13007\" src=\"http:\/\/www.pom.org.br\/wp-content\/uploads\/2020\/01\/20200114-130531-300x225.jpg\" alt=\"20200114_130531\" width=\"400\" height=\"300\" \/><\/a>A jovem Mariana Moreira, do Rio Grande do Norte, participou da Miss\u00e3o Sem Fronteiras do ano passado, e destaca a experi\u00eancia: \u201cA partilha da amizade e da solidariedade enriquece os momentos vividos. Cada um pode trazer aquilo que carrega consigo e partilhar com os outros. A gente se constr\u00f3i com a experi\u00eancia de cada um\u201d, lembrou a jovem.<\/p>\n<p style=\"text-align: justify;\"><strong>Acolhida e missa de abertura<\/strong><br \/>\nOs mais de 200 jovens ser\u00e3o acolhidos nas fam\u00edlias de Planaltina. O processo de prepara\u00e7\u00e3o acontece h\u00e1 mais de quatro meses e envolve lideran\u00e7as de diversos grupos e comunidades. A missa de abertura ser\u00e1 realizada nesta quarta, 15 de janeiro, \u00e0s 20h, na par\u00f3quia Santa Rita de C\u00e1ssia.<\/p>\n<p style=\"text-align: justify;\">A missa de encerramento, que acontece no domingo, 19 de janeiro, \u00e0s 9h, ser\u00e1 presidida pelo arcebispo de Bras\u00edlia, cardeal Sergio da Rocha.<\/p>\n<p style=\"text-align: justify;\"><strong>Alguns destaques no cronograma:<\/strong><\/p>\n<p style=\"text-align: justify;\"><strong>15.01.2020 (Quarta)<\/strong><br \/>\n20:00 \u2013 Missa de abertura com as fam\u00edlias acolhedoras<\/p>\n<p style=\"text-align: justify;\"><strong>16.01.2020 (Quinta)<\/strong><br \/>\n<strong>Manh\u00e3<\/strong><br \/>\n08:45 \u2013 Mesa de abertura<br \/>\n09:15 \u2013 Testemunho Mission\u00e1rio<br \/>\n09:30 \u2013 Confer\u00eancia \u201cBatizados e enviados: as juventudes em miss\u00e3o no mundo\u201d, com Pe. Ant\u00f4nio Niemiec, Secret\u00e1rio da Pontif\u00edcia Uni\u00e3o Mission\u00e1ria<br \/>\n11:00 \u2013 Fila do Povo (Debate)<br \/>\n12:00 \u2013 Testemunho Mission\u00e1rio<\/p>\n<p style=\"text-align: justify;\"><strong>Tarde<\/strong><br \/>\n14:00 \u2013 Rodas de conversas e Oficinas<br \/>\n16:15 \u2013 S\u00edntese das oficinas e rodas de conversas<br \/>\n16:30 \u2013 Apresenta\u00e7\u00e3o Cultural Macrorregi\u00e3o<br \/>\n18:00 \u2013 Missa e Adora\u00e7\u00e3o<\/p>\n<p style=\"text-align: justify;\"><strong>17.01.2020 (Sexta)<\/strong><br \/>\n<strong>Manh\u00e3<\/strong><br \/>\n08:30 \u2013 Dan\u00e7a Circular<br \/>\n09:00 \u2013 Leitura Orante<br \/>\n09:50 \u2013 Prop\u00f3sitos de vida para a JM do Brasil<br \/>\n10:30 \u2013 Partilha em Grupos no pr\u00f3prio local<br \/>\n11:30 \u2013 Plen\u00e1rio<\/p>\n<p style=\"text-align: justify;\"><strong>Tarde<\/strong><br \/>\n14:00 \u2013 Rodas de conversas e Oficinas<br \/>\n16:15 \u2013 S\u00edntese das oficinas e rodas de conversas<br \/>\n16:45 \u2013 Testemunho Mission\u00e1rio<br \/>\n17:00 \u2013 Informa\u00e7\u00f5es sobre atividades mission\u00e1rias do dia seguinte<br \/>\n17:30 \u2013 Prepara\u00e7\u00e3o para a missa e anima\u00e7\u00e3o<br \/>\n18:00 \u2013 Missa de Envio para experi\u00eancias mission\u00e1rias<br \/>\n19:30 \u2013 Jantar e noite cultural<\/p>\n<p style=\"text-align: justify;\"><strong>18.01.2020 (S\u00e1bado) \u2013 Pernoite nas fam\u00edlias das par\u00f3quias<\/strong><br \/>\n<strong>Manh\u00e3<\/strong><br \/>\n06:00 \u2013 Viv\u00eancias Mission\u00e1rias nas par\u00f3quias e comunidades (Visita \u00e0s fam\u00edlias)<\/p>\n<p style=\"text-align: justify;\"><strong>Tarde<\/strong><br \/>\n14:00 \u2013 Viv\u00eancias Mission\u00e1rias nas par\u00f3quias e comunidades (Oficinas, visitas ou colabora\u00e7\u00e3o com alguma a\u00e7\u00e3o que a par\u00f3quia j\u00e1 venha desenvolvendo)<br \/>\n19:00 \u2013 Missa, partilhas, celebra\u00e7\u00f5es ou momento de espiritualidade<br \/>\n20:30 \u2013 Noite com a comunidade<\/p>\n<p style=\"text-align: justify;\"><strong>19.01.2020 (Domingo)<\/strong><br \/>\n07:00 \u2013 Despertar, caf\u00e9 nas fam\u00edlias e encaminhamento para a Par\u00f3quia Santa Rita<br \/>\n09:00 \u2013 Missa de Envio<br \/>\n11:00 \u2013 Mesa de Encerramento, Considera\u00e7\u00f5es, Leitura da Carta Final do Congresso e Apresenta\u00e7\u00e3o da Nova Equipe e dos Coordenadores Estaduais<br \/>\n14:00 \u2013 Tour por Bras\u00edlia<\/p>\n<p style=\"text-align: justify;\">\n<pre>Com informa\u00e7\u00f5es e imagens das Pontif\u00edcias Obras Mission\u00e1rias<\/pre>\n","protected":false},"excerpt":{"rendered":"<p>Desembarcam em Bras\u00edlia, nesta semana, vindos de todos os cantos do pa\u00eds, jovens que atuam nos grupos da Juventude Mission\u00e1ria (JM), atividade da Pontif\u00edcia Obra da Propaga\u00e7\u00e3o da F\u00e9. O grande objetivo \u00e9 celebrar os 15 anos de exist\u00eancia da JM no Brasil e viver uma experi\u00eancia mission\u00e1ria juntos \u00e0s comunidades de Planaltina (DF). O [&hellip;]<\/p>\n","protected":false},"author":1,"featured_media":56211,"comment_status":"open","ping_status":"closed","sticky":false,"template":"","format":"standard","meta":{"footnotes":""},"categories":[7],"tags":[],"class_list":["post-56210","post","type-post","status-publish","format-standard","has-post-thumbnail","hentry","category-cnbb"],"_links":{"self":[{"href":"https:\/\/catolicanet.net\/wp-cnet\/wp-json\/wp\/v2\/posts\/56210","targetHints":{"allow":["GET"]}}],"collection":[{"href":"https:\/\/catolicanet.net\/wp-cnet\/wp-json\/wp\/v2\/posts"}],"about":[{"href":"https:\/\/catolicanet.net\/wp-cnet\/wp-json\/wp\/v2\/types\/post"}],"author":[{"embeddable":true,"href":"https:\/\/catolicanet.net\/wp-cnet\/wp-json\/wp\/v2\/users\/1"}],"replies":[{"embeddable":true,"href":"https:\/\/catolicanet.net\/wp-cnet\/wp-json\/wp\/v2\/comments?post=56210"}],"version-history":[{"count":1,"href":"https:\/\/catolicanet.net\/wp-cnet\/wp-json\/wp\/v2\/posts\/56210\/revisions"}],"predecessor-version":[{"id":56212,"href":"https:\/\/catolicanet.net\/wp-cnet\/wp-json\/wp\/v2\/posts\/56210\/revisions\/56212"}],"wp:featuredmedia":[{"embeddable":true,"href":"https:\/\/catolicanet.net\/wp-cnet\/wp-json\/wp\/v2\/media\/56211"}],"wp:attachment":[{"href":"https:\/\/catolicanet.net\/wp-cnet\/wp-json\/wp\/v2\/media?parent=56210"}],"wp:term":[{"taxonomy":"category","embeddable":true,"href":"https:\/\/catolicanet.net\/wp-cnet\/wp-json\/wp\/v2\/categories?post=56210"},{"taxonomy":"post_tag","embeddable":true,"href":"https:\/\/catolicanet.net\/wp-cnet\/wp-json\/wp\/v2\/tags?post=56210"}],"curies":[{"name":"wp","href":"https:\/\/api.w.org\/{rel}","templated":true}]}}