{"id":56177,"date":"2020-01-15T14:52:21","date_gmt":"2020-01-15T17:52:21","guid":{"rendered":"https:\/\/catolicanet.net\/wp-cnet\/?p=56177"},"modified":"2020-01-15T14:52:21","modified_gmt":"2020-01-15T17:52:21","slug":"rio-encontros-2020","status":"publish","type":"post","link":"https:\/\/catolicanet.net\/wp-cnet\/rio-encontros-2020\/","title":{"rendered":"Rio Encontros 2020"},"content":{"rendered":"<p style=\"text-align: justify;\">Ao longo da hist\u00f3ria da humanidade, a dor faz parte da vida em sociedade. Momentos de tristeza, situa\u00e7\u00f5es de conflito, trag\u00e9dias e acidentes fazem com que homens e mulheres tenham que enfrentar um sofrimento muitas vezes inexplic\u00e1vel.<\/p>\n<p style=\"text-align: justify;\">Diante da dor \u00e9 poss\u00edvel que muitos se questionem procurando o motivo para tanto sofrimento. Ou ent\u00e3o, para saber o porqu\u00ea dessa situa\u00e7\u00e3o desconfort\u00e1vel e at\u00e9 mesmo desesperadora e se tudo isso n\u00e3o poderia ser evitado.<\/p>\n<p style=\"text-align: justify;\">A pr\u00f3xima edi\u00e7\u00e3o do Rio Encontros vai trazer justamente a discuss\u00e3o sobre esse assunto. Com o tema \u201cH\u00e1 algu\u00e9m que escute o meu grito? O enigma do sofrimento\u201d o congresso vai reunir especialistas, apresentar exposi\u00e7\u00f5es e depoimentos durante os dias 25 e 26 de janeiro de 2020 em Campo Grande, na Zona Oeste do Rio de Janeiro.<\/p>\n<p style=\"text-align: justify;\">A programa\u00e7\u00e3o come\u00e7a \u00e0s 10 horas da manh\u00e3 com a abertura oficial do evento e logo na sequ\u00eancia a primeira mesa redonda vai contar com a presen\u00e7a de Francisco Burroni, estudante universit\u00e1rio da Argentina, Laura Cardia, m\u00e9dica neurologista e especialista em cuidados paliativos e a psic\u00f3loga Mayla Cosmo, pesquisadora sobre as tem\u00e1ticas da morte, o morrer e o luto no contexto da sa\u00fade hospitalar.<\/p>\n<p><img loading=\"lazy\" decoding=\"async\" class=\"wp-image-56179 aligncenter\" src=\"https:\/\/catolicanet.net\/wp-cnet\/wp-content\/uploads\/As-Mostras.jpg\" alt=\"\" width=\"644\" height=\"427\" srcset=\"https:\/\/catolicanet.net\/wp-cnet\/wp-content\/uploads\/As-Mostras.jpg 890w, https:\/\/catolicanet.net\/wp-cnet\/wp-content\/uploads\/As-Mostras-300x199.jpg 300w, https:\/\/catolicanet.net\/wp-cnet\/wp-content\/uploads\/As-Mostras-768x510.jpg 768w, https:\/\/catolicanet.net\/wp-cnet\/wp-content\/uploads\/As-Mostras-600x398.jpg 600w, https:\/\/catolicanet.net\/wp-cnet\/wp-content\/uploads\/As-Mostras-696x462.jpg 696w, https:\/\/catolicanet.net\/wp-cnet\/wp-content\/uploads\/As-Mostras-632x420.jpg 632w\" sizes=\"auto, (max-width: 644px) 100vw, 644px\" \/><\/p>\n<p style=\"text-align: justify;\">Na parte da tarde, a mesa redonda \u201cUma companhia para quem sofre\u201d vai reunir ofundador da Casa do Menor S\u00e3o Miguel Arcanjo, Padre Renato Chiera, e a delegada e diretora do departamento de enfrentamento da Viol\u00eancia contra a Mulher da Secretaria Nacional de Pol\u00edticas para Mulheres do Minist\u00e9rio da Mulher, da Fam\u00edlia e dos Direitos Humanos e Cofundadora do Instituto Umanizzare, Geraldine Grace da Fonseca da Justa, com media\u00e7\u00e3o da jornalista Patr\u00edcia Molina.<\/p>\n<p style=\"text-align: justify;\">Na noite de s\u00e1bado, haver\u00e1 um concerto com o Pianista Marcelo Cesena.\u00a0Eleito em 2009 e 2013 o melhor m\u00fasico brasileiro radicado nos Estados Unidos pelo &#8220;Brazilian International Press Award&#8221;.\u00a0Comp\u00f4s trilhas sonoras de diversos filmes independentes e acumula mais de 350 concertos nos \u00faltimos quatro anos.\u00a0Em 2013, tocou na visita do papa Francisco ao Rio de Janeiro, por ocasi\u00e3o da Jornada Mundial da Juventude.<\/p>\n<p style=\"text-align: justify;\">No domingo, o bispo de Parintins (AM), D. Giuliano Frigeni, apresenta o S\u00ednodo da Amaz\u00f4nia. Na parte da tarde, a discuss\u00e3o ser\u00e1 sobre o sofrimento a partir do livro de J\u00f3. A mesa redonda \u201cH\u00e1 algu\u00e9m que escute o meu grito? O enigma do sofrimento\u201d vai contar com a pesquisadora Diane Kuperman, ativista do di\u00e1logo inter-religioso, com o fil\u00f3sofo Constantino Esposito e media\u00e7\u00e3o da jornalista Elizabeth Sucupira.<\/p>\n<p style=\"text-align: justify;\">O evento ter\u00e1 tamb\u00e9m um Sarau marcado para come\u00e7ar \u00e0s 19:00. Toda a prepara\u00e7\u00e3o do evento \u00e9 feita por pessoas que gratuitamente se dedicam durante meses para construir cada momento do Rio Encontros para que todos possam participar. A Entrada \u00e9 gratuita.<\/p>\n<p style=\"text-align: justify;\">O Rio Encontros 2020 \u00e9 uma iniciativa do Centro Cultural Fato e Presen\u00e7a e ser\u00e1 realizado nos dias 25 e\u00a0<u>26 de janeiro<\/u>, no Teatro Artur Azevedo, situado na\u00a0<u>Rua V\u00edtor Alves, 454, Campo Grande, Rio de Janeiro.\u00a0<\/u>O bairro fica a 60 km do centro da cidade. Outras informa\u00e7\u00f5es pelo site\u00a0<a href=\"http:\/\/www.rioencontros.org.br\/\">www.rioencontros.org.br<\/a>\u00a0ou pelo Instagram @rioencontrosoficial<\/p>\n","protected":false},"excerpt":{"rendered":"<p>Ao longo da hist\u00f3ria da humanidade, a dor faz parte da vida em sociedade. Momentos de tristeza, situa\u00e7\u00f5es de conflito, trag\u00e9dias e acidentes fazem com que homens e mulheres tenham que enfrentar um sofrimento muitas vezes inexplic\u00e1vel. Diante da dor \u00e9 poss\u00edvel que muitos se questionem procurando o motivo para tanto sofrimento. Ou ent\u00e3o, para [&hellip;]<\/p>\n","protected":false},"author":1,"featured_media":56178,"comment_status":"open","ping_status":"closed","sticky":false,"template":"","format":"standard","meta":{"footnotes":""},"categories":[4],"tags":[],"class_list":["post-56177","post","type-post","status-publish","format-standard","has-post-thumbnail","hentry","category-cotidiano"],"_links":{"self":[{"href":"https:\/\/catolicanet.net\/wp-cnet\/wp-json\/wp\/v2\/posts\/56177","targetHints":{"allow":["GET"]}}],"collection":[{"href":"https:\/\/catolicanet.net\/wp-cnet\/wp-json\/wp\/v2\/posts"}],"about":[{"href":"https:\/\/catolicanet.net\/wp-cnet\/wp-json\/wp\/v2\/types\/post"}],"author":[{"embeddable":true,"href":"https:\/\/catolicanet.net\/wp-cnet\/wp-json\/wp\/v2\/users\/1"}],"replies":[{"embeddable":true,"href":"https:\/\/catolicanet.net\/wp-cnet\/wp-json\/wp\/v2\/comments?post=56177"}],"version-history":[{"count":1,"href":"https:\/\/catolicanet.net\/wp-cnet\/wp-json\/wp\/v2\/posts\/56177\/revisions"}],"predecessor-version":[{"id":56180,"href":"https:\/\/catolicanet.net\/wp-cnet\/wp-json\/wp\/v2\/posts\/56177\/revisions\/56180"}],"wp:featuredmedia":[{"embeddable":true,"href":"https:\/\/catolicanet.net\/wp-cnet\/wp-json\/wp\/v2\/media\/56178"}],"wp:attachment":[{"href":"https:\/\/catolicanet.net\/wp-cnet\/wp-json\/wp\/v2\/media?parent=56177"}],"wp:term":[{"taxonomy":"category","embeddable":true,"href":"https:\/\/catolicanet.net\/wp-cnet\/wp-json\/wp\/v2\/categories?post=56177"},{"taxonomy":"post_tag","embeddable":true,"href":"https:\/\/catolicanet.net\/wp-cnet\/wp-json\/wp\/v2\/tags?post=56177"}],"curies":[{"name":"wp","href":"https:\/\/api.w.org\/{rel}","templated":true}]}}