{"id":56139,"date":"2020-01-13T15:45:34","date_gmt":"2020-01-13T18:45:34","guid":{"rendered":"https:\/\/catolicanet.net\/wp-cnet\/?p=56139"},"modified":"2020-01-13T15:45:34","modified_gmt":"2020-01-13T18:45:34","slug":"como-conseguir-fazer-a-sua-oracao-matinal-quando-se-levantou-com-o-pe-esquerdo","status":"publish","type":"post","link":"https:\/\/catolicanet.net\/wp-cnet\/como-conseguir-fazer-a-sua-oracao-matinal-quando-se-levantou-com-o-pe-esquerdo\/","title":{"rendered":"Como conseguir fazer a sua ora\u00e7\u00e3o matinal quando se levantou com o p\u00e9 esquerdo?"},"content":{"rendered":"<h2 class=\"subtitle\" style=\"text-align: justify;\">Pela manh\u00e3, por falta de tempo, voc\u00ea n\u00e3o conseguiu rezar e teve a impress\u00e3o de ter pulado um passo espiritual importante do seu dia? Aqui est\u00e3o algumas dicas que te ajudar\u00e3o com a ora\u00e7\u00e3o da manh\u00e3<\/h2>\n<div class=\"base-post-content\">Voc\u00ea acorda fazendo o Sinal da Cruz. E depois? Um conselho \u00fatil: nesses momentos curtos e pouco tranquilos o melhor \u00e9 recorrer \u00e0s ora\u00e7\u00f5es prontas, aquelas que j\u00e1 tem uma ordem a seguir. A repeti\u00e7\u00e3o das palavras e frases que se seguem naturalmente nos ajudam a encontrar com seguran\u00e7a a verdadeira liberdade interior.<strong>\u00a0<\/strong><\/div>\n<div class=\"base-post-content\">\n<p style=\"text-align: justify;\">Quando, pela manh\u00e3, voc\u00ea est\u00e1 apressado, um pensamento ou uma palavra podem o encher de alegria: \u201cDeus me ama!\u201d, ou de tristeza: \u201cJesus foi crucificado por mim\u201d. Uma pequena senten\u00e7a pode mudar tudo, o seu cora\u00e7\u00e3o desperta e se inflama de amor ao ouvir: \u201cCristo me chama a o seguir\u201d. Pode acontecer tamb\u00e9m de voc\u00ea estar muito cansado, mais parecido com a bela adormecida do que com o homem consciente e livre que foi criado para ser.<\/p>\n<p style=\"text-align: justify;\">Portanto, decidir-se pela ora\u00e7\u00e3o, defender o amor com a alma obstinada; esta j\u00e1 \u00e9 uma verdadeira ora\u00e7\u00e3o. Esteja ciente tamb\u00e9m que a ora\u00e7\u00e3o dos l\u00e1bios seguramente leva \u00e0 ora\u00e7\u00e3o mais interior. O que verdadeiramente importa \u00e9 que que possamos louvar a Deus e o render gra\u00e7as! De joelhos ou levantado, voltado para o seu crucifixo ou \u00edcone, para a igreja ou para o nascer do sol, subindo as escadas do metr\u00f4 ou esperando o \u00f4nibus\u2026 reze!<\/p>\n<p style=\"text-align: justify;\"><strong>Cinco ora\u00e7\u00f5es simples para come\u00e7ar o dia<\/strong><\/p>\n<p style=\"text-align: justify;\">Reze um Pai Nosso, a ora\u00e7\u00e3o que o senhor nos ensinou; uma Ave Maria, para rezar junto com a virgem; o Credo, para renovar a sua f\u00e9 cat\u00f3lica. Voc\u00ea pode rezar tamb\u00e9m um \u201cGl\u00f3ria ao Pai, ao Filho e ao Santo Esp\u00edrito\u201d, \u201cGl\u00f3ria a Deus nas alturas\u201d ou o Gl\u00f3ria da missa \u2013 porque esta \u00e9 mesmo uma ora\u00e7\u00e3o da manh\u00e3. Saiba de cor. Ouse tentar, n\u00e3o \u00e9 t\u00e3o dif\u00edcil!<\/p>\n<p style=\"text-align: justify;\">E depois, num piscar de olhos, voc\u00ea estar\u00e1 pronto para apresentar a Deus esse novo dia que come\u00e7a, um novo dia que Ele te presenteia. Em louvor, ofere\u00e7a antes de tudo os sofrimentos e as tristezas que marcar\u00e3o este dia, os encontros habituais ou aqueles mais importantes, qualquer evento que voc\u00ea queira ser fiel \u00e0 Deus. Enfim, por que n\u00e3o aprender de cor uma frase do Evangelho, do Novo ou do Antigo Testamento que te marcaram na liturgia da missa do domingo anterior?<\/p>\n<\/div>\n","protected":false},"excerpt":{"rendered":"<p>Pela manh\u00e3, por falta de tempo, voc\u00ea n\u00e3o conseguiu rezar e teve a impress\u00e3o de ter pulado um passo espiritual importante do seu dia? Aqui est\u00e3o algumas dicas que te ajudar\u00e3o com a ora\u00e7\u00e3o da manh\u00e3 Voc\u00ea acorda fazendo o Sinal da Cruz. E depois? Um conselho \u00fatil: nesses momentos curtos e pouco tranquilos o [&hellip;]<\/p>\n","protected":false},"author":1,"featured_media":56140,"comment_status":"open","ping_status":"closed","sticky":false,"template":"","format":"standard","meta":{"footnotes":""},"categories":[4,13],"tags":[],"class_list":["post-56139","post","type-post","status-publish","format-standard","has-post-thumbnail","hentry","category-cotidiano","category-featured"],"_links":{"self":[{"href":"https:\/\/catolicanet.net\/wp-cnet\/wp-json\/wp\/v2\/posts\/56139","targetHints":{"allow":["GET"]}}],"collection":[{"href":"https:\/\/catolicanet.net\/wp-cnet\/wp-json\/wp\/v2\/posts"}],"about":[{"href":"https:\/\/catolicanet.net\/wp-cnet\/wp-json\/wp\/v2\/types\/post"}],"author":[{"embeddable":true,"href":"https:\/\/catolicanet.net\/wp-cnet\/wp-json\/wp\/v2\/users\/1"}],"replies":[{"embeddable":true,"href":"https:\/\/catolicanet.net\/wp-cnet\/wp-json\/wp\/v2\/comments?post=56139"}],"version-history":[{"count":1,"href":"https:\/\/catolicanet.net\/wp-cnet\/wp-json\/wp\/v2\/posts\/56139\/revisions"}],"predecessor-version":[{"id":56141,"href":"https:\/\/catolicanet.net\/wp-cnet\/wp-json\/wp\/v2\/posts\/56139\/revisions\/56141"}],"wp:featuredmedia":[{"embeddable":true,"href":"https:\/\/catolicanet.net\/wp-cnet\/wp-json\/wp\/v2\/media\/56140"}],"wp:attachment":[{"href":"https:\/\/catolicanet.net\/wp-cnet\/wp-json\/wp\/v2\/media?parent=56139"}],"wp:term":[{"taxonomy":"category","embeddable":true,"href":"https:\/\/catolicanet.net\/wp-cnet\/wp-json\/wp\/v2\/categories?post=56139"},{"taxonomy":"post_tag","embeddable":true,"href":"https:\/\/catolicanet.net\/wp-cnet\/wp-json\/wp\/v2\/tags?post=56139"}],"curies":[{"name":"wp","href":"https:\/\/api.w.org\/{rel}","templated":true}]}}